{"id":1956,"date":"2013-10-04T10:54:29","date_gmt":"2013-10-04T10:54:29","guid":{"rendered":"http:\/\/blog.causeur.fr\/asiledeblog\/?p=1956"},"modified":"2021-04-26T12:57:19","modified_gmt":"2021-04-26T10:57:19","slug":"machisme-antifasciste","status":"publish","type":"post","link":"https:\/\/blog.causeur.fr\/asiledeblog\/machisme-antifasciste-1956","title":{"rendered":"Machisme antifasciste"},"content":{"rendered":"<p><strong>On n\u2019apprend strictement rien dans ce doc <em>antifa<\/em> \u2013 qui esquisse n\u00e9anmoins une approche originale\u00a0: <em>l\u2019extr\u00eame droite c\u2019\u00e9tait mieux avant<\/em>, du temps des hommes, des vrais\u2026<\/strong><\/p>\n<p><em><a href=\"http:\/\/blog.causeur.fr\/asiledeblog\/machisme-antifasciste,001956\/le-populisme-au-feminin_43816792_1\" rel=\"attachment wp-att-1957\"><img loading=\"lazy\" decoding=\"async\" class=\"alignleft size-medium wp-image-1957\" src=\"http:\/\/blog.causeur.fr\/asiledeblog\/files\/2013\/10\/le-populisme-au-feminin_43816792_1-300x231.jpg\" alt=\"\" width=\"300\" height=\"231\" srcset=\"https:\/\/blog.causeur.fr\/asiledeblog\/wp-content\/uploads\/sites\/10\/2013\/10\/le-populisme-au-feminin_43816792_1-300x231.jpg 300w, https:\/\/blog.causeur.fr\/asiledeblog\/wp-content\/uploads\/sites\/10\/2013\/10\/le-populisme-au-feminin_43816792_1.jpg 352w\" sizes=\"auto, (max-width: 300px) 100vw, 300px\" \/><\/a>Le populisme au f\u00e9minin\u00a0<\/em>: tel \u00e9tait le titre du reportage diffus\u00e9 l\u2019autre mardi par LCP. Un tour d\u2019Europe des Marine Le Pen de la Communaut\u00e9, juste pour montrer qu\u2019elle \u00ab\u00a0<em>n\u2019a pas le monopole des id\u00e9es naus\u00e9abondes joliment envelopp\u00e9es<\/em>\u00a0\u00bb, comme dit mon <em>T\u00e9l\u00e9rama,<\/em> qui a beaucoup aim\u00e9.<br \/>\n<!--more--><br \/>\nL\u2019\u00e9quipe est \u00e0 la hauteur du projet\u00a0: trois reporters d\u00e9butants, mais d\u00e9j\u00e0 <em>concern\u00e9s<\/em>. Ils ont vot\u00e9 pour la premi\u00e8re fois l\u2019an dernier, mais leur engagement ne date pas d\u2019hier\u00a0! En 2002 d\u00e9j\u00e0, \u00e2g\u00e9s d\u2019\u00e0 peine dix ans, ils se souviennent d\u2019avoir particip\u00e9 activement (avec leurs parents) \u00e0 la <em>Quinzaine de la Haine<\/em> contre Jean-Marie Le Pen \u2013 c\u2019est \u00e0 dire contre une erreur de vote des Fran\u00e7ais.<\/p>\n<p>Aujourd\u2019hui, c\u2019est encore pire. Succ\u00e9dant \u00e0 son p\u00e8re, Marine Le Pen est cr\u00e9dit\u00e9e de 37% d\u2019opinions favorables. D\u2019o\u00f9 la \u00ab\u00a0probl\u00e9matique\u00a0\u00bb de l\u2019enqu\u00eate\u00a0: \u00ab\u00a0<em>Une femme peut-elle plus facilement faire passer des id\u00e9es d\u2019extr\u00eame droite\u00a0?<\/em>\u00a0\u00bb<\/p>\n<p>L\u2019affaire, \u00e0 en croire nos apprentis-journalistes, se r\u00e9sume \u00e0 deux questions-cl\u00e9s. La premi\u00e8re est ubuesque\u00a0: \u00ab\u00a0<em>En quoi les femmes sont-elles diff\u00e9rentes des hommes\u00a0?<\/em>\u00a0\u00bb. Elle n\u2019est sauv\u00e9e du ridicule, de justesse, que par la vogue de la \u00ab\u00a0th\u00e9orie du genre\u00a0\u00bb\u2026<\/p>\n<p>Heureusement, la deuxi\u00e8me question est plus s\u00e9rieuse\u00a0: \u00ab\u00a0<em>Pourquoi ces dames-l\u00e0 <\/em>\u00a0(m\u00eame blondes\u00a0!) <em>acceptent-t-elles de repr\u00e9senter des partis sexistes et misogynes\u00a0?<\/em>\u00a0\u00bb Et d\u2019ailleurs, comment ces beaufs supportent-ils d\u2019\u00eatre dirig\u00e9s par des bonnes femmes?<\/p>\n<p>Pour r\u00e9soudre ce d\u00e9licat paradoxe, il faut au moins l\u2019\u00a0\u00ab\u00a0expertise\u00a0\u00bb d\u2019une Caroline Fourest, f\u00e9ministe, journaliste et \u00ab\u00a0\u00e9crivaine\u00a0\u00bb. Chez <em>ces gens-l\u00e0<\/em>, explique-t-elle, le machisme le plus born\u00e9 est toujours de mise\u00a0: \u00ab\u00a0<em>La conversion r\u00e9cente aux droits des femmes ne vaut que face \u00e0 l\u2019islam.<\/em>\u00a0\u00bb<em><\/em><\/p>\n<p>Avec tout \u00e7a, \u00e0 la fin du reportage, on retrouve nos trois reporters effondr\u00e9s sur un banc. Visiblement, ils sont inquiets pour nos libert\u00e9s.<\/p>\n<p>Tour \u00e0 tour, crescendo, ils nous font part de leur angoisse. D\u2019une voix blanche, la jeune fille de la bande r\u00e9sume le drame d\u2019un seul nom\u00a0: Marion Mar\u00e9chal-Le Pen\u00a0! \u00ab\u00a0<em>Cette jeune fille, qui n\u2019a qu\u2019un an de plus que nous, est d\u00e9j\u00e0 \u00e9lue du FN et benjamine de l\u2019Assembl\u00e9e nationale<\/em>\u00a0\u00bb, nous apprend-elle, non pas jalouse mais constern\u00e9e.<\/p>\n<p>\u00ab\u00a0<em>Face \u00e0 ce nouveau d\u00e9fi, que faire\u00a0?<\/em>\u00a0\u00bb encha\u00eene son coll\u00e8gue barbu, qui r\u00e9cite plut\u00f4t bien\u00a0: \u00ab\u00a0<em>Redoubler de vigilance, face \u00e0 une extr\u00eame droite dont le visage et le discours s\u2019\u00e9loignent de plus en plus de ce qu\u2019on a pu conna\u00eetre dans le pass\u00e9<\/em>\u00a0\u00bb (sic).<\/p>\n<p>Mais le temps presse, insiste le troisi\u00e8me\u00a0: \u00ab\u00a0<em>Quand nos petites s\u0153urs et nos petits fr\u00e8res seront en \u00e2ge de voter, pourront-ils encore identifier les id\u00e9es d\u2019extr\u00eame droite, banalis\u00e9es au point d\u2019\u00eatre totalement accept\u00e9es\u00a0?<\/em>\u00a0\u00bb<\/p>\n<p>C\u2019est vrai, \u00e7a\u00a0: si demain leurs petits fr\u00e8res se transforment en gros fascistes, racistes et x\u00e9nophobes sans m\u00eame s\u2019en rendre compte, qu\u2019est-ce qu\u2019on fait\u00a0?? Dans ce cas, je ne vois qu\u2019une solution pour sauver la d\u00e9mocratie\u00a0: supprimer les \u00e9lections.<\/p>\n<p><em>Article publi\u00e9 dans Valeurs actuelles, le jeudi 3 octobre 2013<\/em><\/p>\n","protected":false},"excerpt":{"rendered":"<p>On n\u2019apprend strictement rien dans ce doc antifa \u2013 qui esquisse n\u00e9anmoins une approche originale\u00a0: l\u2019extr\u00eame droite c\u2019\u00e9tait mieux avant, du temps des hommes, des vrais\u2026 Le populisme au f\u00e9minin\u00a0: tel \u00e9tait le titre du reportage diffus\u00e9 l\u2019autre mardi par LCP. Un tour d\u2019Europe des Marine Le Pen de la Communaut\u00e9, juste pour montrer qu\u2019elle [&hellip;]<\/p>\n","protected":false},"author":9,"featured_media":0,"comment_status":"open","ping_status":"open","sticky":false,"template":"","format":"standard","meta":{"footnotes":""},"categories":[1],"tags":[486,141],"class_list":{"0":"post-1956","1":"post","2":"type-post","3":"status-publish","4":"format-standard","6":"category-non-classe","7":"tag-caroline-fourest","8":"tag-marine-le-pen"},"_links":{"self":[{"href":"https:\/\/blog.causeur.fr\/asiledeblog\/wp-json\/wp\/v2\/posts\/1956","targetHints":{"allow":["GET"]}}],"collection":[{"href":"https:\/\/blog.causeur.fr\/asiledeblog\/wp-json\/wp\/v2\/posts"}],"about":[{"href":"https:\/\/blog.causeur.fr\/asiledeblog\/wp-json\/wp\/v2\/types\/post"}],"author":[{"embeddable":true,"href":"https:\/\/blog.causeur.fr\/asiledeblog\/wp-json\/wp\/v2\/users\/9"}],"replies":[{"embeddable":true,"href":"https:\/\/blog.causeur.fr\/asiledeblog\/wp-json\/wp\/v2\/comments?post=1956"}],"version-history":[{"count":0,"href":"https:\/\/blog.causeur.fr\/asiledeblog\/wp-json\/wp\/v2\/posts\/1956\/revisions"}],"wp:attachment":[{"href":"https:\/\/blog.causeur.fr\/asiledeblog\/wp-json\/wp\/v2\/media?parent=1956"}],"wp:term":[{"taxonomy":"category","embeddable":true,"href":"https:\/\/blog.causeur.fr\/asiledeblog\/wp-json\/wp\/v2\/categories?post=1956"},{"taxonomy":"post_tag","embeddable":true,"href":"https:\/\/blog.causeur.fr\/asiledeblog\/wp-json\/wp\/v2\/tags?post=1956"}],"curies":[{"name":"wp","href":"https:\/\/api.w.org\/{rel}","templated":true}]}}