{"id":1959,"date":"2013-10-11T08:36:57","date_gmt":"2013-10-11T08:36:57","guid":{"rendered":"http:\/\/blog.causeur.fr\/asiledeblog\/?p=1959"},"modified":"2021-04-26T12:57:19","modified_gmt":"2021-04-26T10:57:19","slug":"c-entre-eux","status":"publish","type":"post","link":"https:\/\/blog.causeur.fr\/asiledeblog\/c-entre-eux-1959","title":{"rendered":"C entre eux"},"content":{"rendered":"<p><strong><em>C dans l\u2019air, <\/em>ou l\u2019actu comment\u00e9e par une aimable caste d\u2019expertologues endogames.\u2026<\/strong><\/p>\n<p><a href=\"http:\/\/blog.causeur.fr\/asiledeblog\/c-entre-eux,001959\/hqdefault\" rel=\"attachment wp-att-1960\"><img loading=\"lazy\" decoding=\"async\" class=\"alignleft size-medium wp-image-1960\" src=\"http:\/\/blog.causeur.fr\/asiledeblog\/files\/2013\/10\/hqdefault-300x225.jpg\" alt=\"\" width=\"300\" height=\"225\" srcset=\"https:\/\/blog.causeur.fr\/asiledeblog\/wp-content\/uploads\/sites\/10\/2013\/10\/hqdefault-300x225.jpg 300w, https:\/\/blog.causeur.fr\/asiledeblog\/wp-content\/uploads\/sites\/10\/2013\/10\/hqdefault.jpg 480w\" sizes=\"auto, (max-width: 300px) 100vw, 300px\" \/><\/a>L\u2019actu \u00e9tait chaude, mercredi en huit. \u00c0 la une, le \u00ab\u00a0coup de col\u00e8re\u00a0\u00bb de Fran\u00e7ois Hollande en plein Conseil des ministres, rappelant ceux-ci au r\u00e8glement \u00ab\u00a0<em>pour la derni\u00e8re fois<\/em>\u00a0\u00bb.<\/p>\n<p>Le soir m\u00eame, l\u2019affaire faisait d\u2019objet d\u2019un num\u00e9ro de <em>C dans l\u2019air<\/em>, la quotidienne d\u2019 Yves Calvi sur France 5. Pour autopsier l\u2019affaire \u00e0 chaud, notre h\u00f4te avait convi\u00e9 quatre hommes de l\u2019art, dont une femme\u00a0: trois journalistes politiques et un sondologue. Tous d\u2019accord bien s\u00fbr \u2013 et moi donc\u00a0! \u2013 pour ironiser sur ce \u00ab\u00a0<em>dernier avertissement<\/em>\u00a0\u00bb dont on n\u2019\u00e9tait s\u00fbr que d\u2019une chose\u00a0: ce n\u2019\u00e9tait pas le premier\u00a0!<br \/>\n<!--more--><br \/>\nA vrai dire, on a m\u00eame l\u2019impression que le pr\u00e9sident n\u2019a fait que \u00e7a, depuis les recadrages \u00e0 r\u00e9p\u00e9tition du vibrion Montebourg jusqu\u2019au licenciement sec de l\u2019impudente Mme Batho. Pas de chance\u00a0: moins de trois mois plus tard, \u00e7a recommence en pire\u00a0! Cette fois, une ministre en exclut un autre du \u00ab\u00a0<em>Pacte r\u00e9publicain<\/em>\u00a0\u00bb, rien que \u00e7a\u00a0\u2026<\/p>\n<p>C\u2019est vrai que c\u2019est amusant, ces foudres \u00e9lys\u00e9ennes \u00e0 r\u00e9p\u00e9tition\u00a0; mais force est de reconna\u00eetre que les analyses convergentes des <em>Experts Calvi <\/em>n\u2019y apportent gu\u00e8re de lumi\u00e8res nouvelles\u2026<\/p>\n<p>Cela dit, il a raison le camarade Weill\u00a0! L\u00e0, on ne joue plus dans la m\u00eame cour\u00a0: en attaquant Valls de front, Duflot a port\u00e9 le fer au c\u0153ur m\u00eame des contradictions de la gauche \u2013 alors que ce n\u2019est pas vraiment le moment.<\/p>\n<p>Pour justifier sa pr\u00e9sence au pouvoir, la gauche se doit d\u2019incarner toujours un certain id\u00e9al, n\u2019est-ce pas\u00a0? Mais pour s\u2019y maintenir (au pouvoir), il lui faut aussi composer avec les rudes r\u00e9alit\u00e9s. Tout le drame de l\u2019affaire Duflot-Valls-Ayrault-Hollande est l\u00e0\u00a0!<\/p>\n<p>Passionnant dilemme, sur lequel Calvi et son plateau de connoisseurs vont gloser agr\u00e9ablement une heure durant. Las\u00a0! Au lieu d\u2019ouvrir des pistes de r\u00e9flexion inaccessibles au commun des t\u00e9l\u00e9spectateurs, nos \u00ab\u00a0sp\u00e9cialistes\u00a0\u00bb se contentent de mimer des d\u00e9saccords aussit\u00f4t r\u00e9solus\u00a0!<\/p>\n<p>Le probl\u00e8me de ce gouvernement, d\u00e9crypte savamment Vanessa Schneider (<em>Le Monde<\/em>), c\u2019est qu\u2019 \u00ab\u00a0<em>il y a deux lignes\u00a0<\/em>\u00bb. Que nenni, r\u00e9plique le ma\u00eetre-sondeur J\u00e9r\u00f4me Sainte-Marie\u00a0: \u00ab\u00a0<em>Il n\u2019y en a pas\u00a0!<\/em>\u00a0\u00bb Tout le monde a raison, conclut Christophe Barbier (<em>L\u2019Express<\/em>)\u00a0: \u00ab\u00a0<em>Le hollandisme, c\u2019est tout et son contraire\u2026<\/em>\u00a0\u00bb Eh bien, voulez-vous que je vous dise\u00a0? M\u00eame \u00e7a, je m\u2019en doutais\u00a0!<\/p>\n<p>La voil\u00e0, la limite de l\u2019\u00e9mission de Calvi &#8211; par ailleurs journaliste honn\u00eate et pro. D\u00e8s l\u2019origine, son <em>C dans l\u2019air <\/em>a \u00e9t\u00e9 con\u00e7u comme \u00e7a, dans un douillet <em>entre-soi\u00a0;<\/em> et depuis huit ans qu\u2019il \u00ab\u00a0fait le job\u00a0\u00bb, le successeur d\u2019Alain Duhamel et d\u2019Arlette Chabot a fini par devenir un hybride des deux.<\/p>\n<p>A croire que la fonction cr\u00e9e l\u2019organe\u2026 Et pourtant, il y a le contre-exemple de Tadde\u00ef, cet organisme <em>alien<\/em> qui a cr\u00e9\u00e9 tout seul sa fonction d\u2019<em>intervieweur libre<\/em> et qui s\u2019y tient, apparemment insoucieux des attaques dont il fait l\u2019objet en cette qualit\u00e9.<\/p>\n<p>N\u2019emp\u00eache, c\u2019est son \u00e9mission quotidienne \u00e0 lui que le service public a jug\u00e9 utile de changer en hebdomadaire. Etonnant, non\u00a0?<\/p>\n<p><em>Publi\u00e9 dans Valeurs Actuelles, le 10 octobre 2013<\/em><\/p>\n","protected":false},"excerpt":{"rendered":"<p>C dans l\u2019air, ou l\u2019actu comment\u00e9e par une aimable caste d\u2019expertologues endogames.\u2026 L\u2019actu \u00e9tait chaude, mercredi en huit. \u00c0 la une, le \u00ab\u00a0coup de col\u00e8re\u00a0\u00bb de Fran\u00e7ois Hollande en plein Conseil des ministres, rappelant ceux-ci au r\u00e8glement \u00ab\u00a0pour la derni\u00e8re fois\u00a0\u00bb. Le soir m\u00eame, l\u2019affaire faisait d\u2019objet d\u2019un num\u00e9ro de C dans l\u2019air, la quotidienne [&hellip;]<\/p>\n","protected":false},"author":9,"featured_media":0,"comment_status":"open","ping_status":"open","sticky":false,"template":"","format":"standard","meta":{"footnotes":""},"categories":[1],"tags":[238,598,593,595,82,596,494],"class_list":{"0":"post-1959","1":"post","2":"type-post","3":"status-publish","4":"format-standard","6":"category-non-classe","7":"tag-alain-duhamel","8":"tag-arlette-chabot","9":"tag-cecile-duflot","10":"tag-christophe-barbier","11":"tag-francois-hollande","12":"tag-jerome-sainte-marie","13":"tag-yves-calvi"},"_links":{"self":[{"href":"https:\/\/blog.causeur.fr\/asiledeblog\/wp-json\/wp\/v2\/posts\/1959","targetHints":{"allow":["GET"]}}],"collection":[{"href":"https:\/\/blog.causeur.fr\/asiledeblog\/wp-json\/wp\/v2\/posts"}],"about":[{"href":"https:\/\/blog.causeur.fr\/asiledeblog\/wp-json\/wp\/v2\/types\/post"}],"author":[{"embeddable":true,"href":"https:\/\/blog.causeur.fr\/asiledeblog\/wp-json\/wp\/v2\/users\/9"}],"replies":[{"embeddable":true,"href":"https:\/\/blog.causeur.fr\/asiledeblog\/wp-json\/wp\/v2\/comments?post=1959"}],"version-history":[{"count":0,"href":"https:\/\/blog.causeur.fr\/asiledeblog\/wp-json\/wp\/v2\/posts\/1959\/revisions"}],"wp:attachment":[{"href":"https:\/\/blog.causeur.fr\/asiledeblog\/wp-json\/wp\/v2\/media?parent=1959"}],"wp:term":[{"taxonomy":"category","embeddable":true,"href":"https:\/\/blog.causeur.fr\/asiledeblog\/wp-json\/wp\/v2\/categories?post=1959"},{"taxonomy":"post_tag","embeddable":true,"href":"https:\/\/blog.causeur.fr\/asiledeblog\/wp-json\/wp\/v2\/tags?post=1959"}],"curies":[{"name":"wp","href":"https:\/\/api.w.org\/{rel}","templated":true}]}}