{"id":1966,"date":"2013-10-18T09:23:37","date_gmt":"2013-10-18T09:23:37","guid":{"rendered":"http:\/\/blog.causeur.fr\/asiledeblog\/?p=1966"},"modified":"2021-04-26T12:57:19","modified_gmt":"2021-04-26T10:57:19","slug":"sos-populisme","status":"publish","type":"post","link":"https:\/\/blog.causeur.fr\/asiledeblog\/sos-populisme-1966","title":{"rendered":"SOS populisme !"},"content":{"rendered":"<p><strong>Rapha\u00ebl Liogier a tout compris aux id\u00e9es populistes, sauf pourquoi elles sont aussi populaires\u2026<\/strong><\/p>\n<p><a href=\"http:\/\/blog.causeur.fr\/asiledeblog\/sos-populisme,001966\/attachment\/406714\" rel=\"attachment wp-att-1967\"><img loading=\"lazy\" decoding=\"async\" class=\"alignleft size-medium wp-image-1967\" src=\"http:\/\/blog.causeur.fr\/asiledeblog\/files\/2013\/10\/406714-300x168.jpg\" alt=\"\" width=\"300\" height=\"168\" srcset=\"https:\/\/blog.causeur.fr\/asiledeblog\/wp-content\/uploads\/sites\/10\/2013\/10\/406714-300x168.jpg 300w, https:\/\/blog.causeur.fr\/asiledeblog\/wp-content\/uploads\/sites\/10\/2013\/10\/406714.jpg 1024w\" sizes=\"auto, (max-width: 300px) 100vw, 300px\" \/><\/a>\u00ab\u00a0<em>Populisme\u00a0: la d\u00e9mocratie menac\u00e9e\u00a0?\u00a0<\/em>\u00bb Sur ce th\u00e8me, furieusement tendance, \u00c9ric Naulleau avait annonc\u00e9 un match serr\u00e9 entre son comp\u00e8re Zemmour et Rapha\u00ebl Liogier, auteur d\u2019un livre au titre mena\u00e7ant comme l\u2019orage annonc\u00e9\u00a0: <em>Ce populisme qui vient. <\/em>Brrr\u2026<br \/>\n<!--more--><br \/>\nPour notre sociologue, est populiste tout politicien qui pr\u00e9tend \u00ab\u00a0<em>parler au nom de la fiction du \u00ab\u00a0<\/em>peuple tout entier\u00a0\u00bb. Quelle que soit l\u2019\u00e9poque, le but est toujours le m\u00eame\u00a0: rassembler en une union contre-nature r\u00e9actionnaires et progressistes, sur des bases non pas \u00ab\u00a0<em>logiques<\/em>\u00a0\u00bb mais \u00ab\u00a0<em>\u00e9motionnelles<\/em>\u00a0\u00bb.<\/p>\n<p>Et c\u2019est grave,\u00a0Docteur ? Oui, parce que cette pr\u00e9tendue \u00ab\u00a0<em>d\u00e9fense de la culture\u00a0<\/em>\u00bb s\u2019organise en fait contre un bouc \u00e9missaire bic\u00e9phale\u00a0: l\u2019islam. L\u2019image du musulman &#8211; sans m\u00eame parler du terroriste &#8211; c\u2019est tour \u00e0 tour le\u00a0sarrazin, ennemi multis\u00e9culaire de l\u2019Europe chr\u00e9tienne (pour faire peur aux r\u00e9acs) et le barbu misogyne, obscurantiste et m\u00eame pas la\u00efc, bien propre \u00e0 effaroucher les progressistes.<\/p>\n<p>Mais surtout, derri\u00e8re tout \u00e7a, la cible du complot c\u2019est la \u00ab\u00a0<em>d\u00e9mocratie repr\u00e9sentative\u00a0<\/em>\u00bb en personne\u00a0! Quant \u00e0 la principale b\u00e9n\u00e9ficiaire, donc suspecte, c\u2019est \u00e9videmment Marine Le Pen\u00a0: \u00ab\u00a0<em>Is fecit cui prodest <\/em>\u00bb, n\u2019est-ce pas\u00a0?<\/p>\n<p>Conform\u00e9ment \u00e0 une autre id\u00e9e \u00ab\u00a0tendance\u00a0\u00bb, notre sociologue laisse entendre qu\u2019en fin de compte, chez les Le Pen c\u2019\u00e9tait mieux avant\u00a0! Papa, raconte avec nostalgie l\u2019ami Rapha\u00ebl, ce n\u2019\u00e9tait qu\u2019une grande gueule nationale-lib\u00e9rale, poujado-raciste, et h\u00e9doniste en plus, condamn\u00e9e \u00e8s-qualit\u00e9s \u00e0 faire le m\u00eame score au deuxi\u00e8me tour qu\u2019au premier\u2026<\/p>\n<p>Sa fille ratisse, h\u00e9las, plus large\u00a0! Son discours n\u2019a rien \u00e0 envier \u00e0 celui d\u2019un M\u00e9lenchon en fait de <em>socialisme<\/em>\u00a0; mais son petit plus, balance Liogier s\u00fbr de son effet, \u00ab\u00a0<em>c\u2019est d\u2019y accoler le terme de national-<\/em>\u00bb (avec son tiret).<\/p>\n<p>&#8211; \u00ab\u00a0<em>C\u2019est bien ce que je disais, on en revient toujours aux ann\u00e9es trente\u00a0!\u00a0<\/em>\u00bb, rebondit Zemmour pour mieux contre-attaquer. <em>\u00ab\u00a0Parler au nom du peuple\u00a0? <\/em>\u00a0<em>Mais tout homme politique devrait le faire\u00a0! C\u2019est son boulot\u00a0: il est charg\u00e9 de repr\u00e9senter le peuple fran\u00e7ais\u00a0\u00bb. <\/em>M\u00eame le parall\u00e8le populisme-gaullisme n\u2019effraie pas notre \u00c9ric, qui en a vu d\u2019autres depuis Napol\u00e9on\u00a0: \u00ab\u00a0<em>Ce que vous reprochez aux populistes, <\/em>ass\u00e8ne-t-il<em>, vos anc\u00eatres de gauche le reprochaient \u00e0 De Gaulle, qu\u2019ils traitaient de <\/em>fasciste<em>, de <\/em>Duce<em> , de tous les noms\u2026\u00a0<\/em>\u00bb<em> <\/em><\/p>\n<p>Mais le meilleur, Zemmour l\u2019a gard\u00e9 pour la fin\u00a0: une autopsie-\u00e9clair des th\u00e8ses de l\u2019adversaire, qui leur donne enfin un sens, et m\u00eame une dimension historique. Le Liogier traduit par Zemmour, soudain \u00e7a devient clair, et m\u00eame visionnaire\u00a0: \u00ab\u00a0<em>Cet accord entre \u00ab\u00a0<\/em>conservateurs\u00a0<em>\u00bb et <\/em>\u00ab\u00a0progressistes\u00a0<em>\u00bb, <\/em>explique t-il<em>, c\u2019est la r\u00e9ponse historique \u00e0 l\u2019alliance entre lib\u00e9raux et libertaires qui, depuis quarante ans, ont d\u00e9truit ensemble l\u2019\u00e9difice gaullien.\u00a0\u00bb <\/em>L\u2019alliance Giscard-Geismar, en quelque sorte.<\/p>\n<p>Est-ce vraiment le mod\u00e8le auquel Rapha\u00ebl aspire pour l\u2019avenir\u00a0? Et accessoirement, qu\u2019importe\u00a0? Moi en tout cas, face au danger \u00ab\u00a0<em>lili\u00a0\u00bb <\/em>(lib\u00e9ral-libertaire), je me range r\u00e9solument dans le camp des \u00ab\u00a0<em>progr\u00e9acs<\/em>\u00a0\u00bb, comme \u00c9ric.<\/p>\n<p><em>Publi\u00e9 dans Valeurs Actuelles, le jeudi 17 octobre 2013<\/em><\/p>\n","protected":false},"excerpt":{"rendered":"<p>Rapha\u00ebl Liogier a tout compris aux id\u00e9es populistes, sauf pourquoi elles sont aussi populaires\u2026 \u00ab\u00a0Populisme\u00a0: la d\u00e9mocratie menac\u00e9e\u00a0?\u00a0\u00bb Sur ce th\u00e8me, furieusement tendance, \u00c9ric Naulleau avait annonc\u00e9 un match serr\u00e9 entre son comp\u00e8re Zemmour et Rapha\u00ebl Liogier, auteur d\u2019un livre au titre mena\u00e7ant comme l\u2019orage annonc\u00e9\u00a0: Ce populisme qui vient. Brrr\u2026<\/p>\n","protected":false},"author":9,"featured_media":0,"comment_status":"open","ping_status":"open","sticky":false,"template":"","format":"standard","meta":{"footnotes":""},"categories":[1],"tags":[76,141],"class_list":{"0":"post-1966","1":"post","2":"type-post","3":"status-publish","4":"format-standard","6":"category-non-classe","7":"tag-eric-naulleau","8":"tag-marine-le-pen"},"_links":{"self":[{"href":"https:\/\/blog.causeur.fr\/asiledeblog\/wp-json\/wp\/v2\/posts\/1966","targetHints":{"allow":["GET"]}}],"collection":[{"href":"https:\/\/blog.causeur.fr\/asiledeblog\/wp-json\/wp\/v2\/posts"}],"about":[{"href":"https:\/\/blog.causeur.fr\/asiledeblog\/wp-json\/wp\/v2\/types\/post"}],"author":[{"embeddable":true,"href":"https:\/\/blog.causeur.fr\/asiledeblog\/wp-json\/wp\/v2\/users\/9"}],"replies":[{"embeddable":true,"href":"https:\/\/blog.causeur.fr\/asiledeblog\/wp-json\/wp\/v2\/comments?post=1966"}],"version-history":[{"count":0,"href":"https:\/\/blog.causeur.fr\/asiledeblog\/wp-json\/wp\/v2\/posts\/1966\/revisions"}],"wp:attachment":[{"href":"https:\/\/blog.causeur.fr\/asiledeblog\/wp-json\/wp\/v2\/media?parent=1966"}],"wp:term":[{"taxonomy":"category","embeddable":true,"href":"https:\/\/blog.causeur.fr\/asiledeblog\/wp-json\/wp\/v2\/categories?post=1966"},{"taxonomy":"post_tag","embeddable":true,"href":"https:\/\/blog.causeur.fr\/asiledeblog\/wp-json\/wp\/v2\/tags?post=1966"}],"curies":[{"name":"wp","href":"https:\/\/api.w.org\/{rel}","templated":true}]}}