{"id":1969,"date":"2013-10-25T13:09:23","date_gmt":"2013-10-25T13:09:23","guid":{"rendered":"http:\/\/blog.causeur.fr\/asiledeblog\/?p=1969"},"modified":"2021-04-26T12:57:19","modified_gmt":"2021-04-26T10:57:19","slug":"les-visiteurs-du-mercredi","status":"publish","type":"post","link":"https:\/\/blog.causeur.fr\/asiledeblog\/les-visiteurs-du-mercredi-1969","title":{"rendered":"Les visiteurs du mercredi"},"content":{"rendered":"<p><strong>Au Conseil des ministres, la r\u00e8gle d\u2019or est de ne pas discuter. C\u2019est sans doute pour \u00e7a que les membres de l\u2019\u00e9quipe Ayrault s\u2019insultent par m\u00e9dias interpos\u00e9s\u2026<\/strong><\/p>\n<p><a href=\"http:\/\/blog.causeur.fr\/asiledeblog\/les-visiteurs-du-mercredi,001969\/1703263_3_76cf_premier-conseil-des-ministres-du-gouvernement_f79230c9e3d03a3c72c1d2727d4eed18\" rel=\"attachment wp-att-1970\"><img loading=\"lazy\" decoding=\"async\" class=\"alignleft size-medium wp-image-1970\" src=\"http:\/\/blog.causeur.fr\/asiledeblog\/files\/2013\/10\/1703263_3_76cf_premier-conseil-des-ministres-du-gouvernement_f79230c9e3d03a3c72c1d2727d4eed18-300x150.jpg\" alt=\"\" width=\"300\" height=\"150\" srcset=\"https:\/\/blog.causeur.fr\/asiledeblog\/wp-content\/uploads\/sites\/10\/2013\/10\/1703263_3_76cf_premier-conseil-des-ministres-du-gouvernement_f79230c9e3d03a3c72c1d2727d4eed18-300x150.jpg 300w, https:\/\/blog.causeur.fr\/asiledeblog\/wp-content\/uploads\/sites\/10\/2013\/10\/1703263_3_76cf_premier-conseil-des-ministres-du-gouvernement_f79230c9e3d03a3c72c1d2727d4eed18.jpg 534w\" sizes=\"auto, (max-width: 300px) 100vw, 300px\" \/><\/a>Sous le titre un rien moqueur<em> Le fauteuil du Roi<\/em>, France 5 diffusait l\u2019autre dimanche le premier des trois volets de la s\u00e9rie <em>Dans le secret du Conseil des ministres<\/em>.<\/p>\n<p>D\u2019embl\u00e9e, nous embo\u00eetons le pas des ministres arrivant, les uns apr\u00e8s les autres, dans la cour de l&rsquo;\u00c9lys\u00e9e. L&rsquo;ambiance y est un peu stress\u00e9e, comme le raconte C\u00e9cile Duflot\u00a0avec ses mots \u00e0 elle\u00a0: \u00ab\u00a0<em>Il y a surtout une chose marrante, c&rsquo;est que ceux qui ont d\u00e9j\u00e0 \u00e9t\u00e9 ministres font un peu les habitu\u00e9s, quoi, voil\u00e0\u2026 Y&rsquo;a vraiment le c\u00f4t\u00e9 les 6\u00e8me et les 3<sup>\u00e8me<\/sup>, quoi, voil\u00e0\u2026\u00a0<\/em>\u00bb Mais sans doute est-ce pour mieux appuyer sa comparaison qu\u2019elle s\u2019exprime comme dans la cour d&rsquo;un coll\u00e8ge.<br \/>\n<!--more--><br \/>\nToujours comme \u00e0 l\u2019\u00e9cole, la ponctualit\u00e9 est de r\u00e8gle.- sauf que l\u00e0, on ne plaisante pas\u2026 Ainsi en 1995 le malheureux Jacques Toubon, arriv\u00e9 en retard, restera \u00e0 la porte pendant toute la r\u00e9union.<\/p>\n<p>Mais suivons plut\u00f4t les bons \u00e9l\u00e8ves dans le salon Murat, o\u00f9 se d\u00e9roule le Conseil. \u00c0 l&rsquo;aide de pions emprunt\u00e9s \u00e0 un jeu de l&rsquo;oie, le r\u00e9alisateur nous d\u00e9crit le plan de table, qui respecte un protocole des plus stricts\u00a0: les ministres les plus importants (Int\u00e9rieur, Justice, Affaires \u00c9trang\u00e8res, \u00c9conomie) si\u00e8gent aux c\u00f4t\u00e9s du pr\u00e9sident et du premier ministre, qui se font face.<\/p>\n<p>Taquins toujours, les auteurs observent que la gauche n&rsquo;a en rien r\u00e9volutionn\u00e9 l&rsquo;\u00e9tiquette en vigueur. Mais quoi d\u2019\u00e9tonnant si, d\u00e8s 1981, Fran\u00e7ois Mitterrand s\u2019est \u00a0si bien adapt\u00e9 \u00e0 la solennit\u00e9 quasi monarchique des institutions de la V\u00e8me\u00a0? \u00a0Apr\u00e8s tout, il en \u00e9tait un des meilleurs connaisseurs depuis sa monographie de r\u00e9f\u00e9rence, <em>Le coup d&rsquo;\u00c9tat permanent<\/em>.<\/p>\n<p>Apr\u00e8s les pr\u00e9liminaires d\u2019usage, la r\u00e9union se d\u00e9roule selon un rituel immuable. Sous la houlette du Pr\u00e9sident, l\u2019ordre du jour suit un plan en trois parties\u00a0: adoption des projets de loi et des d\u00e9crets\u00a0; nomination des hauts fonctionnaires et d\u00e9corations\u00a0; enfin, communications des ministres sur leurs actions et projets en cours. Mais pas question pour eux de s\u2019interpeller les uns les autres fa\u00e7on discussion de comptoir, voire congr\u00e8s du PS. \u00ab\u00a0<em>Un ministre, \u00e7a ferme sa gueule ou \u00e7a d\u00e9missionne\u00a0<\/em>\u00bb, comme disait Chev\u00e8nement apr\u00e8s une de ses d\u00e9missions.<\/p>\n<p>Sous Nicolas Sarkozy toutefois, l\u2019\u00e9tau s\u2019\u00e9tait un peu desserr\u00e9. Ainsi Fadela Amara osa-t-elle un jour le verlan pour inciter ses coll\u00e8gues \u00e0 \u00ab\u00a0<em>y aller \u00e0 donf\u00a0<\/em>\u00bb\u00a0; l\u2019un d\u2019entre eux lui demanda m\u00eame sans rire , para\u00eet-il, o\u00f9 se trouvait cette localit\u00e9.<\/p>\n<p>Plut\u00f4t guind\u00e9e en temps ordinaire, l&rsquo;ambiance devient carr\u00e9ment \u00a0lourde en p\u00e9riode de cohabitation, o\u00f9 \u00a0les Conseils sont syst\u00e9matiquement \u00e9court\u00e9s. Les premiers ministres concern\u00e9s \u00a0pr\u00e9f\u00e8rent alors r\u00e9unir \u00e0 Matignon un \u00ab\u00a0Conseil des Ministres bis\u00a0\u00bb.<\/p>\n<p>H\u00e9las pour lui, Ayrault n\u2019a pas cette ressource\u2026 Charg\u00e9 par le Pr\u00e9sident de g\u00e9rer au jour le jour la difficile cohabitation Valls \u2013 Taubira \u2013 Duflot \u2013 Montebourg (des ministres qu\u2019il n\u2019a m\u00eame pas choisis\u00a0!), il ne peut compter pour cela que sur son autorit\u00e9 personnelle. C\u2019est peu, apparemment.<\/p>\n<p><em>Article publi\u00e9 dans Valeurs Actuelles, le jeudi 24 octobre 2013<\/em><\/p>\n","protected":false},"excerpt":{"rendered":"<p>Au Conseil des ministres, la r\u00e8gle d\u2019or est de ne pas discuter. C\u2019est sans doute pour \u00e7a que les membres de l\u2019\u00e9quipe Ayrault s\u2019insultent par m\u00e9dias interpos\u00e9s\u2026 Sous le titre un rien moqueur Le fauteuil du Roi, France 5 diffusait l\u2019autre dimanche le premier des trois volets de la s\u00e9rie Dans le secret du Conseil [&hellip;]<\/p>\n","protected":false},"author":9,"featured_media":0,"comment_status":"open","ping_status":"open","sticky":false,"template":"","format":"standard","meta":{"footnotes":""},"categories":[1],"tags":[593,601,83,604,367],"class_list":{"0":"post-1969","1":"post","2":"type-post","3":"status-publish","4":"format-standard","6":"category-non-classe","7":"tag-cecile-duflot","8":"tag-chevenement","9":"tag-francois-mitterrand","10":"tag-le-fauteuil-du-roi","11":"tag-nicolas-sarkozy"},"_links":{"self":[{"href":"https:\/\/blog.causeur.fr\/asiledeblog\/wp-json\/wp\/v2\/posts\/1969","targetHints":{"allow":["GET"]}}],"collection":[{"href":"https:\/\/blog.causeur.fr\/asiledeblog\/wp-json\/wp\/v2\/posts"}],"about":[{"href":"https:\/\/blog.causeur.fr\/asiledeblog\/wp-json\/wp\/v2\/types\/post"}],"author":[{"embeddable":true,"href":"https:\/\/blog.causeur.fr\/asiledeblog\/wp-json\/wp\/v2\/users\/9"}],"replies":[{"embeddable":true,"href":"https:\/\/blog.causeur.fr\/asiledeblog\/wp-json\/wp\/v2\/comments?post=1969"}],"version-history":[{"count":0,"href":"https:\/\/blog.causeur.fr\/asiledeblog\/wp-json\/wp\/v2\/posts\/1969\/revisions"}],"wp:attachment":[{"href":"https:\/\/blog.causeur.fr\/asiledeblog\/wp-json\/wp\/v2\/media?parent=1969"}],"wp:term":[{"taxonomy":"category","embeddable":true,"href":"https:\/\/blog.causeur.fr\/asiledeblog\/wp-json\/wp\/v2\/categories?post=1969"},{"taxonomy":"post_tag","embeddable":true,"href":"https:\/\/blog.causeur.fr\/asiledeblog\/wp-json\/wp\/v2\/tags?post=1969"}],"curies":[{"name":"wp","href":"https:\/\/api.w.org\/{rel}","templated":true}]}}