{"id":1973,"date":"2013-11-04T09:22:51","date_gmt":"2013-11-04T09:22:51","guid":{"rendered":"http:\/\/blog.causeur.fr\/asiledeblog\/?p=1973"},"modified":"2021-04-26T12:57:18","modified_gmt":"2021-04-26T10:57:18","slug":"bons-et-mauvais-eleves","status":"publish","type":"post","link":"https:\/\/blog.causeur.fr\/asiledeblog\/bons-et-mauvais-eleves-1973","title":{"rendered":"Bons et mauvais \u00e9l\u00e8ves"},"content":{"rendered":"<p><strong>Etudiants d\u2019origine modeste qui rament \u00e0 la fac, gosses de riches qui friment dans les grandes \u00e9coles\u00a0: dans le documentaire de France 2, devinez qui sont les bons et les m\u00e9chants\u00a0?<\/strong><\/p>\n<p><a href=\"http:\/\/blog.causeur.fr\/asiledeblog\/bons-et-mauvais-eleves,001973\/generation-quoi\" rel=\"attachment wp-att-1974\"><img loading=\"lazy\" decoding=\"async\" class=\"alignleft size-medium wp-image-1974\" src=\"http:\/\/blog.causeur.fr\/asiledeblog\/files\/2013\/11\/W1siZiIsImltYWdlcy9wbHVyaW1lZGlhL0VNSS80NS9FTUlfNDU0MjM5LmpwZyJdLFsicCIsInRodW1iIiwiNzAweDM5NCJdXQ-300x168.jpg\" alt=\"\" width=\"300\" height=\"168\" srcset=\"https:\/\/blog.causeur.fr\/asiledeblog\/wp-content\/uploads\/sites\/10\/2013\/11\/W1siZiIsImltYWdlcy9wbHVyaW1lZGlhL0VNSS80NS9FTUlfNDU0MjM5LmpwZyJdLFsicCIsInRodW1iIiwiNzAweDM5NCJdXQ-300x168.jpg 300w, https:\/\/blog.causeur.fr\/asiledeblog\/wp-content\/uploads\/sites\/10\/2013\/11\/W1siZiIsImltYWdlcy9wbHVyaW1lZGlhL0VNSS80NS9FTUlfNDU0MjM5LmpwZyJdLFsicCIsInRodW1iIiwiNzAweDM5NCJdXQ.jpg 700w\" sizes=\"auto, (max-width: 300px) 100vw, 300px\" \/><\/a>Deux mardis de suite, France 2 a diffus\u00e9 une s\u00e9rie documentaire intitul\u00e9e <em>G\u00e9n\u00e9ration quoi\u00a0?<\/em> Bon titre pour un bon th\u00e8me, quoique pas tout \u00e0 fait neuf: le malaise de la jeunesse.<!--more--><\/p>\n<p>Le premier volet, consacr\u00e9 aux \u00e9tudiants, s\u2019ouvre sur le campus de Cergy. \u00ab\u00a0<em>Cette universit\u00e9 est socialement tr\u00e8s m\u00e9lang\u00e9e, et m\u00eame en droit, ce qui est rare\u00a0<\/em>\u00bb explique doctement le commentaire. On a beau parler des facs et \u00eatre en 2013, \u00e0 France 2 le syst\u00e8me des bons points n\u2019est pas mort.<\/p>\n<p>Justement, la cam\u00e9ra nous transporte dans un autre \u00e9tablissement de Cergy, un autre monde devrait-on dire : l&rsquo;ESSEC. L\u00e0, le commentaire se mue en r\u00e9quisitoire contre ces \u00e9tudiants de luxe, soup\u00e7onn\u00e9s de ne bosser qu\u2019en pensant \u00e0 leur future r\u00e9ussite sociale\u00a0!<\/p>\n<p>Aur\u00e9lie, qui y entame sa premi\u00e8re ann\u00e9e, ose m\u00eame l\u2019avouer \u00e0 visage d\u00e9couvert\u00a0: elle a int\u00e9gr\u00e9 cette grande \u00e9cole \u00ab\u00a0<em>pour avoir une vie confortable par la suite\u00a0<\/em>\u00bb. Mais, apr\u00e8s quelques mois, rassurez-vous, elle va commencer \u00e0 s\u2019interroger sur le sens de cet esprit de comp\u00e9tition qu&rsquo;elle recherchait au d\u00e9but. Bon point pour elle\u00a0aussi!<\/p>\n<p>C\u00f4t\u00e9 fac, les dipl\u00f4mes offrent g\u00e9n\u00e9ralement de moins hautes perspectives. Sabrina, 25 ans, le confirme\u00a0: \u00ab\u00a0<em>J&rsquo;en avais marre de ne rien avoir dans la vie, m\u00eame pas un dipl\u00f4me utilisable dans le monde professionnel.\u00a0<\/em>\u00bb Du coup, apr\u00e8s une licence d&rsquo;histoire qui lui avait permis d&rsquo;acc\u00e9der \u00e0 des m\u00e9tiers aussi divers que serveuse, caissi\u00e8re ou surveillante, elle a repris son cursus.<\/p>\n<p>Seuls 10\u00a0% des jeunes issus de milieux populaires font des \u00e9tudes sup\u00e9rieures, apprend-on. Ils sont souvent boursiers, et contraints d&rsquo;exercer des petits boulots en parall\u00e8le. Ceux-l\u00e0 s\u2019orientent g\u00e9n\u00e9ralement vers des disciplines , qui, comme le droit, offrent de r\u00e9elles perspectives d&#8217;emploi, f\u00fbt-il modeste. Mais la plupart des disciplines universitaires semblent \u00eatre d\u2019efficaces remparts contre tout risque d\u2019embauche ult\u00e9rieure\u2026<\/p>\n<p>Romain, \u00e9l\u00e8ve \u00e0 l&rsquo;ESSEC, n\u2019a pas de ces soucis : \u00ab\u00a0<em>C&rsquo;est une question que je me suis jamais vraiment pos\u00e9e\u00a0: est-ce que je vais avoir un emploi\u00a0?\u00a0<\/em>\u00bb La tenue costume-cravate que porte cet \u00e9tudiant pr\u00e9-soixante-huitard ach\u00e8ve de le ranger du c\u00f4t\u00e9 obscur de la Force.<\/p>\n<p>On l\u2019aura compris, la bonne id\u00e9e de d\u00e9part\u00a0 est g\u00e2ch\u00e9e ici par un manich\u00e9isme assez syst\u00e9matique sur fond d\u2019approche sociologique pataude\u00a0; on dirait une antis\u00e8che sur Pierre Bourdieu. D\u2019un cot\u00e9 une jeunesse laborieuse qui tente de s\u2019en sortir en ramant \u00e0 la fac\u00a0; de l\u2019autre une \u00ab\u00a0\u00e9lite\u00a0\u00bb de gandins arrogants, format\u00e9s pour gagner et uniquement mus par l\u2019app\u00e2t du gain.<\/p>\n<p>Ce monde en noir et blanc est illustr\u00e9 par un exemple, que dis-je un mod\u00e8le\u00a0: la conversion progressive de l&rsquo;\u00e9tudiante de l\u2019ESSEC, qui prend peu \u00e0 peu ses distances avec son \u00e9cole&#8230; C&rsquo;est m\u00eame une r\u00e9demption \u00e0 laquelle on assiste\u00a0: elle choisira finalement de partir pour un semestre dans une fac quelconque \u00e0 l&rsquo;autre bout du monde\u2026<\/p>\n<div>\n<p>Le temps des \u00e9tudes devient une exp\u00e9rience humaine avant tout, un <em>cheminement introspectif<\/em> pour jeunesse qui gamberge. Erasmus n&rsquo;est plus un dispositif\u00a0 de coop\u00e9ration universitaire\u00a0inter\u00e9tatique: c&rsquo;est un p\u00e8lerinage.<\/p>\n<p>Publi\u00e9s dans Valeurs actuelles, le mercredi 30 octobre 2013<\/p>\n<\/div>\n","protected":false},"excerpt":{"rendered":"<p>Etudiants d\u2019origine modeste qui rament \u00e0 la fac, gosses de riches qui friment dans les grandes \u00e9coles\u00a0: dans le documentaire de France 2, devinez qui sont les bons et les m\u00e9chants\u00a0? Deux mardis de suite, France 2 a diffus\u00e9 une s\u00e9rie documentaire intitul\u00e9e G\u00e9n\u00e9ration quoi\u00a0? Bon titre pour un bon th\u00e8me, quoique pas tout \u00e0 [&hellip;]<\/p>\n","protected":false},"author":9,"featured_media":0,"comment_status":"open","ping_status":"open","sticky":false,"template":"","format":"standard","meta":{"footnotes":""},"categories":[1],"tags":[401,605],"class_list":{"0":"post-1973","1":"post","2":"type-post","3":"status-publish","4":"format-standard","6":"category-non-classe","7":"tag-france-2","8":"tag-pierre-bourdieu"},"_links":{"self":[{"href":"https:\/\/blog.causeur.fr\/asiledeblog\/wp-json\/wp\/v2\/posts\/1973","targetHints":{"allow":["GET"]}}],"collection":[{"href":"https:\/\/blog.causeur.fr\/asiledeblog\/wp-json\/wp\/v2\/posts"}],"about":[{"href":"https:\/\/blog.causeur.fr\/asiledeblog\/wp-json\/wp\/v2\/types\/post"}],"author":[{"embeddable":true,"href":"https:\/\/blog.causeur.fr\/asiledeblog\/wp-json\/wp\/v2\/users\/9"}],"replies":[{"embeddable":true,"href":"https:\/\/blog.causeur.fr\/asiledeblog\/wp-json\/wp\/v2\/comments?post=1973"}],"version-history":[{"count":0,"href":"https:\/\/blog.causeur.fr\/asiledeblog\/wp-json\/wp\/v2\/posts\/1973\/revisions"}],"wp:attachment":[{"href":"https:\/\/blog.causeur.fr\/asiledeblog\/wp-json\/wp\/v2\/media?parent=1973"}],"wp:term":[{"taxonomy":"category","embeddable":true,"href":"https:\/\/blog.causeur.fr\/asiledeblog\/wp-json\/wp\/v2\/categories?post=1973"},{"taxonomy":"post_tag","embeddable":true,"href":"https:\/\/blog.causeur.fr\/asiledeblog\/wp-json\/wp\/v2\/tags?post=1973"}],"curies":[{"name":"wp","href":"https:\/\/api.w.org\/{rel}","templated":true}]}}