{"id":1976,"date":"2013-11-09T08:56:20","date_gmt":"2013-11-09T08:56:20","guid":{"rendered":"http:\/\/blog.causeur.fr\/asiledeblog\/?p=1976"},"modified":"2021-04-26T12:57:18","modified_gmt":"2021-04-26T10:57:18","slug":"la-face-cachee-de-la-france","status":"publish","type":"post","link":"https:\/\/blog.causeur.fr\/asiledeblog\/la-face-cachee-de-la-france-1976","title":{"rendered":"La face cach\u00e9e de la France"},"content":{"rendered":"<p><strong>Nos dirigeants devraient \u00e9couter attentivement le r\u00e9quisitoire de Christophe Guilluy dans \u00ab\u00a0La France en face\u00a0\u00bb. Sinon, ils pourraient se prendre la France en pleine face\u2026<\/strong><\/p>\n<p><a href=\"http:\/\/blog.causeur.fr\/asiledeblog\/la-face-cachee-de-la-france-001976.html\/christophe-guilluy-mariage-gay\" rel=\"attachment wp-att-1977\"><img loading=\"lazy\" decoding=\"async\" class=\"alignleft size-medium wp-image-1977\" src=\"http:\/\/blog.causeur.fr\/asiledeblog\/files\/2013\/11\/christophe-guilluy-mariage-gay-300x182.jpg\" alt=\"\" width=\"300\" height=\"182\" srcset=\"https:\/\/blog.causeur.fr\/asiledeblog\/wp-content\/uploads\/sites\/10\/2013\/11\/christophe-guilluy-mariage-gay-300x182.jpg 300w, https:\/\/blog.causeur.fr\/asiledeblog\/wp-content\/uploads\/sites\/10\/2013\/11\/christophe-guilluy-mariage-gay.jpg 460w\" sizes=\"auto, (max-width: 300px) 100vw, 300px\" \/><\/a>France 2 diffusait l\u2019autre lundi <em>La France en face<\/em>, documentaire accablant sur l\u2019\u00e9tat de notre soci\u00e9t\u00e9 m\u00e9tamorphos\u00e9e par trente ans de mondialisation.<\/p>\n<p>Conseiller technique et fil rouge de l\u2019\u00e9mission, le g\u00e9ographe Christophe Guilluy y d\u00e9veloppe le constat de son dernier livre sur les nouvelles \u00ab\u00a0<em>Fractures fran\u00e7aises\u00a0<\/em>\u00bb. Il est loin, le temps des Trente glorieuses o\u00f9 partout dans le pays, toutes les cat\u00e9gories sociales pouvaient prendre l\u2019ascenseur social \u2013 tomb\u00e9 en panne depuis et jamais r\u00e9par\u00e9.<!--more--><\/p>\n<p>D\u00e9sormais, explique t-il, deux France se font face\u00a0: d\u2019un c\u00f4t\u00e9 les grandes m\u00e9tropoles dynamiques, qui totalisent 80 % du P.I.B. pour 40 % de la population\u00a0; de l\u2019autre\u2026 \u00a0tout le reste du pays, en \u00e9tat de \u00ab\u00a0<em>fragilit\u00e9 sociale\u00a0<\/em>\u00bb, o\u00f9 la vie quotidienne s\u2019apparente souvent \u00e0 de la survie.<\/p>\n<p>C&rsquo;est par centaines que les usines ferment chaque ann\u00e9e, victimes d&rsquo;une concurrence sans fronti\u00e8res. Une concurrence \u00e0 laquelle nos industriels n\u2019ont pas pu, ou pas voulu s\u2019adapter\u2026 \u00c0 moins que ce ne soit nos syndicats, ou les deux\u00a0? Sur cette d\u00e9licate question, le doc n\u2019apporte pas de r\u00e9ponse.<\/p>\n<p>En revanche, l\u2019ancien sid\u00e9rurgiste auquel il donne la parole ne fait pas prier, lui, pour incriminer les fonds de pension et\u00a0les patrons : \u00ab\u00a0<em>Autant prendre une corde pour les pendre\u2026Parce qu&rsquo;ils ne m\u00e9ritent que \u00e7a\u00a0!\u00a0<\/em>\u00bb<\/p>\n<p>Mais le t\u00e9moignage le plus frappant est sans doute celui de Bahija, aide \u00e0 domicile d&rsquo;origine marocaine qui \u00e9l\u00e8ve seule ses deux enfants. Devant son intervieweur m\u00e9dus\u00e9, elle explique pourquoi elle a vot\u00e9 et revotera Marine Le Pen\u00a0: \u00ab\u00a0<em>Elle n\u2019est pas contre les gens comme moi qui travaillent, elle est contre l\u2019assistanat\u00a0!\u00a0<\/em>\u00bb Et d\u2019encha\u00eener pos\u00e9ment, pendant que l\u2019autre avale son micro\u00a0: \u00ab\u00a0<em>M\u00eame s&rsquo;ils me renvoient chez moi au Maroc, c&rsquo;est pas grave&#8230; La priorit\u00e9, c&rsquo;est aux Fran\u00e7ais\u00a0!\u00a0<\/em>\u00bb<\/p>\n<p>Dans le monde paysan, la situation n&rsquo;est pas plus r\u00e9jouissante. Chaque jour, en France, un agriculteur se suicide. Une mara\u00eech\u00e8re explique\u00a0: \u00ab\u00a0<em>Il faut savoir que, quand on vend au grossiste, on ne choisit pas notre prix. C&rsquo;est l&rsquo;acheteur qui d\u00e9cide du prix de la salade.<\/em>\u00a0\u00bb Pour survivre, elle a cr\u00e9\u00e9 une association et vend directement sa production aux consommateurs adh\u00e9rents. Bient\u00f4t le troc\u00a0?<\/p>\n<p>Autre image de cette France majoritaire et pourtant oubli\u00e9e, cette jeune femme originaire de Firminy (Loire) qui, malgr\u00e9 son dipl\u00f4me universitaire, n\u2019a jamais r\u00e9ussi \u00e0 y trouver un v\u00e9ritable emploi. Alors, apr\u00e8s une succession de \u00ab\u00a0<em>petits CDD, CDI de merde<\/em>\u00a0\u00bb, elle a rejoint sa copine d\u2019enfance \u00e0 Montpellier\u00a0: l\u00e0, les deux amies comptent ouvrir un camion-restaurant bio pour cadres bobos press\u00e9s\u2026<\/p>\n<p>Au lieu de chercher des issues personnelles, il arrive aussi que ces \u00ab\u00a0invisibles\u00a0\u00bb d\u00e9cident de se manifester au grand jour, comme on vient de le voir en Bretagne. Mais pour faire entendre leur voix, les \u00ab\u00a0bonnets rouges\u00a0\u00bb ont d\u00fb sortir quelque peu de la l\u00e9galit\u00e9 pour verser dans l\u2019\u00e9meute, voire dans la jacquerie.<\/p>\n<p>Attention, Messieurs du Ch\u00e2teau\u00a0! On sait comment \u00e7a commence, mais on sait aussi comment \u00e7a finit\u2026<\/p>\n<p><em>Article publi\u00e9 dans Valeurs Actuelles, le mercredi 6 novembre 2013<\/em><\/p>\n","protected":false},"excerpt":{"rendered":"<p>Nos dirigeants devraient \u00e9couter attentivement le r\u00e9quisitoire de Christophe Guilluy dans \u00ab\u00a0La France en face\u00a0\u00bb. Sinon, ils pourraient se prendre la France en pleine face\u2026 France 2 diffusait l\u2019autre lundi La France en face, documentaire accablant sur l\u2019\u00e9tat de notre soci\u00e9t\u00e9 m\u00e9tamorphos\u00e9e par trente ans de mondialisation. Conseiller technique et fil rouge de l\u2019\u00e9mission, le [&hellip;]<\/p>\n","protected":false},"author":9,"featured_media":0,"comment_status":"open","ping_status":"open","sticky":false,"template":"","format":"standard","meta":{"footnotes":""},"categories":[1],"tags":[606],"class_list":{"0":"post-1976","1":"post","2":"type-post","3":"status-publish","4":"format-standard","6":"category-non-classe","7":"tag-christophe-guilluy"},"_links":{"self":[{"href":"https:\/\/blog.causeur.fr\/asiledeblog\/wp-json\/wp\/v2\/posts\/1976","targetHints":{"allow":["GET"]}}],"collection":[{"href":"https:\/\/blog.causeur.fr\/asiledeblog\/wp-json\/wp\/v2\/posts"}],"about":[{"href":"https:\/\/blog.causeur.fr\/asiledeblog\/wp-json\/wp\/v2\/types\/post"}],"author":[{"embeddable":true,"href":"https:\/\/blog.causeur.fr\/asiledeblog\/wp-json\/wp\/v2\/users\/9"}],"replies":[{"embeddable":true,"href":"https:\/\/blog.causeur.fr\/asiledeblog\/wp-json\/wp\/v2\/comments?post=1976"}],"version-history":[{"count":0,"href":"https:\/\/blog.causeur.fr\/asiledeblog\/wp-json\/wp\/v2\/posts\/1976\/revisions"}],"wp:attachment":[{"href":"https:\/\/blog.causeur.fr\/asiledeblog\/wp-json\/wp\/v2\/media?parent=1976"}],"wp:term":[{"taxonomy":"category","embeddable":true,"href":"https:\/\/blog.causeur.fr\/asiledeblog\/wp-json\/wp\/v2\/categories?post=1976"},{"taxonomy":"post_tag","embeddable":true,"href":"https:\/\/blog.causeur.fr\/asiledeblog\/wp-json\/wp\/v2\/tags?post=1976"}],"curies":[{"name":"wp","href":"https:\/\/api.w.org\/{rel}","templated":true}]}}