{"id":1986,"date":"2013-12-02T09:12:31","date_gmt":"2013-12-02T09:12:31","guid":{"rendered":"http:\/\/blog.causeur.fr\/asiledeblog\/?p=1986"},"modified":"2021-04-26T12:57:18","modified_gmt":"2021-04-26T10:57:18","slug":"pourquoi-tant-dhistoires","status":"publish","type":"post","link":"https:\/\/blog.causeur.fr\/asiledeblog\/pourquoi-tant-dhistoires-1986","title":{"rendered":"Pourquoi tant d\u2019histoires ?"},"content":{"rendered":"<p><strong>L\u2019extr\u00eame gauche reproche \u00e0 Lorant d\u2019\u00eatre un id\u00e9ologue, et Zemmour de ne pas l\u2019\u00eatre assez\u2026 Querelles d\u2019Allemands\u00a0?<\/strong><\/p>\n<p><a href=\"http:\/\/blog.causeur.fr\/asiledeblog\/pourquoi-tant-d%e2%80%99histoires,001986\/safe_image\" rel=\"attachment wp-att-1987\"><img loading=\"lazy\" decoding=\"async\" class=\"alignleft size-medium wp-image-1987\" src=\"http:\/\/blog.causeur.fr\/asiledeblog\/files\/2013\/12\/safe_image-300x155.jpg\" alt=\"\" width=\"300\" height=\"155\" srcset=\"https:\/\/blog.causeur.fr\/asiledeblog\/wp-content\/uploads\/sites\/10\/2013\/12\/safe_image-300x155.jpg 300w, https:\/\/blog.causeur.fr\/asiledeblog\/wp-content\/uploads\/sites\/10\/2013\/12\/safe_image.jpg 377w\" sizes=\"auto, (max-width: 300px) 100vw, 300px\" \/><\/a>Il se passe toujours quelque chose chez <em>Zemmour &amp; Naulleau\u00a0<\/em>; ainsi, l\u2019autre vendredi, ils recevaient cet \u00e9nergum\u00e8ne de Lorant Deutsch.<\/p>\n<p>Leur derni\u00e8re rencontre, \u00e0 ma connaissance, remonte \u00e0 trois ans \u2013 du temps o\u00f9 le duo s\u00e9vissait \u00e0 <em>On n\u2019est pas couch\u00e9<\/em>. \u00c0 l\u2019\u00e9poque<em>, <\/em>Deutsch \u00e9tait en promo pour la version illustr\u00e9e de son fameux <em>M\u00e9tronome,<\/em> qui lui valut un triomphe public, mais aussi une lev\u00e9e de boucliers dans le Camp du Progr\u00e8s. On vit m\u00eame des \u00e9lus du Front de Gauche r\u00e9clamer le \u00ab\u00a0<em>boycott<\/em>\u00a0\u00bb du bouquin, au motif qu\u2019il \u00e9tait \u00ab\u00a0<em>orient\u00e9 id\u00e9ologiquement\u00a0<\/em>\u00bb\u00a0; le genre de truc qu\u2019on supporte mal chez M\u00e9lenchon.<br \/>\n<!--more--><br \/>\nAujourd\u2019hui, rebelote avec <em>Hexagone<\/em>\u00a0! En passe de devenir lui aussi un ph\u00e9nom\u00e8ne de librairie, le nouvel opus de Lorant fait \u00e9galement l\u2019objet d\u2019une campagne de d\u00e9nonciation d\u2019historiens engag\u00e9s. Il faut dire aussi que cet <em>Hexagone<\/em>-l\u00e0 se pr\u00e9sente comme \u00ab\u00a0<em>un voyage de 2 600 ans pour suivre le mouvement des peuples qui ont fait la France\u00a0<\/em>\u00bb. Suspect, forc\u00e9ment suspect aux yeux de nos amis \u00a0\u00ab\u00a0citoyens\u00a0\u00bb pour qui, bien entendu, la France est n\u00e9e en 1789 &#8211; voire 92 ou 93.<\/p>\n<p>\u00c0 la t\u00eate du commando anti-Deutsch, le g\u00e9ographe Christophe Naudin m\u00eame jusqu\u2019\u00e0 sonner le tocsin r\u00e9publicain dans l\u2019Obs\u00a0: \u00ab\u00a0<em>Lorant Deutsch a une vison quasi maurrassienne de l\u2019Histoire\u00a0<\/em>\u00bb. \u00a0Si c\u2019est vrai, le\u00a0\u00ab\u00a0nationalisme int\u00e9gral\u00a0\u00bb a encore de beaux jours devant lui\u00a0!<\/p>\n<p>On l\u2019aura devin\u00e9\u00a0: tel n\u2019est pas l\u2019angle d\u2019attaque d\u2019\u00c9ric Zemmour, qui d\u2019ailleurs a trouv\u00e9 le livre excellent. Ses reproches vont plut\u00f4t \u00e0 l\u2019auteur, accus\u00e9 de ne pas en assumer la dimension id\u00e9ologique\u00a0: \u00ab\u00a0<em>Vous \u00eates un faux na\u00eff\u00a0! On se sert toujours de l\u2019Histoire pour faire de la politique. Alors, n\u2019en ayez pas honte\u00a0!\u00a0<\/em>\u00bb Vos ennemis, explique t-il en substance \u00e0 Lorant, sont aussi les miens\u00a0: des\u00a0doctrinaires qui, depuis un demi-si\u00e8cle, ont pr\u00e9empt\u00e9 l\u2019Histoire au service du marxisme, puis du multiculturalisme.<\/p>\n<p>Tr\u00e8s juste, \u00c9ric\u00a0! Mais ne fais pas toi aussi ton \u00ab\u00a0faux na\u00eff\u00a0\u00bb\u00a0: ce coming out id\u00e9ologique que tu demandes \u00e0 l\u2019auteur n\u2019est pas vraiment dans son int\u00e9r\u00eat. C\u2019\u00e9tait assez \u00e9vident ce soir-l\u00e0, lorsque tu t\u2019es livr\u00e9 \u00e0 un \u00e9loge sauvage de son bouquin\u00a0: \u00ab\u00a0<em>Le p\u00e9ch\u00e9 de Lorant Deutsch, c\u2019est de rappeler la v\u00e9rit\u00e9\u00a0! Comme disait le g\u00e9n\u00e9ral De Gaulle<\/em>, \u00ab\u00a0l\u2019histoire de France, c\u2019est celle d\u2019un pays de culture gr\u00e9co-romaine, de religion chr\u00e9tienne et de race blanche\u00a0\u00bb. Et ton comp\u00e8re de lancer en rigolant \u00e0 l\u2019adresse de Lorant\u00a0: \u00ab\u00a0<em>\u00c7a va pas vous aider, \u00e7a\u00a0!\u00a0<\/em>\u00bb<\/p>\n<p>Il a raison, le Naulleau. Sans compter que dans un orchestre, tout le monde n\u2019a pas vocation \u00e0 jouer du m\u00eame instrument.<\/p>\n<p>Sans vouloir flagorner, cher \u00c9ric, m\u2019est avis que ta verve pol\u00e9mique et l\u2019enthousiasme communicatif de Lorant sont compl\u00e9mentaires au service d\u2019une m\u00eame et noble cause\u00a0: r\u00e9apprendre aux Fran\u00e7ais \u00e0 conna\u00eetre l\u2019histoire de leur pays, donc \u00e0 l\u2019aimer.<\/p>\n<p>Vaste programme\u00a0! Alors de gr\u00e2ce les amis, attendez qu\u2019il soit accompli avant de vous chamailler\u2026<\/p>\n<p><em>Article publi\u00e9 dans Valeurs Actuelles, le 27 novembre 2013<\/em><\/p>\n<p>&nbsp;<\/p>\n<p>&nbsp;<\/p>\n","protected":false},"excerpt":{"rendered":"<p>L\u2019extr\u00eame gauche reproche \u00e0 Lorant d\u2019\u00eatre un id\u00e9ologue, et Zemmour de ne pas l\u2019\u00eatre assez\u2026 Querelles d\u2019Allemands\u00a0? Il se passe toujours quelque chose chez Zemmour &amp; Naulleau\u00a0; ainsi, l\u2019autre vendredi, ils recevaient cet \u00e9nergum\u00e8ne de Lorant Deutsch. Leur derni\u00e8re rencontre, \u00e0 ma connaissance, remonte \u00e0 trois ans \u2013 du temps o\u00f9 le duo s\u00e9vissait \u00e0 [&hellip;]<\/p>\n","protected":false},"author":9,"featured_media":0,"comment_status":"open","ping_status":"open","sticky":false,"template":"","format":"standard","meta":{"footnotes":""},"categories":[1],"tags":[148,134],"class_list":{"0":"post-1986","1":"post","2":"type-post","3":"status-publish","4":"format-standard","6":"category-non-classe","7":"tag-jean-luc-melenchon","8":"tag-lorant-deutsch"},"_links":{"self":[{"href":"https:\/\/blog.causeur.fr\/asiledeblog\/wp-json\/wp\/v2\/posts\/1986","targetHints":{"allow":["GET"]}}],"collection":[{"href":"https:\/\/blog.causeur.fr\/asiledeblog\/wp-json\/wp\/v2\/posts"}],"about":[{"href":"https:\/\/blog.causeur.fr\/asiledeblog\/wp-json\/wp\/v2\/types\/post"}],"author":[{"embeddable":true,"href":"https:\/\/blog.causeur.fr\/asiledeblog\/wp-json\/wp\/v2\/users\/9"}],"replies":[{"embeddable":true,"href":"https:\/\/blog.causeur.fr\/asiledeblog\/wp-json\/wp\/v2\/comments?post=1986"}],"version-history":[{"count":0,"href":"https:\/\/blog.causeur.fr\/asiledeblog\/wp-json\/wp\/v2\/posts\/1986\/revisions"}],"wp:attachment":[{"href":"https:\/\/blog.causeur.fr\/asiledeblog\/wp-json\/wp\/v2\/media?parent=1986"}],"wp:term":[{"taxonomy":"category","embeddable":true,"href":"https:\/\/blog.causeur.fr\/asiledeblog\/wp-json\/wp\/v2\/categories?post=1986"},{"taxonomy":"post_tag","embeddable":true,"href":"https:\/\/blog.causeur.fr\/asiledeblog\/wp-json\/wp\/v2\/tags?post=1986"}],"curies":[{"name":"wp","href":"https:\/\/api.w.org\/{rel}","templated":true}]}}