{"id":1989,"date":"2013-12-10T09:24:17","date_gmt":"2013-12-10T09:24:17","guid":{"rendered":"http:\/\/blog.causeur.fr\/asiledeblog\/?p=1989"},"modified":"2021-04-26T12:57:18","modified_gmt":"2021-04-26T10:57:18","slug":"inspectrice-la-bavure","status":"publish","type":"post","link":"https:\/\/blog.causeur.fr\/asiledeblog\/inspectrice-la-bavure-1989","title":{"rendered":"Inspectrice La Bavure"},"content":{"rendered":"<p><strong>La vraie place de Caroline Fourest est \u00e0 la direction de la P.J.\u00a0! Dans l\u2019affaire du \u00ab\u00a0tireur fou\u00a0\u00bb, avant m\u00eame nos flics d\u2019\u00e9lite elle avait trouv\u00e9 le coupable id\u00e9al\u2026<\/strong><\/p>\n<p><a href=\"http:\/\/blog.causeur.fr\/asiledeblog\/inspectrice-la-bavure,001989\/caroline-fourest-39771-300x213\" rel=\"attachment wp-att-1994\"><img loading=\"lazy\" decoding=\"async\" class=\"alignleft size-full wp-image-1994\" src=\"http:\/\/blog.causeur.fr\/asiledeblog\/files\/2013\/12\/Caroline-Fourest-39771-300x2131.png\" alt=\"\" width=\"300\" height=\"213\" \/><\/a>Retour sur l\u2019affaire du \u00ab\u00a0<em>tireur fou\u00a0<\/em>\u00bb. Jusqu\u2019\u00e0 l\u2019interpellation d\u2019un certain Abdelhakim Dekhar, repris de justice d\u2019ultra-gauche, ils avaient \u00e9t\u00e9 nombreux \u00e0 fantasmer, dans les milieux autoris\u00e9s\u2026 Et si, avec cet\u00a0individu \u00ab\u00a0<em> de type europ\u00e9en<\/em>\u00a0\u00bb arm\u00e9 d\u2019un fusil \u00e0 canon sci\u00e9, on tenait enfin notre Breivik fran\u00e7ais\u00a0? L\u2019occasion r\u00eav\u00e9e de crier au loup fasciste et d\u2019en appeler \u00e0 une mobilisation de \u00ab\u00a0<em>d\u00e9fense r\u00e9publicaine<\/em>\u00a0\u00bb, autour de la gauche bien s\u00fbr.<!--more--><\/p>\n<p>Mais bon\u00a0! Tant qu\u2019on n\u2019a pas identifi\u00e9 le bonhomme, la prudence reste de mise. M\u00eame le patron de <em>Lib\u00e9ration<\/em>, Nicolas Demorand, interview\u00e9 sur toutes les t\u00e9l\u00e9s, se retient \u00e0 quatre mains pour ne pas dire trop t\u00f4t l\u2019\u00e9vidence qui lui br\u00fble les l\u00e8vres\u00a0: le \u00ab\u00a0<em>tireur fou\u00a0<\/em>\u00bb n\u2019est pas si fou que \u00e7a\u00a0! La preuve, il n\u2019a <em>vraiment<\/em> tir\u00e9 que sur Lib\u00e9, incarnation quotidienne de la Bonne pens\u00e9e.<\/p>\n<p>En fin de compte, la seule \u00e0 r\u00eaver tout haut sera la nonpareille m\u00e8re Fourest, jamais d\u00e9cevante dans ce genre d\u2019exercice. La veille de l\u2019arrestation du suspect, et \u00ab\u00a0<em>en attendant d\u2019en savoir plus\u00a0<\/em>\u00bb (sic), elle peut d\u00e9j\u00e0, au micro de France Culture, incriminer <em>\u00ab\u00a0un climat d\u2019incitation \u00e0 la haine lib\u00e9r\u00e9e<\/em>\u00a0\u00bb qui \u00ab\u00a0<em>laissait craindre ce genre de passage \u00e0 l\u2019acte <\/em>(\u2026) <em>Musulmans, Arabes, juifs, noirs, journalistes\u00a0: la liste des boucs \u00e9missaires s\u2019allonge<\/em>\u2026\u00a0\u00bb\u00a0vaticine notre Pythie en pleine transe.<\/p>\n<p>Et qui donc accuser de cette mortelle d\u00e9rive, je vous le demande un peu\u00a0? <em>Ceux qui ne figurent pas sur la liste<\/em>, \u00e9videmment\u00a0! \u00ab\u00a0<em>Ne parlons pas du Front national, qui vit de cette naus\u00e9e\u00a0<\/em>\u00bb commence Caroline, quelques instants avant d\u2019en parler. \u00ab\u00a0<em>La plus grande responsabilit\u00e9<\/em>, <em>est \u00e0 droite \u2013 o\u00f9 l\u2019absence de complexe et la surench\u00e8re ont lib\u00e9r\u00e9 une parole mortif\u00e8re.\u00a0<\/em>\u00bb. Joliment trouss\u00e9, non\u00a0? Et pour ceux qui n\u2019auraient toujours pas compris, madame Fourest de conclure sa d\u00e9clamation par un envoi, \u00e0 la fin duquel elle touche\u2026 le FN, bien s\u00fbr\u00a0!<\/p>\n<p>\u00ab\u00a0<em>O\u00f9 est-elle, la droite r\u00e9publicaine, quand des gens de son propre camp d\u00e9rapent et tiennent des propos \u00e0 droite du Front national\u00a0?<\/em>\u00a0\u00bb Et voil\u00e0, on y est\u00a0! Le mot magique a \u00e9t\u00e9 prononc\u00e9, et tandis que les flics continuent \u00e0 rechercher le tireur, l\u2019inspectrice Fourest, elle, a d\u00e9j\u00e0 boucl\u00e9 le dossier.<\/p>\n<p>Patatras\u00a0! D\u00e8s le lendemain, avec l\u2019identification du suspect, la s\u00e9duisante piste UMP-FN prend un coup fatal. Cop\u00e9 armant le bras de Dekhar sous la pression de Le Pen\u00a0? Faut quand m\u00eame pas pousser\u2026<\/p>\n<p>Depuis ce jour-l\u00e0 d\u2019ailleurs, on n\u2019a plus entendu notre pauvre Caroline ch\u00e9rie sur l\u2019affaire\u00a0; esp\u00e9rons au moins qu\u2019elle ne nous fait pas une d\u00e9pression\u2026 Elle aurait bien tort, au demeurant\u00a0; quand on tient un bon cr\u00e9neau intello-m\u00e9diatique comme le sien, on ne le l\u00e2che pas sous la simple pression des faits\u00a0!<\/p>\n<p>S\u00e8che tes larmes, Caro, ce n\u2019est que partie remise\u2026 \u00a0Un de ces jours il y aura bien un autre allum\u00e9, mais convenablement facho celui-l\u00e0, pour tirer dans le tas. Et en plus ce jour-l\u00e0, t\u2019auras m\u00eame pas \u00e0 \u00e9crire ta chronique\u00a0: elle est d\u00e9j\u00e0 pr\u00eate\u00a0!<\/p>\n<p><em>Article publi\u00e9 dans Valeurs Actuelles, le 4 d\u00e9cembre 2013<\/em><\/p>\n","protected":false},"excerpt":{"rendered":"<p>La vraie place de Caroline Fourest est \u00e0 la direction de la P.J.\u00a0! Dans l\u2019affaire du \u00ab\u00a0tireur fou\u00a0\u00bb, avant m\u00eame nos flics d\u2019\u00e9lite elle avait trouv\u00e9 le coupable id\u00e9al\u2026 Retour sur l\u2019affaire du \u00ab\u00a0tireur fou\u00a0\u00bb. Jusqu\u2019\u00e0 l\u2019interpellation d\u2019un certain Abdelhakim Dekhar, repris de justice d\u2019ultra-gauche, ils avaient \u00e9t\u00e9 nombreux \u00e0 fantasmer, dans les milieux autoris\u00e9s\u2026 [&hellip;]<\/p>\n","protected":false},"author":9,"featured_media":0,"comment_status":"open","ping_status":"open","sticky":false,"template":"","format":"standard","meta":{"footnotes":""},"categories":[1],"tags":[],"class_list":{"0":"post-1989","1":"post","2":"type-post","3":"status-publish","4":"format-standard","6":"category-non-classe"},"_links":{"self":[{"href":"https:\/\/blog.causeur.fr\/asiledeblog\/wp-json\/wp\/v2\/posts\/1989","targetHints":{"allow":["GET"]}}],"collection":[{"href":"https:\/\/blog.causeur.fr\/asiledeblog\/wp-json\/wp\/v2\/posts"}],"about":[{"href":"https:\/\/blog.causeur.fr\/asiledeblog\/wp-json\/wp\/v2\/types\/post"}],"author":[{"embeddable":true,"href":"https:\/\/blog.causeur.fr\/asiledeblog\/wp-json\/wp\/v2\/users\/9"}],"replies":[{"embeddable":true,"href":"https:\/\/blog.causeur.fr\/asiledeblog\/wp-json\/wp\/v2\/comments?post=1989"}],"version-history":[{"count":0,"href":"https:\/\/blog.causeur.fr\/asiledeblog\/wp-json\/wp\/v2\/posts\/1989\/revisions"}],"wp:attachment":[{"href":"https:\/\/blog.causeur.fr\/asiledeblog\/wp-json\/wp\/v2\/media?parent=1989"}],"wp:term":[{"taxonomy":"category","embeddable":true,"href":"https:\/\/blog.causeur.fr\/asiledeblog\/wp-json\/wp\/v2\/categories?post=1989"},{"taxonomy":"post_tag","embeddable":true,"href":"https:\/\/blog.causeur.fr\/asiledeblog\/wp-json\/wp\/v2\/tags?post=1989"}],"curies":[{"name":"wp","href":"https:\/\/api.w.org\/{rel}","templated":true}]}}