{"id":1996,"date":"2013-12-18T08:53:51","date_gmt":"2013-12-18T08:53:51","guid":{"rendered":"http:\/\/blog.causeur.fr\/asiledeblog\/?p=1996"},"modified":"2021-04-26T12:57:18","modified_gmt":"2021-04-26T10:57:18","slug":"musique-de-sauvages","status":"publish","type":"post","link":"https:\/\/blog.causeur.fr\/asiledeblog\/musique-de-sauvages-1996","title":{"rendered":"Musique de sauvages\u2026"},"content":{"rendered":"<p><strong>\u00c0 Guantanamo, d\u00e9nonce un documentaire, la CIA torturait les prisonniers au hard rock. C\u2019est mal bien s\u00fbr, mais les djihadistes auraient-ils vraiment pr\u00e9f\u00e9r\u00e9 le recours aux bonnes vieilles m\u00e9thodes\u00a0?<\/strong><\/p>\n<p><a href=\"http:\/\/blog.causeur.fr\/asiledeblog\/musique-de-sauvages%e2%80%a6,001996\/la-musique-comme-instrument-de-torture\" rel=\"attachment wp-att-1997\"><img loading=\"lazy\" decoding=\"async\" class=\"alignleft size-medium wp-image-1997\" src=\"http:\/\/blog.causeur.fr\/asiledeblog\/files\/2013\/12\/27262661-300x231.jpg\" alt=\"\" width=\"300\" height=\"231\" srcset=\"https:\/\/blog.causeur.fr\/asiledeblog\/wp-content\/uploads\/sites\/10\/2013\/12\/27262661-300x231.jpg 300w, https:\/\/blog.causeur.fr\/asiledeblog\/wp-content\/uploads\/sites\/10\/2013\/12\/27262661.jpg 352w\" sizes=\"auto, (max-width: 300px) 100vw, 300px\" \/><\/a>La musique de <em>Rue S\u00e9same<\/em> utilis\u00e9e comme instrument de torture\u00a0? \u00c7a a l\u2019air d\u2019une blague, mais c\u2019est tout ce qu\u2019il y a de plus s\u00e9rieux. Apr\u00e8s avoir enchant\u00e9 des g\u00e9n\u00e9rations de bambins dans cent vingt pays, ces aimables ritournelles ont connu une nouvelle carri\u00e8re \u2026 \u00e0 Guantanamo.<\/p>\n<p>C\u2019est sur cette histoire incroyable mais vraie, comme dirait Pierre Bellemare, que s\u2019ouvre le documentaire allemand coproduit par Arte et r\u00e9cemment rediffus\u00e9 par LCP, \u00a0<em>La musique<\/em> <em>comme instrument de torture<\/em>.<!--more--><\/p>\n<p>Les Am\u00e9ricains, cela dit, n\u2019ont rien invent\u00e9. Ce sont les Chinois qui, pendant la guerre de Cor\u00e9e, ont syst\u00e9matis\u00e9 le recours \u00e0 ce supplice \u00ab\u00a0<em>vieux de plusieurs mill\u00e9naires\u00a0<\/em>\u00bb, apprend-on sans plus de pr\u00e9cision. Les \u00c9tats-Unis se lancent alors dans un vaste programme de recherches acoustiques, \u00ab\u00a0<em>en principe pour prot\u00e9ger leurs soldats\u00a0<\/em>\u00bb\u00a0; h\u00e9las, d\u00e9plore le doc, \u00ab\u00a0<em>ce guide anti-torture va devenir un manuel de tortionnaires.\u00a0<\/em>\u00bb<\/p>\n<p>Il faut dire qu\u2019entre temps, le 11 &#8211; Septembre est pass\u00e9 par l\u00e0, et vous connaissez les Am\u00e9ricains\u00a0: aussit\u00f4t ils ont pris la mouche, et se sont mis \u00e0 arr\u00eater des \u00ab\u00a0suspects\u00a0\u00bb par grappes un peu partout\u2026 Restait \u00e0 trier dans le tas et, pour faire parler tout le monde, rien de tel que d\u2019envoyer la musique\u00a0!<\/p>\n<p>\u00c0 Guantanamo, o\u00f9 tout s\u00e9vice physique est th\u00e9oriquement proscrit, la m\u00e9thode \u00ab<em>\u00a0White noise \/ Loud music\u00a0<\/em>\u00bb fait fureur. Le suspect, attach\u00e9 sur une chaise, porte une cagoule et un casque diffusant \u00e0 donf des tubes de hard rock et des standards country &#8211; et parfois les deux en m\u00eame temps. Ensuite, il ne reste plus qu\u2019\u00e0 laisser mijoter le client &#8211; quelques heures ou des journ\u00e9es enti\u00e8res, selon grosseur. Aussit\u00f4t cuit, il peut passer \u00e0 table.<\/p>\n<p>La CIA autorise jusqu\u2019\u00e0 soixante-douze heures de privation de sommeil, et un volume sonore maximum \u00ab\u00a0<em>sans dommage irr\u00e9parable pour les tympans<\/em>\u00a0\u00bb.<\/p>\n<p>Cynisme<em>\u00a0<\/em>! sugg\u00e8re mezza voce le commentaire. Et quand bien m\u00eame\u00a0? \u00c7a fera toujours moins de victimes que l\u2019ang\u00e9lisme\u2026 N\u2019importe quelle chanson peut rendre dingue n\u2019importe qui\u00a0: c\u2019est une question de temps et de d\u00e9cibels. Personnellement, \u00e7a m\u2019est m\u00eame d\u00e9j\u00e0 arriv\u00e9 d\u00e8s la premi\u00e8re \u00e9coute. Reste \u00e0 savoir si c\u2019est comparable au sort d\u2019un Daniel Pearl\u2026<\/p>\n<p>Pris en otage par Al Qa\u00efda \u00e8s qualit\u00e9s de \u00ab\u00a0<em>juif <\/em>et<em> espion<\/em>\u00a0\u00bb, ce journaliste am\u00e9ricain a \u00e9t\u00e9 \u00e9gorg\u00e9, d\u00e9capit\u00e9 et d\u00e9coup\u00e9 en dix morceaux \u2013 le tout pour diffusion sur internet. Gageons qu\u2019il e\u00fbt pr\u00e9f\u00e9r\u00e9 se taper Metallica et Johnny Cash, m\u00eame m\u00e9lang\u00e9s.<\/p>\n<p>Telle est la limite de ce documentaire\u00a0: du haut de son Aventin moral, il nous explique que la torture quelle qu\u2019elle soit, c\u2019est mal. Merci du scoop, mais \u00e7a on savait depuis la premi\u00e8re fois o\u00f9 on est all\u00e9 chez le dentiste.<\/p>\n<p>\u00c0 tout prendre, on pr\u00e9f\u00e9rera toujours quand m\u00eame un mix Cheb Khaled\/Marilyn Manson \u00e0 l\u2019\u00e9gorgement. Apr\u00e8s, au moins, on peut encore t\u00e9moigner \u00e0 la t\u00e9l\u00e9.<\/p>\n<p><em>Article publi\u00e9 dans Valeurs Actuelles, le 11 d\u00e9cembre 2013<\/em><\/p>\n","protected":false},"excerpt":{"rendered":"<p>\u00c0 Guantanamo, d\u00e9nonce un documentaire, la CIA torturait les prisonniers au hard rock. C\u2019est mal bien s\u00fbr, mais les djihadistes auraient-ils vraiment pr\u00e9f\u00e9r\u00e9 le recours aux bonnes vieilles m\u00e9thodes\u00a0? La musique de Rue S\u00e9same utilis\u00e9e comme instrument de torture\u00a0? \u00c7a a l\u2019air d\u2019une blague, mais c\u2019est tout ce qu\u2019il y a de plus s\u00e9rieux. Apr\u00e8s [&hellip;]<\/p>\n","protected":false},"author":9,"featured_media":0,"comment_status":"open","ping_status":"open","sticky":false,"template":"","format":"standard","meta":{"footnotes":""},"categories":[1],"tags":[620,618,623,617],"class_list":{"0":"post-1996","1":"post","2":"type-post","3":"status-publish","4":"format-standard","6":"category-non-classe","7":"tag-al-qaida","8":"tag-cheb-khaled","9":"tag-daniel-pearl","10":"tag-guantanamo"},"_links":{"self":[{"href":"https:\/\/blog.causeur.fr\/asiledeblog\/wp-json\/wp\/v2\/posts\/1996","targetHints":{"allow":["GET"]}}],"collection":[{"href":"https:\/\/blog.causeur.fr\/asiledeblog\/wp-json\/wp\/v2\/posts"}],"about":[{"href":"https:\/\/blog.causeur.fr\/asiledeblog\/wp-json\/wp\/v2\/types\/post"}],"author":[{"embeddable":true,"href":"https:\/\/blog.causeur.fr\/asiledeblog\/wp-json\/wp\/v2\/users\/9"}],"replies":[{"embeddable":true,"href":"https:\/\/blog.causeur.fr\/asiledeblog\/wp-json\/wp\/v2\/comments?post=1996"}],"version-history":[{"count":0,"href":"https:\/\/blog.causeur.fr\/asiledeblog\/wp-json\/wp\/v2\/posts\/1996\/revisions"}],"wp:attachment":[{"href":"https:\/\/blog.causeur.fr\/asiledeblog\/wp-json\/wp\/v2\/media?parent=1996"}],"wp:term":[{"taxonomy":"category","embeddable":true,"href":"https:\/\/blog.causeur.fr\/asiledeblog\/wp-json\/wp\/v2\/categories?post=1996"},{"taxonomy":"post_tag","embeddable":true,"href":"https:\/\/blog.causeur.fr\/asiledeblog\/wp-json\/wp\/v2\/tags?post=1996"}],"curies":[{"name":"wp","href":"https:\/\/api.w.org\/{rel}","templated":true}]}}