{"id":2003,"date":"2014-01-06T09:46:53","date_gmt":"2014-01-06T09:46:53","guid":{"rendered":"http:\/\/blog.causeur.fr\/asiledeblog\/?p=2003"},"modified":"2021-04-26T12:57:18","modified_gmt":"2021-04-26T10:57:18","slug":"todd-prof-chahuteur","status":"publish","type":"post","link":"https:\/\/blog.causeur.fr\/asiledeblog\/todd-prof-chahuteur-2003","title":{"rendered":"Todd, prof chahuteur"},"content":{"rendered":"<p><strong>Emmanuel Todd, l\u2019\u00e9conomiste iconoclaste, remet s\u00e8chement \u00e0 leur place ceux qui ont l\u2019euro pour seule devise\u2026<\/strong><\/p>\n<p><a href=\"http:\/\/blog.causeur.fr\/asiledeblog\/todd-prof-chahuteur,002003\/emmanuel-todd-cinq-ans-hollande-sera-geant-na-l-sudvf7\" rel=\"attachment wp-att-2004\"><img loading=\"lazy\" decoding=\"async\" class=\"alignleft size-medium wp-image-2004\" src=\"http:\/\/blog.causeur.fr\/asiledeblog\/files\/2014\/01\/emmanuel-todd-cinq-ans-hollande-sera-geant-na-L-SUDvf7-300x220.jpg\" alt=\"\" width=\"300\" height=\"220\" srcset=\"https:\/\/blog.causeur.fr\/asiledeblog\/wp-content\/uploads\/sites\/10\/2014\/01\/emmanuel-todd-cinq-ans-hollande-sera-geant-na-L-SUDvf7-300x220.jpg 300w, https:\/\/blog.causeur.fr\/asiledeblog\/wp-content\/uploads\/sites\/10\/2014\/01\/emmanuel-todd-cinq-ans-hollande-sera-geant-na-L-SUDvf7.jpg 600w\" sizes=\"auto, (max-width: 300px) 100vw, 300px\" \/><\/a>Ce n\u2019est pas la premi\u00e8re fois que je vous recommande les prestations d\u2019Emmanuel Todd \u00e0 la t\u00e9l\u00e9, toujours fameuses. Non seulement il y fait volontiers le prof, mais face \u00e0 des classes souvent indisciplin\u00e9es, au lieu de s\u2019\u00e9nerver il est le premier \u00e0 chahuter\u00a0! De quoi d\u00e9stabiliser ses \u00ab\u00a0\u00e9l\u00e8ves\u00a0\u00bb, qui confondent un peu facilement s\u00e9rieux et esprit de s\u00e9rieux.<\/p>\n<p>Le mois dernier il \u00e9tait l\u2019h\u00f4te de <em>Mots Crois\u00e9s<\/em>, l\u2019\u00e9mission d\u2019Yves Calvi, pour sa derni\u00e8re avant \u00ab\u00a0les f\u00eates\u00a0\u00bb\u00a0: l\u2019ultime occasion de faire maigre\u00a0! Au menu un plat unique, l\u2019Europe, et autour de la table, pour respecter le protocole du CSA, une Verte, une Rose, un UMP et un FN.<br \/>\n<!--more--><br \/>\nHeureusement, il y a Todd\u00a0! Au milieu de cet ar\u00e9opage, il fait figure de Candide, voire d\u2019ovni. Si \u00e7a se trouve, c\u2019est m\u00eame \u00e8s qualit\u00e9s qu\u2019on l\u2019a invit\u00e9, pour animer un peu le ronron politicien.<\/p>\n<p>Apr\u00e8s un premier tour de table et un gros quart d\u2019heure, le ma\u00eetre de c\u00e9ans passe donc la parole \u00e0 notre E.T. Si c\u2019\u00e9tait pour faire contrepoint, c\u2019est r\u00e9ussi\u00a0: d\u2019embl\u00e9e, Todd d\u00e9clare le d\u00e9bat nul et non avenu\u00a0! \u00ab\u00a0<em>Inutile de se perdre dans les d\u00e9tails techniques. L\u2019euro ne fonctionne pas, un point c\u2019est tout.\u00a0<\/em>\u00bb<\/p>\n<p>Avant m\u00eame d\u2019\u00e9voquer l\u2019absurdit\u00e9 \u00e9conomique d\u2019une telle assertion, comment ne pas voir qu\u2019elle pose un probl\u00e8me <em>\u00e9thique<\/em>\u00a0? Florian Philippot a dit <em>la m\u00eame chose\u00a0!, <\/em>comme le souligne gravement l\u2019animateur.<\/p>\n<p>\u00c7a ne l\u2019impressionne gu\u00e8re, Emmanuel\u00a0! Il n\u2019a attendu personne pour \u00eatre antifasciste. Mais pour l\u2019heure, \u00e0 ses yeux, le p\u00e9ril est ailleurs\u00a0: en tant que Fran\u00e7ais, dit-il, \u00ab\u00a0<em>je suis de plus en plus saisi par un d\u00e9sespoir sinc\u00e8re de citoyen face \u00e0 la dimension tragique de notre situation\u00a0<\/em>\u00bb.<\/p>\n<p>Outre cette \u00e9vidente sinc\u00e9rit\u00e9, ce qui frappe le plus chez Todd, c\u2019est son insolence d\u2019\u00e9ternel Gavroche bac+12. Il faut voir comment il remet \u00e0 leur place non seulement les choses, mais les gens qui en parlent. Bref floril\u00e8ge recueilli ce soir-l\u00e0\u00a0:<\/p>\n<p>L\u2019UMP de progr\u00e8s Benoist Apparu, qui a boss\u00e9 ses fiches, r\u00e9p\u00e8te comme un mantra que \u00ab\u00a0<em>l\u2019euro, \u00e7a marche\u00a0!\u00a0<\/em>\u00bb, avec force chiffres et \u00ab\u00a0<em>\u00e9l\u00e9ments de langage\u00a0<\/em>\u00bb \u00e0 la clef. Commentaire d\u2019Emmanuel\u00a0: \u00ab\u00a0<em>M. Apparu balance des th\u00e9ories \u00e9conomiques que visiblement il ne comprend pas bien lui-m\u00eame.\u00a0<\/em>\u00bb<\/p>\n<p>\u00c0 la socialiste Karine Berger qui, faute de mieux, fait valoir l\u2019Europe comme \u00ab\u00a0<em>espace de paix et de libert\u00e9s\u00a0<\/em>\u00bb Todd r\u00e9pond sobrement\u00a0: \u00ab<em> Remercions nos amis Am\u00e9ricains\u00a0! Par elle-m\u00eame, l\u2019Europe n\u2019\u00e9tait arriv\u00e9e \u00e0 rien&#8230;\u00a0<\/em>\u00bb<\/p>\n<p>Et pour Emmanuelle Cosse, nouvelle cheftaine des Verts, qui raconte l\u2019Europe r\u00eav\u00e9e par les \u00e9colos, il n\u2019aura qu\u2019un mot\u00a0: \u00ab\u00a0<em>Vous parlez de choses qui n\u2019existent pas<\/em>\u00a0! \u00bb<\/p>\n<p>Insolent, l\u2019ami Todd\u00a0? Mais c\u2019est son r\u00f4le, et il le tient \u00e0 merveille. Au-del\u00e0 de ses interlocuteurs encart\u00e9s, qui de toute fa\u00e7on ne l\u2019\u00e9coutent pas, c\u2019est au public qu\u2019Emmanuel s\u2019adresse. Il montre aux spectateurs du cirque que les lions sont empaill\u00e9s.<\/p>\n<p>&nbsp;<\/p>\n<p><em>\u00a0Article publi\u00e9 dans Valeurs Actuelles, le mercredi 25 d\u00e9cembre 2013<\/em><\/p>\n<p>&nbsp;<\/p>\n","protected":false},"excerpt":{"rendered":"<p>Emmanuel Todd, l\u2019\u00e9conomiste iconoclaste, remet s\u00e8chement \u00e0 leur place ceux qui ont l\u2019euro pour seule devise\u2026 Ce n\u2019est pas la premi\u00e8re fois que je vous recommande les prestations d\u2019Emmanuel Todd \u00e0 la t\u00e9l\u00e9, toujours fameuses. Non seulement il y fait volontiers le prof, mais face \u00e0 des classes souvent indisciplin\u00e9es, au lieu de s\u2019\u00e9nerver il [&hellip;]<\/p>\n","protected":false},"author":9,"featured_media":0,"comment_status":"open","ping_status":"open","sticky":false,"template":"","format":"standard","meta":{"footnotes":""},"categories":[1],"tags":[628,260,627,494],"class_list":{"0":"post-2003","1":"post","2":"type-post","3":"status-publish","4":"format-standard","6":"category-non-classe","7":"tag-benoist-apparu","8":"tag-emmanuel-todd","9":"tag-florian-philippot","10":"tag-yves-calvi"},"_links":{"self":[{"href":"https:\/\/blog.causeur.fr\/asiledeblog\/wp-json\/wp\/v2\/posts\/2003","targetHints":{"allow":["GET"]}}],"collection":[{"href":"https:\/\/blog.causeur.fr\/asiledeblog\/wp-json\/wp\/v2\/posts"}],"about":[{"href":"https:\/\/blog.causeur.fr\/asiledeblog\/wp-json\/wp\/v2\/types\/post"}],"author":[{"embeddable":true,"href":"https:\/\/blog.causeur.fr\/asiledeblog\/wp-json\/wp\/v2\/users\/9"}],"replies":[{"embeddable":true,"href":"https:\/\/blog.causeur.fr\/asiledeblog\/wp-json\/wp\/v2\/comments?post=2003"}],"version-history":[{"count":0,"href":"https:\/\/blog.causeur.fr\/asiledeblog\/wp-json\/wp\/v2\/posts\/2003\/revisions"}],"wp:attachment":[{"href":"https:\/\/blog.causeur.fr\/asiledeblog\/wp-json\/wp\/v2\/media?parent=2003"}],"wp:term":[{"taxonomy":"category","embeddable":true,"href":"https:\/\/blog.causeur.fr\/asiledeblog\/wp-json\/wp\/v2\/categories?post=2003"},{"taxonomy":"post_tag","embeddable":true,"href":"https:\/\/blog.causeur.fr\/asiledeblog\/wp-json\/wp\/v2\/tags?post=2003"}],"curies":[{"name":"wp","href":"https:\/\/api.w.org\/{rel}","templated":true}]}}