{"id":2007,"date":"2014-01-13T14:34:28","date_gmt":"2014-01-13T14:34:28","guid":{"rendered":"http:\/\/blog.causeur.fr\/asiledeblog\/?p=2007"},"modified":"2021-04-26T12:57:18","modified_gmt":"2021-04-26T10:57:18","slug":"le-bonheur-est-dans-lenoir","status":"publish","type":"post","link":"https:\/\/blog.causeur.fr\/asiledeblog\/le-bonheur-est-dans-lenoir-2007","title":{"rendered":"Le bonheur est dans Lenoir"},"content":{"rendered":"<p><strong>Pour \u00eatre heureux, nous enseigne le philosophe Fr\u00e9d\u00e9ric Lenoir, il faut \u00ab\u00a0<em>\u00eatre soi-m\u00eame, aimer la vie et la savourer\u00a0<\/em>\u00bb. Qu\u2019est-ce qu\u2019on ferait sans lui\u00a0? <\/strong><\/p>\n<p><a href=\"http:\/\/blog.causeur.fr\/asiledeblog\/le-bonheur-est-dans-lenoir,002007\/capture-d%e2%80%99e%cc%81cran-2014-01-13-a%cc%80-15-32-39\" rel=\"attachment wp-att-2008\"><img loading=\"lazy\" decoding=\"async\" class=\"alignleft size-medium wp-image-2008\" src=\"http:\/\/blog.causeur.fr\/asiledeblog\/files\/2014\/01\/Capture-d\u2019e\u0301cran-2014-01-13-a\u0300-15.32.39-300x170.png\" alt=\"\" width=\"300\" height=\"170\" srcset=\"https:\/\/blog.causeur.fr\/asiledeblog\/wp-content\/uploads\/sites\/10\/2014\/01\/Capture-d\u2019e\u0301cran-2014-01-13-a\u0300-15.32.39-300x170.png 300w, https:\/\/blog.causeur.fr\/asiledeblog\/wp-content\/uploads\/sites\/10\/2014\/01\/Capture-d\u2019e\u0301cran-2014-01-13-a\u0300-15.32.39-1024x582.png 1024w, https:\/\/blog.causeur.fr\/asiledeblog\/wp-content\/uploads\/sites\/10\/2014\/01\/Capture-d\u2019e\u0301cran-2014-01-13-a\u0300-15.32.39.png 1276w\" sizes=\"auto, (max-width: 300px) 100vw, 300px\" \/><\/a>Fr\u00e9d\u00e9ric Lenoir, vous connaissez\u00a0? Pour vous situer un peu le personnage, il fut pendant dix ans directeur du <em>Monde des religions<\/em>, revue des relativismes th\u00e9ologiques, et anime sur France Culture une \u00e9mission hebdo bizarrement intitul\u00e9e <em>Les racines du Ciel<\/em>, lui qui n\u2019y croit pas. Sa pr\u00e9f\u00e9rence irait plut\u00f4t \u00e0 cette sorte de n\u00e9obouddhisme d\u00e9sar\u00eat\u00e9 qu\u2019on pratique \u00e0 Los Angeles et \u00e0 Saint-Germain.<\/p>\n<p>Fin d\u00e9cembre dernier, il \u00e9tait sur le plateau d\u2019<em>On n\u2019est pas couch\u00e9 <\/em>pour vendre son dernier opus\u00a0: <em>Du bonheur, un voyage philosophique<\/em>. Un titre genre \u00ab\u00a0trait\u00e9 latin\u00a0\u00bb, \u00e7a s\u2019impose pour quelqu\u2019un qui s\u2019auto-intitule <em>philosophe et \u00e9crivain<\/em> (c\u2019est marqu\u00e9 en-dessous de lui sur l\u2019\u00e9cran).<!--more--><\/p>\n<p>\u00ab\u00a0<em>Le bonheur, <\/em>nous explique s\u00e9rieusement le professeur Lenoir<em>,\u00a0c\u2019est un \u00e9quilibre\u00a0: on ne peut pas tout faire dans la vie, donc il y a des choix \u00e0 faire\u00a0!\u00a0<\/em>\u00bb D\u00e9j\u00e0 je reste scotch\u00e9, devant ce truisme d\u00e9fiant la parodie. Et lui de continuer imperturbablement \u00e0 enfiler les perles\u00a0: \u00ab\u00a0<em>Le bonheur, c\u2019est l\u2019accomplissement de sa nature\u00a0<\/em>(\u2026) <em>C\u2019est \u00eatre soi-m\u00eame dans le respect des autres\u00a0<\/em>\u00bb.<\/p>\n<p>\u00ab\u00a0<em>Poncifs\u00a0!\u00a0<\/em>\u00bb s\u2019exclame Aymeric Caron\u00a0; et pour la premi\u00e8re fois depuis que ce gandin s\u00e9vit chez Ruquier, je me retrouve d\u2019accord avec lui. L\u2019affaire doit \u00eatre grave\u00a0! D\u2019ordinaire je ne supporte ni ses fausses col\u00e8res moralisantes, ni ses rires de hy\u00e8ne coiff\u00e9e. Mais l\u00e0, il faudrait au moins sa mauvaise foi pour ne pas approuver.<\/p>\n<p><em>\u00ab\u00a0Je n\u2019ai pas eu l\u2019impression d\u2019apprendre grand-chose en vous lisant\u00a0<\/em>\u00bb, dit Caron \u00e0 l\u2019auteur, que cette aimable litote suffit \u00e0 irriter. \u2013 Comment \u00e7a, on n\u2019apprend rien dans mon livre\u00a0? s\u2019indigne-t-il, avant de nous r\u00e9sumer les tr\u00e9sors de sagesse qu\u2019on y pourra puiser.<\/p>\n<p>Primo, c\u2019est \u00ab\u00a0<em>une bonne vulgarisation de<\/em> l\u2019Ethique <em>de Spinoza\u00a0<\/em>\u00bb, et Dieu sait que \u00e7a lui a donn\u00e9 du mal\u00a0: \u00ab\u00a0<em>Je l\u2019ai lu vingt fois avant de le comprendre\u00a0<\/em>\u00bb. Mais surtout, en mati\u00e8re de bonheur, il est, figurez-vous, \u00ab\u00a0<em>le seul \u00e0 faire la jonction entre les philosophies d\u2019Orient et d\u2019Occident et les sciences contemporaines<\/em>\u00a0\u00bb. Fameuse pr\u00e9tention qui, h\u00e9las, n\u2019impressionne gu\u00e8re dans ce genre d\u2019\u00e9mission. Et alors, relance Ruquier, quelles nouvelles\u00a0?<\/p>\n<p>Fr\u00e9d\u00e9ric nous annonce d\u2019abord la mauvaise, qui est scientifique. D\u2019apr\u00e8s ses sources, \u00ab\u00a0<em>l\u2019aptitude au bonheur d\u00e9pend \u00e0 50 % du patrimoine g\u00e9n\u00e9tique<\/em>\u00a0\u00bb, &#8211; sans m\u00eame parler de la petite enfance. Nous voil\u00e0 donc \u00ab\u00a0<em>conditionn\u00e9s<\/em>\u00a0\u00bb\u2026 mais pas \u00ab\u00a0<em>d\u00e9termin\u00e9s<\/em>\u00a0\u00bb pour autant. M\u00eame que c\u2019est \u00e7a, la bonne nouvelle philosophique\u00a0: \u00ab\u00a0<em>On peut faire un travail sur soi\u00a0!\u00a0<\/em>\u00bb.<\/p>\n<p>Pour ceux que le mot <em>\u00ab\u00a0travail\u00a0<\/em>\u00bb effaroucherait ma\u00eetre Lenoir, qui ratisse large, conclut sur un enseignement un peu plus vendeur &#8211; qu\u2019il tient, para\u00eet-il, de Montaigne et Tchouang-tseu r\u00e9unis\u00a0: \u00ab\u00a0<em>L\u2019essentiel, pour \u00eatre heureux, c\u2019est d\u2019aimer la vie et de la savourer\u00a0<\/em>\u00bb.<\/p>\n<p>Si c\u2019\u00e9tait pour dire \u00e7a, il aurait aussi bien pu citer Guitry et Willemetz\u00a0: \u00ab\u00a0<em>Amusez-vous, foutez-vous d\u2019tout\u2026\u00a0<\/em>\u00bb D\u2019ailleurs, j\u2019ai l\u2019impression que c\u2019est ce qu\u2019il a fait dans son livre.<\/p>\n<p>Article publi\u00e9 le mercredi 8 janvier 2014<\/p>\n<p>&nbsp;<\/p>\n","protected":false},"excerpt":{"rendered":"<p>Pour \u00eatre heureux, nous enseigne le philosophe Fr\u00e9d\u00e9ric Lenoir, il faut \u00ab\u00a0\u00eatre soi-m\u00eame, aimer la vie et la savourer\u00a0\u00bb. Qu\u2019est-ce qu\u2019on ferait sans lui\u00a0? Fr\u00e9d\u00e9ric Lenoir, vous connaissez\u00a0? Pour vous situer un peu le personnage, il fut pendant dix ans directeur du Monde des religions, revue des relativismes th\u00e9ologiques, et anime sur France Culture une [&hellip;]<\/p>\n","protected":false},"author":9,"featured_media":0,"comment_status":"open","ping_status":"open","sticky":false,"template":"","format":"standard","meta":{"footnotes":""},"categories":[1],"tags":[501,631,264,630],"class_list":{"0":"post-2007","1":"post","2":"type-post","3":"status-publish","4":"format-standard","6":"category-non-classe","7":"tag-aymeric-caron","8":"tag-frederic-lenoir","9":"tag-laurent-ruquier","10":"tag-spinoza"},"_links":{"self":[{"href":"https:\/\/blog.causeur.fr\/asiledeblog\/wp-json\/wp\/v2\/posts\/2007","targetHints":{"allow":["GET"]}}],"collection":[{"href":"https:\/\/blog.causeur.fr\/asiledeblog\/wp-json\/wp\/v2\/posts"}],"about":[{"href":"https:\/\/blog.causeur.fr\/asiledeblog\/wp-json\/wp\/v2\/types\/post"}],"author":[{"embeddable":true,"href":"https:\/\/blog.causeur.fr\/asiledeblog\/wp-json\/wp\/v2\/users\/9"}],"replies":[{"embeddable":true,"href":"https:\/\/blog.causeur.fr\/asiledeblog\/wp-json\/wp\/v2\/comments?post=2007"}],"version-history":[{"count":0,"href":"https:\/\/blog.causeur.fr\/asiledeblog\/wp-json\/wp\/v2\/posts\/2007\/revisions"}],"wp:attachment":[{"href":"https:\/\/blog.causeur.fr\/asiledeblog\/wp-json\/wp\/v2\/media?parent=2007"}],"wp:term":[{"taxonomy":"category","embeddable":true,"href":"https:\/\/blog.causeur.fr\/asiledeblog\/wp-json\/wp\/v2\/categories?post=2007"},{"taxonomy":"post_tag","embeddable":true,"href":"https:\/\/blog.causeur.fr\/asiledeblog\/wp-json\/wp\/v2\/tags?post=2007"}],"curies":[{"name":"wp","href":"https:\/\/api.w.org\/{rel}","templated":true}]}}