{"id":2013,"date":"2014-01-20T17:58:13","date_gmt":"2014-01-20T17:58:13","guid":{"rendered":"http:\/\/blog.causeur.fr\/asiledeblog\/?p=2013"},"modified":"2021-04-26T12:57:18","modified_gmt":"2021-04-26T10:57:18","slug":"rions-de-tout-avec-gaspard-2","status":"publish","type":"post","link":"https:\/\/blog.causeur.fr\/asiledeblog\/rions-de-tout-avec-gaspard-2-2013","title":{"rendered":"Rions de tout avec Gaspard !"},"content":{"rendered":"<p><strong>Gaspard Proust : le renouveau de l\u2019esprit fran\u00e7ais vient d\u2019un Slov\u00e9no-suisse. Jamais plus je ne critiquerai la politique d\u2019immigration\u2026<\/strong><\/p>\n<figure id=\"attachment_2014\" aria-describedby=\"caption-attachment-2014\" style=\"width: 300px\" class=\"wp-caption alignleft\"><a href=\"http:\/\/blog.causeur.fr\/asiledeblog\/rions-de-tout-avec-gaspard-2,002013\/gas\" rel=\"attachment wp-att-2014\"><img loading=\"lazy\" decoding=\"async\" class=\"size-medium wp-image-2014\" src=\"http:\/\/blog.causeur.fr\/asiledeblog\/files\/2014\/01\/gas-300x225.jpg\" alt=\"\" width=\"300\" height=\"225\" srcset=\"https:\/\/blog.causeur.fr\/asiledeblog\/wp-content\/uploads\/sites\/10\/2014\/01\/gas-300x225.jpg 300w, https:\/\/blog.causeur.fr\/asiledeblog\/wp-content\/uploads\/sites\/10\/2014\/01\/gas.jpg 1024w\" sizes=\"auto, (max-width: 300px) 100vw, 300px\" \/><\/a><figcaption id=\"caption-attachment-2014\" class=\"wp-caption-text\">Gaspard Proust sur sc\u00e8ne (images du DVD de Studiocanal)<\/figcaption><\/figure>\n<p>Gaspard Proust ? On vous en a d\u00e9j\u00e0 parl\u00e9 ici, et pour cause ! Le gaillard tient une chronique d\u00e9ton(n)ante dans l\u2019\u00e9mission d\u2019Ardisson, Salut les Terriens. Ses saillies y provoquent m\u00eame souvent, chez les invit\u00e9s du jour, malaise ou accablement.<\/p>\n<p>Il fallait voir la t\u00eate d\u2019Edwy Plenel, le samedi o\u00f9 notre humoriste s\u2019est lanc\u00e9 dans un plaidoyer improbable en faveur de L\u00e9onarda et sa famille, avant de conclure sur cette envol\u00e9e lyrique : \u00ab Nous, le pays de Victor Hugo, nous refuserions d\u2019accueillir les petits Th\u00e9nardier ? \u00bb<!--more--><\/p>\n<p>Gr\u00e2ce \u00e0 de savoureux plans de coupe, on pouvait voir en temps r\u00e9el le patron de Mediapart plisser les yeux jusqu\u2019\u00e0 n\u2019en avoir plus, et se figer dans son fameux rictus qui fait peur aux enfants.<\/p>\n<p>Si je vous reparle de ce Proust, c\u2019est qu\u2019il a une actu. Son premier spectacle, Gaspard Proust tapine, est diffus\u00e9 ces jours-ci \u00e0 la t\u00e9l\u00e9, et pas n\u2019importe laquelle : Canal plus, qui en produit aussi le DVD. Les affaires sont les affaires, voyez-vous, et Gaspard doit en \u00eatre une bonne ! Parce que sinon, sur le fond, rien de plus \u00e9loign\u00e9 de ce qu\u2019on appelle l\u2019 \u00ab esprit Canal \u00bb que l\u2019esprit proustien : un dandysme d\u2019anar de droite genre n\u00e9o-muscadin.<\/p>\n<p>Sur sc\u00e8ne, ce je-m\u2019en-foutiste cultiv\u00e9 nous \u00e9pargne \u00e0 la fois le redoutable \u00ab rire citoyen \u00bb \u00e0 la Guillon-Bedos-Ribes et l\u2019humour d\u00e9c\u00e9r\u00e9br\u00e9 \u00e0 base de sexe et de smartphones. Mine de rien, une heure quarante durant, il nous parle litt\u00e9rature, histoire, religion, soci\u00e9t\u00e9\u2026 Et si l\u2019on ne s\u2019endort pas, c\u2019est aussi que l\u2019artiste sait faire son Fregoli \u2013 changeant sans cesse de sujet, de point de vue et m\u00eame de personnalit\u00e9.<\/p>\n<p>Au bout du compte on s\u2019y retrouve quand m\u00eame, ne serait-ce que gr\u00e2ce \u00e0 sa fameuse d\u00e9monstration : \u00ab Nous sommes tous de droite ! Vous connaissez des gens de gauche qui, \u00e0 la chute du Mur de Berlin, se sont enfuis \u00e0 l\u2019Est ? \u00bb<\/p>\n<p>R\u00e9ac, le Proust ? Peut \u00eatre, mais sans les \u0153ill\u00e8res qu\u2019on porte ordinairement en face, dans le camp du Bien. Lui sait se moquer aussi des int\u00e9gristes du \u00ab C\u2019\u00e9tait mieux avant \u00bb : \u00ab Les gens d\u2019autrefois \u00e9taient beaucoup plus cultiv\u00e9s ! La preuve, sous Jules C\u00e9sar, les esclaves parlaient latin. \u00bb<\/p>\n<p>Ce dr\u00f4le-l\u00e0, vous dis-je, n\u2019a pas de concurrent vivant. M\u00eame Coluche et Desproges, c\u2019\u00e9tait bien pour l\u2019\u00e9poque, mais Proust va plus loin : il rit de tout et avec tout le monde &#8211; du moment que les gens payent leur place.<\/p>\n<p>Il a raison, d\u2019ailleurs : en g\u00e9n\u00e9ral ceux qui ne payent pas, ne comprennent pas non plus, comme en psychanalyse. Il y a deux ans d\u00e9j\u00e0, Guy Bedos avait quitt\u00e9 bruyamment sa place gratuite au bout d\u2019une demi-heure de spectacle, n\u2019y tenant plus. Et \u00e0 la m\u00eame \u00e9poque Le Monde (16\/11\/11) n\u2019h\u00e9sitait pas \u00e0 titrer sa critique : \u00ab Gaspard Proust, l\u2019\u00c9ric Zemmour de l\u2019humour. \u00bb<\/p>\n<p>Tout \u00e7a pour vous inciter \u00e0 faire un effort ! Exceptionnellement, allez voir Canal plus chez vos voisins bobos. Au d\u00e9but ils seront surpris, et \u00e0 la fin ils seront bien attrap\u00e9s.<\/p>\n<p>Publi\u00e9 dans Valeurs actuelles, le mercredi 15 janvier 2014<\/p>\n","protected":false},"excerpt":{"rendered":"<p>Gaspard Proust : le renouveau de l\u2019esprit fran\u00e7ais vient d\u2019un Slov\u00e9no-suisse. Jamais plus je ne critiquerai la politique d\u2019immigration\u2026 Gaspard Proust ? On vous en a d\u00e9j\u00e0 parl\u00e9 ici, et pour cause ! Le gaillard tient une chronique d\u00e9ton(n)ante dans l\u2019\u00e9mission d\u2019Ardisson, Salut les Terriens. Ses saillies y provoquent m\u00eame souvent, chez les invit\u00e9s du [&hellip;]<\/p>\n","protected":false},"author":9,"featured_media":0,"comment_status":"open","ping_status":"open","sticky":false,"template":"","format":"standard","meta":{"footnotes":""},"categories":[1],"tags":[419,183],"class_list":{"0":"post-2013","1":"post","2":"type-post","3":"status-publish","4":"format-standard","6":"category-non-classe","7":"tag-gaspard-proust","8":"tag-reac"},"_links":{"self":[{"href":"https:\/\/blog.causeur.fr\/asiledeblog\/wp-json\/wp\/v2\/posts\/2013","targetHints":{"allow":["GET"]}}],"collection":[{"href":"https:\/\/blog.causeur.fr\/asiledeblog\/wp-json\/wp\/v2\/posts"}],"about":[{"href":"https:\/\/blog.causeur.fr\/asiledeblog\/wp-json\/wp\/v2\/types\/post"}],"author":[{"embeddable":true,"href":"https:\/\/blog.causeur.fr\/asiledeblog\/wp-json\/wp\/v2\/users\/9"}],"replies":[{"embeddable":true,"href":"https:\/\/blog.causeur.fr\/asiledeblog\/wp-json\/wp\/v2\/comments?post=2013"}],"version-history":[{"count":0,"href":"https:\/\/blog.causeur.fr\/asiledeblog\/wp-json\/wp\/v2\/posts\/2013\/revisions"}],"wp:attachment":[{"href":"https:\/\/blog.causeur.fr\/asiledeblog\/wp-json\/wp\/v2\/media?parent=2013"}],"wp:term":[{"taxonomy":"category","embeddable":true,"href":"https:\/\/blog.causeur.fr\/asiledeblog\/wp-json\/wp\/v2\/categories?post=2013"},{"taxonomy":"post_tag","embeddable":true,"href":"https:\/\/blog.causeur.fr\/asiledeblog\/wp-json\/wp\/v2\/tags?post=2013"}],"curies":[{"name":"wp","href":"https:\/\/api.w.org\/{rel}","templated":true}]}}