{"id":2026,"date":"2014-02-10T10:46:32","date_gmt":"2014-02-10T10:46:32","guid":{"rendered":"http:\/\/blog.causeur.fr\/asiledeblog\/?p=2026"},"modified":"2021-04-26T12:57:18","modified_gmt":"2021-04-26T10:57:18","slug":"une-teigne-a-lelysee","status":"publish","type":"post","link":"https:\/\/blog.causeur.fr\/asiledeblog\/une-teigne-a-lelysee-2026","title":{"rendered":"Une teigne \u00e0 l\u2019\u00c9lys\u00e9e ?"},"content":{"rendered":"<p><strong>On croyait que le pr\u00e9sident \u00e9tait socialiste et sympa\u00a0; selon sa biographe, invit\u00e9e chez Zemmour et Naulleau, il n\u2019est ni l\u2019un ni l\u2019autre\u2026<\/strong><\/p>\n<p><a href=\"http:\/\/blog.causeur.fr\/asiledeblog\/une-teigne-a-l%e2%80%99elysee,002026\/hollande\" rel=\"attachment wp-att-2027\"><img loading=\"lazy\" decoding=\"async\" class=\"alignleft size-medium wp-image-2027\" src=\"http:\/\/blog.causeur.fr\/asiledeblog\/files\/2014\/02\/hollande-273x300.jpg\" alt=\"\" width=\"246\" height=\"269\" srcset=\"https:\/\/blog.causeur.fr\/asiledeblog\/wp-content\/uploads\/sites\/10\/2014\/02\/hollande-273x300.jpg 273w, https:\/\/blog.causeur.fr\/asiledeblog\/wp-content\/uploads\/sites\/10\/2014\/02\/hollande.jpg 930w\" sizes=\"auto, (max-width: 246px) 100vw, 246px\" \/><\/a>L\u2019autre vendredi chez Zemmour et Naulleau, la journaliste C\u00e9cile Amar parlait de son bouquin sur Hollande, joliment titr\u00e9 <em>Jusqu\u2019ici tout va mal.<\/em> Habill\u00e9 pour l\u2019hiver, le pr\u00e9sident\u00a0!<\/p>\n<p>Primo, apprend-on, c\u2019est un faux gentil. Certes, il sait jouer de sa rondeur affable en tant que de besoin\u00a0: \u00ab\u00a0<em>Il a fait campagne en r\u00e9p\u00e9tant tous les jours<\/em>\u00a0: \u00ab\u00a0Pour \u00eatre aim\u00e9 il faut \u00eatre aimable\u00a0\u00bb, <em>et il l\u2019\u00e9tait\u00a0!\u00a0<\/em>\u00bb Mais en r\u00e9alit\u00e9 l\u2019homme est \u00ab\u00a0<em>dur, col\u00e9rique\u00a0<\/em>\u00bb et m\u00eame \u00ab\u00a0<em>sans affect\u00a0<\/em>\u00bb, comme dit Mme Trierweiller qui conna\u00eet le dossier. Et \u00e7a ne s\u2019est pas arrang\u00e9 depuis qu\u2019il est pr\u00e9sident\u00a0: \u00ab\u00a0A<em>vec l\u2019absence de r\u00e9sultats et l\u2019impopularit\u00e9, il s\u2019est cabr\u00e9\u2026 \u00c0 l\u2019\u00c9lys\u00e9e, certains l\u2019appellent maintenant <\/em>La Teigne.\u00a0\u00bb Ambiance\u00a0!<!--more--><\/p>\n<p>Secundo, notre pr\u00e9sident est un ado attard\u00e9. Pour lui, explique la journaliste, \u00ab\u00a0<em>\u00eatre un<\/em> \u00ab\u00a0<em>Pr\u00e9sident normal<\/em>\u00a0\u00bb, <em>\u00e7a voulait dire aussi continuer \u00e0 vivre sa vie.\u00a0<\/em>\u00bb Ainsi, \u00e0 peine entr\u00e9 \u00e0 l\u2019\u00c9lys\u00e9e, demande-t-il \u00e0 ses collaborateurs\u00a0: \u00ab\u00a0<em>Comment je sors sans qu\u2019on me voie\u00a0?\u00a0<\/em>\u00bb<\/p>\n<p><em>\u00ab\u00a0J\u2019ai deux ados, et je crois les entendre\u00a0! ,<\/em> s\u2019amuse Zemmour\u00a0:\u00a0<em>Je veux rester libre, et avoir le g\u00eete et le couvert \u00e0 la maison\u2026\u00a0Mais<\/em> c<em>\u2019est pour les gamins de 16 ans, \u00e7a\u00a0!\u00a0<\/em>\u00bb<\/p>\n<p>Tertio, Hollande est un opportuniste pur sucre. Un exemple entre cent\u00a0: quand Mme Duflot pr\u00e9sente en Conseil des ministres le projet de loi sur l\u2019encadrement des loyers &#8211; qui est quand m\u00eame un de ses engagements de candidat \u2013 le pr\u00e9sident r\u00e9pond apr\u00e8s r\u00e9flexion, dans un silence de mort\u00a0: \u00ab\u00a0<em>Mais est-ce que l\u2019encadrement des loyers, c\u2019est bien\u00a0?\u00a0<\/em>\u00bb<\/p>\n<p>Cette vertigineuse absence de convictions c\u00f4toie, accessoirement, un m\u00e9pris sid\u00e9ral pour les gens. Ainsi le soi-disant \u00ab\u00a0<em>fils spirituel de Jaques Delors<\/em>\u00a0\u00bb n\u2019en a-t-il plus rien \u00e0 faire de Papa, qu\u2019il a m\u00eame refus\u00e9 d\u2019inviter au cinquantenaire du trait\u00e9 franco-allemand, malgr\u00e9 la demande expresse de Mme Merkel. \u00ab\u00a0<em>Dans les ann\u00e9es 90<\/em>, r\u00e9sume C\u00e9cile<em>, il a\u00a0 cru que Delors allait \u00eatre candidat \u00e0 la pr\u00e9sidentielle, alors il \u00e9tait deloriste. Ensuite, il ne l\u2019a pas revu pendant dix ans\u2026\u00a0<\/em>\u00bb<\/p>\n<p>Mais en fait de cynisme, \u00e0 en croire notre journaliste, l\u2019homme avait donn\u00e9 toute sa mesure d\u00e8s l\u2019\u00a0\u00ab\u00a0affaire Florange\u00a0\u00bb. \u00ab\u00a0<em>Je ne vous laisserai pas tomber\u00a0!\u00a0<\/em>\u00bb avait-il jur\u00e9 aux ouvriers d\u2019Arcelor-Mittal du haut d\u2019une camionnette, avant de les laisser tomber avec un bruit sec (non sans cr\u00e9er au passage, quand m\u00eame, un emploi au Parlement europ\u00e9en). Ce qui nous vaut ce savoureux dialogue entre C\u00e9cile et Fran\u00e7ois\u00a0:<\/p>\n<p>\u2013 <em>Alors vous n\u2019y avez jamais cru, \u00e0 l\u2019id\u00e9e de nationalisation temporaire<\/em>\u00a0?<\/p>\n<p><em>\u2013 La nationalisation, c\u2019\u00e9tait une arme pour gagner\u00a0!<\/em><\/p>\n<p><em>\u2013 Mais vous allez perdre le vote ouvrier\u00a0!<\/em><\/p>\n<p><em>\u2013 Perdre les ouvriers, c\u2019est pas grave\u2026<\/em><\/p>\n<p>Le livre de Mlle Amar fourmille d\u2019anecdotes savoureuses de cette eau. C\u2019est qu\u2019elle conna\u00eet bien son sujet, la journaliste\u00a0; charg\u00e9e de <em>\u00ab\u00a0suivre la gauche\u00a0<\/em>\u00bb pour le <em>JDD<\/em>, elle c\u00f4toie et interviewe Hollande r\u00e9guli\u00e8rement depuis quinze ans. Enfin, sans doute conviendrait-il de mettre tout \u00e7a au pass\u00e9\u00a0; avec les indiscr\u00e9tions que C\u00e9cile balance ici, gageons que Fran\u00e7ois saura mettre fin \u00e0 cette relation-l\u00e0 aussi.<\/p>\n","protected":false},"excerpt":{"rendered":"<p>On croyait que le pr\u00e9sident \u00e9tait socialiste et sympa\u00a0; selon sa biographe, invit\u00e9e chez Zemmour et Naulleau, il n\u2019est ni l\u2019un ni l\u2019autre\u2026 L\u2019autre vendredi chez Zemmour et Naulleau, la journaliste C\u00e9cile Amar parlait de son bouquin sur Hollande, joliment titr\u00e9 Jusqu\u2019ici tout va mal. Habill\u00e9 pour l\u2019hiver, le pr\u00e9sident\u00a0! Primo, apprend-on, c\u2019est un faux [&hellip;]<\/p>\n","protected":false},"author":9,"featured_media":0,"comment_status":"open","ping_status":"open","sticky":false,"template":"","format":"standard","meta":{"footnotes":""},"categories":[1],"tags":[82],"class_list":{"0":"post-2026","1":"post","2":"type-post","3":"status-publish","4":"format-standard","6":"category-non-classe","7":"tag-francois-hollande"},"_links":{"self":[{"href":"https:\/\/blog.causeur.fr\/asiledeblog\/wp-json\/wp\/v2\/posts\/2026","targetHints":{"allow":["GET"]}}],"collection":[{"href":"https:\/\/blog.causeur.fr\/asiledeblog\/wp-json\/wp\/v2\/posts"}],"about":[{"href":"https:\/\/blog.causeur.fr\/asiledeblog\/wp-json\/wp\/v2\/types\/post"}],"author":[{"embeddable":true,"href":"https:\/\/blog.causeur.fr\/asiledeblog\/wp-json\/wp\/v2\/users\/9"}],"replies":[{"embeddable":true,"href":"https:\/\/blog.causeur.fr\/asiledeblog\/wp-json\/wp\/v2\/comments?post=2026"}],"version-history":[{"count":0,"href":"https:\/\/blog.causeur.fr\/asiledeblog\/wp-json\/wp\/v2\/posts\/2026\/revisions"}],"wp:attachment":[{"href":"https:\/\/blog.causeur.fr\/asiledeblog\/wp-json\/wp\/v2\/media?parent=2026"}],"wp:term":[{"taxonomy":"category","embeddable":true,"href":"https:\/\/blog.causeur.fr\/asiledeblog\/wp-json\/wp\/v2\/categories?post=2026"},{"taxonomy":"post_tag","embeddable":true,"href":"https:\/\/blog.causeur.fr\/asiledeblog\/wp-json\/wp\/v2\/tags?post=2026"}],"curies":[{"name":"wp","href":"https:\/\/api.w.org\/{rel}","templated":true}]}}