{"id":2029,"date":"2014-02-20T10:26:24","date_gmt":"2014-02-20T10:26:24","guid":{"rendered":"http:\/\/blog.causeur.fr\/asiledeblog\/?p=2029"},"modified":"2021-04-26T12:57:18","modified_gmt":"2021-04-26T10:57:18","slug":"le-sage-et-les-philosophes","status":"publish","type":"post","link":"https:\/\/blog.causeur.fr\/asiledeblog\/le-sage-et-les-philosophes-2029","title":{"rendered":"Le sage et les philosophes"},"content":{"rendered":"<p><strong>Jean-Claude Guillebaud, ou comment penser juste sans m\u00eame \u00eatre agr\u00e9g\u00e9 de philo.<\/strong><\/p>\n<p><a href=\"http:\/\/blog.causeur.fr\/asiledeblog\/le-sage-et-les-philosophes,002029\/guillebaud-2\" rel=\"attachment wp-att-2031\"><img loading=\"lazy\" decoding=\"async\" class=\"alignleft size-medium wp-image-2031\" src=\"http:\/\/blog.causeur.fr\/asiledeblog\/files\/2014\/02\/Guillebaud1-300x185.jpg\" alt=\"\" width=\"300\" height=\"185\" srcset=\"https:\/\/blog.causeur.fr\/asiledeblog\/wp-content\/uploads\/sites\/10\/2014\/02\/Guillebaud1-300x185.jpg 300w, https:\/\/blog.causeur.fr\/asiledeblog\/wp-content\/uploads\/sites\/10\/2014\/02\/Guillebaud1.jpg 567w\" sizes=\"auto, (max-width: 300px) 100vw, 300px\" \/><\/a>\u00ab\u00a0<em>Je n\u2019ai plus peur\u00a0<\/em>\u00bb. Comme son titre l\u2019indique, le dernier livre de Jean-Claude Guillebaud fait \u00e9cho \u00e0 l\u2019appel du Christ repris par Jean-Paul II\u00a0: \u00ab\u00a0<em>N\u2019ayez pas peur\u00a0!\u00a0<\/em>\u00bb Autant dire que son humble t\u00e9moignage d\u00e9tonne, face aux trois philosophes qui compl\u00e8tent, ce jeudi l\u00e0, l\u2019affiche de <em>La Grande Librairie<\/em> de Fran\u00e7ois Busnel (France 5).<!--more--><\/p>\n<p>Nos penseurs en remontrent au monde entier au nom de leur science, inexacte par nature\u00a0; Guillebaud ne fait la le\u00e7on qu\u2019\u00e0 lui-m\u00eame. \u00a0De son propre aveu, il n\u2019a acquis les convictions qui d\u00e9sormais le \u00ab\u00a0<em>tiennent debout<\/em>\u00a0\u00bb qu\u2019au prix du d\u00e9passement de ses blessures et ses peurs\u00a0; blessures de la vie, peur de lui-m\u00eame.<\/p>\n<p>Longtemps grand reporter, il a pu v\u00e9rifier, et m\u00eame ressentir confesse-t-il, la fascination de l\u2019homme pour la guerre, voire une certaine jubilation de la violence\u00a0: \u00ab\u00a0<em>Ce n\u2019est pas en tuant l\u2019autre qu\u2019on \u00e9radiquera le mal\u00a0; il est d\u2019abord chez nous.\u00a0<\/em>\u00bb Se d\u00e9livrer du mal suppose donc, pour cet homme de bonne volont\u00e9 \u00ab\u00a0<em>redevenu chr\u00e9tien\u00a0<\/em>\u00bb, un difficile combat int\u00e9rieur.<\/p>\n<p>Plus difficile encore, selon lui, en cette \u00ab\u00a0<em>\u00e9poque d\u00e9sastreuse\u00a0<\/em>\u00bb. Au faux\u00a0s\u00e9rieux contemporain, utilitaire et cynique, Guillebaud oppose la lucidit\u00e9 et l\u2019esp\u00e9rance authentiques\u00a0: lucidit\u00e9 sur soi-m\u00eame, esp\u00e9rance qui ne se pr\u00eache pas mais se partage avec les autres.<\/p>\n<p>\u00ab\u00a0<em>Que l\u2019homme tienne ce que l\u2019enfant a promis\u00a0!<\/em>\u00a0\u00bb. En pla\u00e7ant cette phrase d\u2019H\u00f6lderlin en exergue de son livre,\u00a0 Jean-Claude retrouve le message de J\u00e9sus-Christ sur l\u2019esprit d\u2019enfance et le royaume des cieux. \u00ab\u00a0<em>Je crois que j\u2019ai \u00e9crit un livre d\u2019enfant, <\/em>s\u2019exclame-t-il<em>, et je l\u2019esp\u00e8re\u00a0!\u00a0<\/em>\u00bb<\/p>\n<p>Les autres invit\u00e9s, eux, semblent bien persuad\u00e9s d\u2019avoir \u00e9crit des bouquins d\u2019adultes. Ce n\u2019est pas \u00e9vident pour Roger-Pol Droit, philosophe au <em>Monde<\/em>. L\u2019intitul\u00e9 de son dernier opus, \u00ab\u00a0<em>Si je n\u2019avais plus qu\u2019une heure \u00e0 vivre\u00a0<\/em>\u00bb, \u00a0ressemble \u00e0 un sujet de bac\u00a0; quant \u00e0 sa r\u00e9ponse, elle est carr\u00e9ment pu\u00e9rile\u00a0: l\u2019id\u00e9al, explique-t-il, c\u2019est de <em>\u00ab\u00a0mourir jeune sous les balles nazies en hurlant <\/em>\u00ab\u00a0 Vive les seins des femmes\u00a0!\u00a0\u00bb N\u2019importe quoi pour \u00e9pater le bourgeois.<\/p>\n<p>Au moins Robert Misrahi, auteur de <em>La joie d\u2019amour, Pour une \u00e9rotique du bonheur<\/em>, est-il un vrai original. \u00a0\u00ab\u00a0<em>Je fonde tout ce que je propose sur des certitudes\u00a0<\/em>\u00bb, ass\u00e8ne-t-il d\u2019embl\u00e9e, non sans le prouver aussit\u00f4t\u00a0: \u00ab\u00a0<em>Le mariage<\/em> a <em>\u00e9chou\u00e9 \u00e0 cause de la monogamie <\/em>\u00bb, affirme le philosophe avant de nous expliquer que \u00ab\u00a0<em>c\u2019est la recherche de la jouissance intelligente qui donne un sens \u00e0 la vie.\u00a0<\/em>\u00bb<\/p>\n<p>Cl\u00e9ment Rosset, lui, \u00a0plaide au contraire pour un \u00ab\u00a0<em>renoncement joyeux au Sens\u00a0<\/em>\u00bb fond\u00e9 sur l\u2019observation de l\u2019\u00a0<em>\u00ab\u00a0idiotie du r\u00e9el<\/em>\u00a0\u00bb\u2026 Si son nietzsch\u00e9isme l\u2019\u00e9loigne du chr\u00e9tien Guillebaud, ces deux-l\u00e0 ont au moins en commun de ne pas se prendre au s\u00e9rieux inutilement. En fin d\u2019\u00e9mission, ils se retrouveront m\u00eame pour rire ensemble d\u2019un bon mot de Cioran o\u00f9 ils se reconnaissent\u00a0: \u00ab\u00a0<em>De peur d\u2019\u00eatre mal compris, je ne donne des interviews qu\u2019en Mongolie, de pr\u00e9f\u00e9rence ext\u00e9rieure.<\/em>\u00a0\u00bb<\/p>\n<p>(Publi\u00e9 dans <em>Valeurs Actuelles<\/em> le 17 F\u00e9vrier 2014)<\/p>\n","protected":false},"excerpt":{"rendered":"<p>Jean-Claude Guillebaud, ou comment penser juste sans m\u00eame \u00eatre agr\u00e9g\u00e9 de philo. \u00ab\u00a0Je n\u2019ai plus peur\u00a0\u00bb. Comme son titre l\u2019indique, le dernier livre de Jean-Claude Guillebaud fait \u00e9cho \u00e0 l\u2019appel du Christ repris par Jean-Paul II\u00a0: \u00ab\u00a0N\u2019ayez pas peur\u00a0!\u00a0\u00bb Autant dire que son humble t\u00e9moignage d\u00e9tonne, face aux trois philosophes qui compl\u00e8tent, ce jeudi l\u00e0, [&hellip;]<\/p>\n","protected":false},"author":9,"featured_media":0,"comment_status":"open","ping_status":"open","sticky":false,"template":"","format":"standard","meta":{"footnotes":""},"categories":[1],"tags":[635,636],"class_list":{"0":"post-2029","1":"post","2":"type-post","3":"status-publish","4":"format-standard","6":"category-non-classe","7":"tag-jean-claude-guillebaud","8":"tag-roger-pol-droit"},"_links":{"self":[{"href":"https:\/\/blog.causeur.fr\/asiledeblog\/wp-json\/wp\/v2\/posts\/2029","targetHints":{"allow":["GET"]}}],"collection":[{"href":"https:\/\/blog.causeur.fr\/asiledeblog\/wp-json\/wp\/v2\/posts"}],"about":[{"href":"https:\/\/blog.causeur.fr\/asiledeblog\/wp-json\/wp\/v2\/types\/post"}],"author":[{"embeddable":true,"href":"https:\/\/blog.causeur.fr\/asiledeblog\/wp-json\/wp\/v2\/users\/9"}],"replies":[{"embeddable":true,"href":"https:\/\/blog.causeur.fr\/asiledeblog\/wp-json\/wp\/v2\/comments?post=2029"}],"version-history":[{"count":0,"href":"https:\/\/blog.causeur.fr\/asiledeblog\/wp-json\/wp\/v2\/posts\/2029\/revisions"}],"wp:attachment":[{"href":"https:\/\/blog.causeur.fr\/asiledeblog\/wp-json\/wp\/v2\/media?parent=2029"}],"wp:term":[{"taxonomy":"category","embeddable":true,"href":"https:\/\/blog.causeur.fr\/asiledeblog\/wp-json\/wp\/v2\/categories?post=2029"},{"taxonomy":"post_tag","embeddable":true,"href":"https:\/\/blog.causeur.fr\/asiledeblog\/wp-json\/wp\/v2\/tags?post=2029"}],"curies":[{"name":"wp","href":"https:\/\/api.w.org\/{rel}","templated":true}]}}