{"id":2034,"date":"2014-02-24T15:32:03","date_gmt":"2014-02-24T15:32:03","guid":{"rendered":"http:\/\/blog.causeur.fr\/asiledeblog\/?p=2034"},"modified":"2021-04-26T12:57:18","modified_gmt":"2021-04-26T10:57:18","slug":"la-souche-cest-louche","status":"publish","type":"post","link":"https:\/\/blog.causeur.fr\/asiledeblog\/la-souche-cest-louche-2034","title":{"rendered":"La souche, c\u2019est louche !"},"content":{"rendered":"<p><strong><em><\/em>La gauche morale reproche \u00e0 Finkielkraut d\u2019avoir parl\u00e9 de \u00ab\u00a0<em>Fran\u00e7ais de souche\u00a0<\/em>\u00bb, mais qu\u2019aurait-il d\u00fb dire\u00a0? \u00ab\u00a0<em>Fran\u00e7ais-non-issus-de-l\u2019immigration\u00a0\u00bb\u00a0?<\/em> \u00ab\u00a0<em>Souchiens<\/em>\u00a0\u00bb\u00a0?<\/strong><\/p>\n<p><a href=\"http:\/\/blog.causeur.fr\/asiledeblog\/la-souche-c%e2%80%99est-louche,002034\/dpda_france_2\" rel=\"attachment wp-att-2035\"><img loading=\"lazy\" decoding=\"async\" class=\"alignleft size-medium wp-image-2035\" src=\"http:\/\/blog.causeur.fr\/asiledeblog\/files\/2014\/02\/dpda_france_2-300x186.jpg\" alt=\"\" width=\"300\" height=\"186\" srcset=\"https:\/\/blog.causeur.fr\/asiledeblog\/wp-content\/uploads\/sites\/10\/2014\/02\/dpda_france_2-300x186.jpg 300w, https:\/\/blog.causeur.fr\/asiledeblog\/wp-content\/uploads\/sites\/10\/2014\/02\/dpda_france_2.jpg 638w\" sizes=\"auto, (max-width: 300px) 100vw, 300px\" \/><\/a>L\u2019\u00a0\u00ab\u00a0affaire\u00a0\u00bb date de l\u2019autre jeudi, sur le plateau de <em>Des paroles et des actes<\/em> (France 2). Ce soir-l\u00e0 l\u2019invit\u00e9 de David Pujadas est Manuel Valls, et son dernier interlocuteur Alain Finkielkraut. Au terme d\u2019un hymne enflamm\u00e9 \u00e0 l\u2019int\u00e9gration r\u00e9publicaine, l\u2019essayiste balance une phrase qui ne s\u2019av\u00e9rera \u00ab\u00a0<em>petite<\/em>\u00a0\u00bb, c\u2019est-\u00e0-dire \u00e9norme, que le lendemain\u00a0: \u00ab\u00a0(\u2026)\u00a0<em>Il y a aussi en France une place pour les Fran\u00e7ais de souche, il ne faut pas compl\u00e8tement les oublier\u00a0!\u00a0<\/em>\u00bb<!--more--><\/p>\n<p>Sur le moment, personne ne moufte\u00a0: ni le ministre, qui r\u00e9pond le plus poliment du monde, ni l\u2019animateur qui conclut\u00a0: \u00ab\u00a0<em>Merci \u00e0 vous deux pour la qualit\u00e9 de ce d\u00e9bat.<\/em>\u00a0\u00bb Le scandale n\u2019\u00e9clate que vingt-quatre heures plus tard, quand deux membres du Conseil national du PS, Na\u00efma Chara\u00ef et Mehdi Ouraoui, saisissent le CSA de cette formule \u00ab\u00a0<em>inacceptable et dangereuse<\/em> (\u2026) <em>directement emprunt\u00e9e au vocabulaire de l\u2019extr\u00eame droite<\/em> \u00bb.<\/p>\n<p>En fait l\u2019expression a deux cents ans d\u2019\u00e2ge, mais elle ne fait controverse que depuis qu\u2019elle a \u00e9t\u00e9 reprise par le Front national. \u00c7a tombe bien\u00a0: c\u2019est pr\u00e9cis\u00e9ment l\u00e0 que veulent en venir nos deux plaignants\u00a0! \u00c0 leurs yeux, en balan\u00e7ant une telle phrase, Finkielkraut concourt \u00e0 la \u00ab\u00a0<em>lep\u00e9nisation des esprits\u00a0<\/em>\u00bb. Et pourquoi pas l\u2019inverse, pour changer\u00a0?<\/p>\n<p>Reste un probl\u00e8me de vocabulaire. Sachant que tout le monde parle impun\u00e9ment de \u00ab\u00a0<em>Fran\u00e7ais issus de l\u2019immigration\u00a0<\/em>\u00bb, comment qualifier<em> <\/em>les autres sans choquer personne\u00a0? Wikip\u00e9dia, l\u2019encyclop\u00e9die du 3<sup>e<\/sup> mill\u00e9naire, a sa suggestion\u00a0: \u00ab\u00a0<em>personnes de nationalit\u00e9 fran\u00e7aise n\u2019ayant pas d\u2019ascendance \u00e9trang\u00e8re imm\u00e9diate et n\u2019\u00e9tant pas issues de l\u2019immigration r\u00e9cente.\u00a0<\/em>\u00bb Une formulation correcte \u00e0 tous \u00e9gards, certes, mais un peu lourde \u00e0 manier dans un d\u00e9bat t\u00e9l\u00e9.<\/p>\n<p>De toute fa\u00e7on, aux yeux des deux conseillers PS, cette distinction m\u00eame est discriminatoire. \u00ab\u00a0<em>Il n\u2019y a pas d\u2019un c\u00f4t\u00e9 les Fran\u00e7ais de souche et de l\u2019autre c\u00f4t\u00e9 les autres\u00a0!\u00a0<\/em>\u00bb mart\u00e8le Mme Chara\u00ef, juste avant de se contredire\u00a0: ces \u00ab\u00a0<em>autres<\/em>\u00a0\u00bb ont beau ne pas exister, ils doivent quand m\u00eame \u00ab\u00a0<em>\u00e9pouser la culture fran\u00e7aise et les valeurs de la R\u00e9publique\u00a0<\/em>\u00bb pour devenir fran\u00e7ais.<\/p>\n<p>Le dernier rebondissement, on le doit C\u00e9cile Duflot, interview\u00e9e sur <em>Mediapart<\/em> par le r\u00e9dac chef des <em>Inrocks<\/em>. En si bonne compagnie, la ministre \u00e9colo se l\u00e2che\u00a0: elle condamne vertement des \u00ab\u00a0<em>propos d\u2019une violence extr\u00eame\u00a0<\/em>\u00bb qui l\u2019ont \u00ab\u00a0<em>r\u00e9vuls\u00e9e<\/em>\u00a0\u00bb, dit-elle.<\/p>\n<p>\u00ab\u00a0<em>Je suis totalement abasourdi\u00a0!\u00a0<\/em>\u00bb s\u2019indigne en r\u00e9ponse cet \u00e9ternel jeune homme de Finkielkraut\u00a0: \u00ab\u00a0<em>une partie de la gauche a perdu la raison et la m\u00e9moire.\u00a0<\/em>\u00bb<\/p>\n<p>\u00ab\u00a0<em>Une partie\u00a0<\/em>\u00bb seulement\u00a0? \u00ab\u00a0<em>Perdu la raison<\/em>\u00a0\u00bb, et depuis quand\u00a0? Sur le coup, je trouve Alain bien mod\u00e9r\u00e9. Mais \u00e0 travers lui, c\u2019est aussi son \u00ab\u00a0complice\u00a0\u00bb Manuel que vise la gauche morale. N\u2019a-t-il pas laiss\u00e9 passer sans broncher cette saillie crypto-lep\u00e9niste\u00a0?!<\/p>\n<p>&nbsp;<\/p>\n<p>Gauche contre gauche, PS contre PS, ministre contre ministre\u2026 Depuis De Gaulle au moins, \u00e7a s\u2019appelle d\u2019un joli nom : <em>La discorde chez l\u2019ennemi. <\/em><\/p>\n<p>[Publi\u00e9 dans<em> Valeurs Actuelles<\/em>]<\/p>\n","protected":false},"excerpt":{"rendered":"<p>La gauche morale reproche \u00e0 Finkielkraut d\u2019avoir parl\u00e9 de \u00ab\u00a0Fran\u00e7ais de souche\u00a0\u00bb, mais qu\u2019aurait-il d\u00fb dire\u00a0? \u00ab\u00a0Fran\u00e7ais-non-issus-de-l\u2019immigration\u00a0\u00bb\u00a0? \u00ab\u00a0Souchiens\u00a0\u00bb\u00a0? L\u2019\u00a0\u00ab\u00a0affaire\u00a0\u00bb date de l\u2019autre jeudi, sur le plateau de Des paroles et des actes (France 2). Ce soir-l\u00e0 l\u2019invit\u00e9 de David Pujadas est Manuel Valls, et son dernier interlocuteur Alain Finkielkraut. Au terme d\u2019un hymne enflamm\u00e9 \u00e0 [&hellip;]<\/p>\n","protected":false},"author":9,"featured_media":0,"comment_status":"open","ping_status":"open","sticky":false,"template":"","format":"standard","meta":{"footnotes":""},"categories":[1],"tags":[22,637,503],"class_list":{"0":"post-2034","1":"post","2":"type-post","3":"status-publish","4":"format-standard","6":"category-non-classe","7":"tag-alain-finkielkraut","8":"tag-francais-de-souche","9":"tag-manuel-valls"},"_links":{"self":[{"href":"https:\/\/blog.causeur.fr\/asiledeblog\/wp-json\/wp\/v2\/posts\/2034","targetHints":{"allow":["GET"]}}],"collection":[{"href":"https:\/\/blog.causeur.fr\/asiledeblog\/wp-json\/wp\/v2\/posts"}],"about":[{"href":"https:\/\/blog.causeur.fr\/asiledeblog\/wp-json\/wp\/v2\/types\/post"}],"author":[{"embeddable":true,"href":"https:\/\/blog.causeur.fr\/asiledeblog\/wp-json\/wp\/v2\/users\/9"}],"replies":[{"embeddable":true,"href":"https:\/\/blog.causeur.fr\/asiledeblog\/wp-json\/wp\/v2\/comments?post=2034"}],"version-history":[{"count":0,"href":"https:\/\/blog.causeur.fr\/asiledeblog\/wp-json\/wp\/v2\/posts\/2034\/revisions"}],"wp:attachment":[{"href":"https:\/\/blog.causeur.fr\/asiledeblog\/wp-json\/wp\/v2\/media?parent=2034"}],"wp:term":[{"taxonomy":"category","embeddable":true,"href":"https:\/\/blog.causeur.fr\/asiledeblog\/wp-json\/wp\/v2\/categories?post=2034"},{"taxonomy":"post_tag","embeddable":true,"href":"https:\/\/blog.causeur.fr\/asiledeblog\/wp-json\/wp\/v2\/tags?post=2034"}],"curies":[{"name":"wp","href":"https:\/\/api.w.org\/{rel}","templated":true}]}}