{"id":2037,"date":"2014-03-03T08:41:55","date_gmt":"2014-03-03T08:41:55","guid":{"rendered":"http:\/\/blog.causeur.fr\/asiledeblog\/?p=2037"},"modified":"2021-04-26T12:57:18","modified_gmt":"2021-04-26T10:57:18","slug":"telesubjectif-emmanuelli-vend-la-meche","status":"publish","type":"post","link":"https:\/\/blog.causeur.fr\/asiledeblog\/telesubjectif-emmanuelli-vend-la-meche-2037","title":{"rendered":"T\u00e9l\u00e9subjectif : Emmanuelli vend la m\u00e8che"},"content":{"rendered":"<p><strong>Amateurs de d\u00e9clarations tonitruantes, passez votre chemin\u00a0! Pendant quelques mois, pour cause d\u2019\u00e9ch\u00e9ances \u00e9lectorales, la gauche de la gauche sera un peu moins de gauche.<\/strong><\/p>\n<p><a href=\"http:\/\/blog.causeur.fr\/asiledeblog\/telesubjectif-emmanuelli-vend-la-meche,002037\/emmanuellizn\" rel=\"attachment wp-att-2038\"><img loading=\"lazy\" decoding=\"async\" class=\"alignleft size-medium wp-image-2038\" src=\"http:\/\/blog.causeur.fr\/asiledeblog\/files\/2014\/03\/emmanuelliZN-300x187.jpg\" alt=\"\" width=\"300\" height=\"187\" srcset=\"https:\/\/blog.causeur.fr\/asiledeblog\/wp-content\/uploads\/sites\/10\/2014\/03\/emmanuelliZN-300x187.jpg 300w, https:\/\/blog.causeur.fr\/asiledeblog\/wp-content\/uploads\/sites\/10\/2014\/03\/emmanuelliZN.jpg 340w\" sizes=\"auto, (max-width: 300px) 100vw, 300px\" \/><\/a>\u00ab\u00a0<em>PS\u00a0: l\u2019aile gauche sonne la charge\u00a0!\u00a0<\/em>\u00bb claironnait la bande-annonce. En invitant Henri Emmanuelli, l\u2019autre vendredi, Zemmour et Naulleau comptaient bien le trouver vent debout contre la d\u00e9rive sociale \u2013 d\u00e9mocrate de son parti et le virage \u00e9conomique n\u00e9goci\u00e9 par le pr\u00e9sident depuis janvier.<!--more--><\/p>\n<p>De fait, quatre jours auparavant, sous le titre \u00ab\u00a0<em>Il n\u2019y a pas qu\u2019une seule politique possible<\/em>\u00a0\u00bb, le d\u00e9put\u00e9 des Landes avait cosign\u00e9 avec ses amis un v\u00e9ritable r\u00e9quisitoire contre ce Pacte de responsabilit\u00e9 franco-hollandais aux propositions \u00ab\u00a0<em>d\u00e9s\u00e9quilibr\u00e9es\u00a0<\/em>\u00bb et aux contreparties \u00ab\u00a0<em>floues\u00a0<\/em>\u00bb. Et les signataires d\u2019appeler lyriquement la gauche \u00e0 \u00ab\u00a0<em>faire vivre la promesse\u00a0<\/em>\u00bb du Bourget, rien que \u00e7a\u00a0!<\/p>\n<p>Sur le plateau de <em>Z &amp; N<\/em>, c\u2019est un tout autre Emmanuelli, \u00e9tonnamment mod\u00e9r\u00e9, que d\u00e9couvrent nos deux comp\u00e8res\u00a0: \u00ab\u00a0<em>Je ne conteste pas l\u2019objectif de cette politique, mais seulement les moyens\u00a0<\/em>\u00bb explique le vieux briscard soudain radouci. \u00ab\u00a0<em>Je n\u2019ai pas de doute sur la volont\u00e9 de sortir ce pays de l\u2019orni\u00e8re qu\u2019a manifest\u00e9 Fran\u00e7ois Mitterrand, euh pardon Fran\u00e7ois Hollande\u00a0<\/em>\u00bb.<\/p>\n<p>\u2013\u00a0 <em>Vous \u00eates dans un jeu de r\u00f4le<\/em>, d\u00e9crypte Zemmour. <em>Vous jouez la gauche du PS parce qu\u2019il y a des \u00e9lections bient\u00f4t, mais vous le voterez, ce pacte de responsabilit\u00e9\u00a0!\u00a0<\/em><\/p>\n<p>\u2013\u00a0 <em>C\u2019est \u00e9vident\u00a0!<\/em> r\u00e9pond l\u2019autre sans se d\u00e9monter. <em>Je ne suis pas l\u00e0 pour descendre le gouvernement et la majorit\u00e9. On ne tire pas dans le dos de ceux qui montent en ligne\u00a0!<\/em><\/p>\n<p>Moyennant quoi, c\u2019est promis\u00a0: apr\u00e8s les municipales, les europ\u00e9ennes et le vote de la loi, la gauche du PS brandira \u00e0 nouveau son sabre de bois\u00a0!<\/p>\n<p>Mais \u00e0 quoi bon ironiser\u00a0? Emmanuelli a-t-il le choix\u00a0? On voit mal le plus sinc\u00e8re des hommes de gauche enfoncer son propre camp en p\u00e9riode pr\u00e9\u00e9lectorale, au risque de renforcer l\u2019adversaire\u00a0: la droite bien s\u00fbr, mais surtout cette fameuse \u00ab\u00a0<em>phynance<\/em>\u00a0\u00bb d\u00e9nonc\u00e9e au Bourget. Tout ce que peut faire Henri, et ses camarades avec lui, c\u2019est aider son parti \u00e0 \u00ab\u00a0ratisser large\u00a0\u00bb en incarnant, m\u00eame de fa\u00e7on purement verbale, la gauche de la gauche, pour \u00e9viter que des voix n\u2019aillent s\u2019\u00e9garer du c\u00f4t\u00e9 de chez M\u00e9lenchon.<\/p>\n<p>\u00c0 gauche comme \u00e0 droite, \u00e7a marche comme\u00a0\u00e7a\u00a0: la logique des blocs \u2013 c\u2019est-\u00e0-dire le r\u00e9gime des partis aggrav\u00e9 par le scrutin majoritaire \u2013 l\u2019emporte sur toute autre consid\u00e9ration et \u00e9crase tout sur son passage (demandez \u00e0 Dupont-Aignan).<\/p>\n<p>Quant aux id\u00e9es h\u00e9las, il en est de deux sortes dans ce bas monde-l\u00e0\u00a0: celles qu\u2019on agite pour \u00eatre \u00e9lu et les autres, qui servent \u00e0 gouverner (quitte \u00e0 ressortir les premi\u00e8res pour la prochaine campagne\u2026) Et voil\u00e0 pourquoi, en fait de d\u00e9mocratie repr\u00e9sentative aussi, <em>\u00ab\u00a0le d\u00e9sert cro\u00eet\u00a0\u00bb<\/em>, comme disait Nietzsche.<\/p>\n<p>On reproche souvent aux hommes politiques de parler pour ne rien dire. Eh bien, voici venir le temps o\u00f9 on leur reprochera de dire quelque chose. \u00c0 force de n\u2019\u00eatre pas trait\u00e9s, tous les sujets sont devenus explosifs\u00a0! Notre prochain pr\u00e9sident devra avoir le courage d\u2019un d\u00e9mineur.<\/p>\n<p>(Publi\u00e9 dans <em>Valeurs Actuelles<\/em>)<\/p>\n","protected":false},"excerpt":{"rendered":"<p>Amateurs de d\u00e9clarations tonitruantes, passez votre chemin\u00a0! Pendant quelques mois, pour cause d\u2019\u00e9ch\u00e9ances \u00e9lectorales, la gauche de la gauche sera un peu moins de gauche. \u00ab\u00a0PS\u00a0: l\u2019aile gauche sonne la charge\u00a0!\u00a0\u00bb claironnait la bande-annonce. En invitant Henri Emmanuelli, l\u2019autre vendredi, Zemmour et Naulleau comptaient bien le trouver vent debout contre la d\u00e9rive sociale \u2013 d\u00e9mocrate [&hellip;]<\/p>\n","protected":false},"author":9,"featured_media":0,"comment_status":"open","ping_status":"open","sticky":false,"template":"","format":"standard","meta":{"footnotes":""},"categories":[1],"tags":[638],"class_list":{"0":"post-2037","1":"post","2":"type-post","3":"status-publish","4":"format-standard","6":"category-non-classe","7":"tag-henri-emmanuelli"},"_links":{"self":[{"href":"https:\/\/blog.causeur.fr\/asiledeblog\/wp-json\/wp\/v2\/posts\/2037","targetHints":{"allow":["GET"]}}],"collection":[{"href":"https:\/\/blog.causeur.fr\/asiledeblog\/wp-json\/wp\/v2\/posts"}],"about":[{"href":"https:\/\/blog.causeur.fr\/asiledeblog\/wp-json\/wp\/v2\/types\/post"}],"author":[{"embeddable":true,"href":"https:\/\/blog.causeur.fr\/asiledeblog\/wp-json\/wp\/v2\/users\/9"}],"replies":[{"embeddable":true,"href":"https:\/\/blog.causeur.fr\/asiledeblog\/wp-json\/wp\/v2\/comments?post=2037"}],"version-history":[{"count":0,"href":"https:\/\/blog.causeur.fr\/asiledeblog\/wp-json\/wp\/v2\/posts\/2037\/revisions"}],"wp:attachment":[{"href":"https:\/\/blog.causeur.fr\/asiledeblog\/wp-json\/wp\/v2\/media?parent=2037"}],"wp:term":[{"taxonomy":"category","embeddable":true,"href":"https:\/\/blog.causeur.fr\/asiledeblog\/wp-json\/wp\/v2\/categories?post=2037"},{"taxonomy":"post_tag","embeddable":true,"href":"https:\/\/blog.causeur.fr\/asiledeblog\/wp-json\/wp\/v2\/tags?post=2037"}],"curies":[{"name":"wp","href":"https:\/\/api.w.org\/{rel}","templated":true}]}}