{"id":2040,"date":"2014-03-06T08:57:50","date_gmt":"2014-03-06T08:57:50","guid":{"rendered":"http:\/\/blog.causeur.fr\/asiledeblog\/?p=2040"},"modified":"2021-04-26T12:57:18","modified_gmt":"2021-04-26T10:57:18","slug":"gallienne-le-conquerant","status":"publish","type":"post","link":"https:\/\/blog.causeur.fr\/asiledeblog\/gallienne-le-conquerant-2040","title":{"rendered":"Gallienne le conqu\u00e9rant"},"content":{"rendered":"<p><strong>Guillaume Gallienne et ses C\u00e9sar\u00a0: triomphe m\u00e9rit\u00e9 pour un film moderne garanti sans poncifs modernistes\u00a0!<\/strong><\/p>\n<p><a href=\"http:\/\/blog.causeur.fr\/asiledeblog\/gallienne-le-conquerant,002040\/2018067-le-sacre-de-guillaume-gallienne\" rel=\"attachment wp-att-2041\"><img loading=\"lazy\" decoding=\"async\" class=\"alignleft size-medium wp-image-2041\" src=\"http:\/\/blog.causeur.fr\/asiledeblog\/files\/2014\/03\/2018067-le-sacre-de-guillaume-gallienne-300x224.jpg\" alt=\"\" width=\"300\" height=\"224\" srcset=\"https:\/\/blog.causeur.fr\/asiledeblog\/wp-content\/uploads\/sites\/10\/2014\/03\/2018067-le-sacre-de-guillaume-gallienne-300x224.jpg 300w, https:\/\/blog.causeur.fr\/asiledeblog\/wp-content\/uploads\/sites\/10\/2014\/03\/2018067-le-sacre-de-guillaume-gallienne.jpg 750w\" sizes=\"auto, (max-width: 300px) 100vw, 300px\" \/><\/a>Vendredi, 21 h. \u00c0 l\u2019instant o\u00f9 s\u2019ouvre la c\u00e9r\u00e9monie des C\u00e9sar, diffus\u00e9e en clair sur Canal plus, l\u2019angoisse m\u2019\u00e9treint. Et si se reproduisait le sc\u00e9nario catastrophe de l\u2019an dernier, o\u00f9 le sinistre film de Michael Haneke, intitul\u00e9 par antiphrase <em>Amour,<\/em> avait re\u00e7u la Palme d\u2019or avant de rafler les cinq principaux C\u00e9sar\u00a0?<\/p>\n<p>Cette ann\u00e9e, c\u2019est la p\u00e9nible <em>Vie d\u2019Ad\u00e8le<\/em> d\u2019Abdellatif Kechiche qui d\u00e9barque au th\u00e9\u00e2tre du Ch\u00e2telet, convenablement palm\u00e9e \u00e0 Cannes sous les ovations d\u2019une critique quasi unanime. Du coup, je redoute un palmar\u00e8s engag\u00e9 qui, une fois encore, couronnerait moins une \u0153uvre cin\u00e9matographique qu\u2019une \u00ab\u00a0<em>avanc\u00e9e soci\u00e9tale<\/em>.\u00a0\u00bb Apr\u00e8s la prime \u00e0 l\u2019euthanasie en 2013, pourquoi pas, ce coup-ci, \u00a0un clin d\u2019\u0153il au lobby LGBT ?<\/p>\n<p>Non que j\u2019aie quelque chose contre l\u2019homosexualit\u00e9, m\u00eame saphique\u00a0; il y a cent vingt ans d\u00e9j\u00e0, Pierre Lou\u00ffs l\u2019avait si joliment chant\u00e9e\u2026 Mais notre \u00e9lite artistique pourrait bien \u00eatre tent\u00e9e de couvrir Kechiche de statuettes rien que pour faire la nique aux \u00ab\u00a0m\u00e9chants\u00a0\u00bb\u00a0: ces hordes de parents \u00e0 berceaux, forc\u00e9ment homophobes, qui n\u2019en finissent pas d\u2019occuper nos rues au nom de la filiation, de la famille et autres crispations pass\u00e9istes.<!--more--><\/p>\n<p>En pla\u00e7ant d\u2019embl\u00e9e cette soir\u00e9e sous le signe des \u00ab\u00a0<em>sexualit\u00e9s diff\u00e9rentes\u00a0<\/em>\u00bb, la ma\u00eetresse de c\u00e9r\u00e9monie, C\u00e9cile de France, ne fait qu\u2019accro\u00eetre encore mes appr\u00e9hensions\u2026 Fort heureusement, elles vont \u00eatre bient\u00f4t dissip\u00e9es, au rythme o\u00f9 les r\u00e9compenses pleuvent sur l\u2019excellent <em>Les gar\u00e7ons et Guillaume, \u00e0 table\u00a0!<\/em> Au bout du compte, <em>Ad\u00e8le<\/em> devra se contenter d\u2019un C\u00e9sar du Meilleur espoir f\u00e9minin, d\u2019ailleurs rudement gagn\u00e9 para\u00eet-il, pour l\u2019interpr\u00e8te du r\u00f4le-titre.<\/p>\n<p>Vous me direz, le film de Guillaume Gallienne aussi parle d\u2019homosexualit\u00e9\u00a0; mais tout est dans la mani\u00e8re. Ici, l\u2019auteur tire une r\u00e9jouissante com\u00e9die de cette qu\u00eate d\u2019identit\u00e9 dont \u00ab\u00a0<em>n\u2019importe qui<\/em> <em>d\u2019autre aurait fait un \u00e9ni\u00e8me r\u00e9cit naturaliste sordide et plombant<\/em>\u00a0\u00bb (Laurent Dandrieu, <em>Valeurs actuelles<\/em> n\u00b0 4017).<\/p>\n<p>L\u2019histoire que nous conte Guillaume, tout ce qu\u2019il y a de plus personnelle, se pr\u00eate d\u2019ailleurs mal aux g\u00e9n\u00e9ralisations id\u00e9ologiques, surtout progressistes. Lors de la sortie du film, la critique avanc\u00e9e ne s\u2019y \u00e9tait d\u2019ailleurs pas tromp\u00e9e, qui lui avait trouv\u00e9 un d\u00e9plaisant arri\u00e8re-go\u00fbt r\u00e9ac.<\/p>\n<p>\u00ab\u00a0<em>L\u2019audacieux aujourd\u2019hui<\/em>, grin\u00e7ait <em>T\u00e9l\u00e9rama<\/em>, <em>c\u2019est donc celui qui s\u2019affirme h\u00e9t\u00e9ro au risque de contrarier maman\u2026\u00a0<\/em>\u00bb Quant au <em>Monde<\/em>, sous un titre lourdement ironique (\u00ab\u00a0<em>Guillaume Gallienne ose le coming out h\u00e9t\u00e9ro<\/em>\u00a0\u00bb), il vitup\u00e9rait la \u00ab\u00a0morale<em>\u00a0<\/em>\u00bb de l\u2019\u0153uvre dans ce jargon postmoderne qu\u2019affectionnent ses pages Culture\u00a0: \u00ab\u00a0<em>Un tel renversement renvoie l\u2019acte d\u2019\u00e9mancipation dont il est la parodie (la revendication d\u2019une homosexualit\u00e9) dans les confins du politiquement correct.\u00a0<\/em>\u00bb M\u00eame sans tout comprendre, on sent que c\u2019est m\u00e9chant.<\/p>\n<p>Au lendemain de la distribution des prix, le quotidien de r\u00e9f\u00e9rence se raccrochera quand m\u00eame aux branches en parlant d\u2019\u00a0\u00ab\u00a0<em>un palmar\u00e8s \u00e9voquant la question du genre<\/em>\u00a0\u00bb. On se console comme on peut.<\/p>\n<p>(Article publi\u00e9 dans <em>Valeurs Actuelles<\/em>)<\/p>\n","protected":false},"excerpt":{"rendered":"<p>Guillaume Gallienne et ses C\u00e9sar\u00a0: triomphe m\u00e9rit\u00e9 pour un film moderne garanti sans poncifs modernistes\u00a0! Vendredi, 21 h. \u00c0 l\u2019instant o\u00f9 s\u2019ouvre la c\u00e9r\u00e9monie des C\u00e9sar, diffus\u00e9e en clair sur Canal plus, l\u2019angoisse m\u2019\u00e9treint. Et si se reproduisait le sc\u00e9nario catastrophe de l\u2019an dernier, o\u00f9 le sinistre film de Michael Haneke, intitul\u00e9 par antiphrase Amour, [&hellip;]<\/p>\n","protected":false},"author":9,"featured_media":0,"comment_status":"open","ping_status":"open","sticky":false,"template":"","format":"standard","meta":{"footnotes":""},"categories":[1],"tags":[642,640,641],"class_list":{"0":"post-2040","1":"post","2":"type-post","3":"status-publish","4":"format-standard","6":"category-non-classe","7":"tag-abdellatif-kechiche","8":"tag-guillaume-gallienne","9":"tag-les-cesar"},"_links":{"self":[{"href":"https:\/\/blog.causeur.fr\/asiledeblog\/wp-json\/wp\/v2\/posts\/2040","targetHints":{"allow":["GET"]}}],"collection":[{"href":"https:\/\/blog.causeur.fr\/asiledeblog\/wp-json\/wp\/v2\/posts"}],"about":[{"href":"https:\/\/blog.causeur.fr\/asiledeblog\/wp-json\/wp\/v2\/types\/post"}],"author":[{"embeddable":true,"href":"https:\/\/blog.causeur.fr\/asiledeblog\/wp-json\/wp\/v2\/users\/9"}],"replies":[{"embeddable":true,"href":"https:\/\/blog.causeur.fr\/asiledeblog\/wp-json\/wp\/v2\/comments?post=2040"}],"version-history":[{"count":0,"href":"https:\/\/blog.causeur.fr\/asiledeblog\/wp-json\/wp\/v2\/posts\/2040\/revisions"}],"wp:attachment":[{"href":"https:\/\/blog.causeur.fr\/asiledeblog\/wp-json\/wp\/v2\/media?parent=2040"}],"wp:term":[{"taxonomy":"category","embeddable":true,"href":"https:\/\/blog.causeur.fr\/asiledeblog\/wp-json\/wp\/v2\/categories?post=2040"},{"taxonomy":"post_tag","embeddable":true,"href":"https:\/\/blog.causeur.fr\/asiledeblog\/wp-json\/wp\/v2\/tags?post=2040"}],"curies":[{"name":"wp","href":"https:\/\/api.w.org\/{rel}","templated":true}]}}