{"id":2043,"date":"2014-03-17T08:35:45","date_gmt":"2014-03-17T08:35:45","guid":{"rendered":"http:\/\/blog.causeur.fr\/asiledeblog\/?p=2043"},"modified":"2021-04-26T12:57:18","modified_gmt":"2021-04-26T10:57:18","slug":"telesubjectif-antipoutinisme-primaire","status":"publish","type":"post","link":"https:\/\/blog.causeur.fr\/asiledeblog\/telesubjectif-antipoutinisme-primaire-2043","title":{"rendered":"T\u00e9l\u00e9subjectif : Antipoutinisme primaire"},"content":{"rendered":"<p><strong>La cote de popularit\u00e9 du \u00ab\u00a0tyran\u00a0\u00bb Poutine aupr\u00e8s de ses concitoyens suscite des jalousies chez certains chefs d\u2019\u00c9tat. En France, par exemple\u2026<\/strong><\/p>\n<p><a href=\"http:\/\/blog.causeur.fr\/asiledeblog\/telesubjectif-antipoutinisme-primaire,002043\/vladimir-poutine\" rel=\"attachment wp-att-2044\"><img loading=\"lazy\" decoding=\"async\" class=\"alignleft size-medium wp-image-2044\" src=\"http:\/\/blog.causeur.fr\/asiledeblog\/files\/2014\/03\/vladimir-poutine-300x293.jpg\" alt=\"\" width=\"300\" height=\"293\" srcset=\"https:\/\/blog.causeur.fr\/asiledeblog\/wp-content\/uploads\/sites\/10\/2014\/03\/vladimir-poutine-300x293.jpg 300w, https:\/\/blog.causeur.fr\/asiledeblog\/wp-content\/uploads\/sites\/10\/2014\/03\/vladimir-poutine.jpg 839w\" sizes=\"auto, (max-width: 300px) 100vw, 300px\" \/><\/a>Vous reprendrez bien un doigt d\u2019antipoutinisme\u00a0? D\u00e9cid\u00e9ment, cette noble cause semble ind\u00e9modable dans nos \u00e9lites politico-m\u00e9diatiques ces d\u00e9cennies-ci. Pourtant la Tch\u00e9tch\u00e9nie, la G\u00e9orgie et m\u00eame Sotchi c\u2019est fini\u00a0; le martyre de Khodorkovski et des Pussy, aussi.<\/p>\n<p>Mais c\u2019est maintenant cette pauvre Ukraine, pourtant bleue et jaune comme nous, qui se voit soudain menac\u00e9e de d\u00e9chiqu\u00e8tement par l\u2019ours post-sovi\u00e9tique\u00a0; sous d\u2019obscurs pr\u00e9textes g\u00e9ostrat\u00e9giques, n\u2019a-t-il pas d\u00e9j\u00e0 pos\u00e9 sa patte griffue sur la Crim\u00e9e\u00a0?<!--more--><\/p>\n<p>Dans ce contexte, le nouveau documentaire du \u00ab\u00a0poutinologue\u00a0\u00bb Jean-Michel Carr\u00e9, l\u2019autre mardi sur France 2, tombait \u00e0 pic. Comme le rappelait le dossier de presse, dans un premier \u00e9pisode l\u2019auteur avait \u00ab\u00a0<em>d\u00e9mont\u00e9 l\u2019inexorable mont\u00e9e\u00a0<\/em>\u00bb (\u00a0! ) d\u2019un \u00ab\u00a0<em>obscur sous-lieutenant du KGB<\/em>\u00a0\u00bb. Sept ans plus tard, avec <em>Poutine pour toujours\u00a0?<\/em> il nous raconte la suite, \u00e0 d\u00e9faut d\u2019en voir le bout.<\/p>\n<p>R\u00e9sum\u00e9 pour les journalistes mal-comprenants\u00a0: \u00ab\u00a0<em>Apr\u00e8s des \u00e9lections truqu\u00e9es, Poutine est r\u00e9\u00e9lu. La r\u00e9pression est imm\u00e9diate, accompagn\u00e9e du vote syst\u00e9matique de lois liberticides. La Russie est d\u00e9sormais un \u00c9tat totalement asservi.\u00a0<\/em>\u00bb<\/p>\n<p>Message re\u00e7u 5 sur 5 par toute la presse. Mention sp\u00e9ciale quand m\u00eame \u00e0 <em>T\u00e9l\u00e9rama<\/em>, qui fait dans la paraphrase lyrique\u00a0: \u00ab\u00a0<em>Quatorze ans que Poutine dirige la Russie d\u2019une main de fer, tel un tsar sur son tr\u00f4ne imp\u00e9rial<\/em> <em>!<\/em>\u00a0\u00bb<\/p>\n<p>Comment nous autres, vieilles d\u00e9mocraties europ\u00e9ennes, saurions-nous tol\u00e9rer <em>\u00e7a<\/em> sur notre<em> <\/em>continent\u00a0? Certes nos amis wahhabites ne sont gu\u00e8re plus sourcilleux en fait de Droits de l\u2019Homme\u00a0; mais au moins ont-il la d\u00e9cence de faire \u00e7a chez eux.<\/p>\n<p>La preuve que Poutine n\u2019est pas un d\u00e9mocrate, explique le doc, c\u2019est \u00ab\u00a0<em>sa volont\u00e9 chevill\u00e9e au corps\u00a0: se maintenir au pouvoir et gagner les prochaines \u00e9lections pr\u00e9sidentielles \u00e0 tout prix.\u00a0<\/em>\u00bb Du jamais vu sous nos latitudes, assur\u00e9ment.<\/p>\n<p>En plus, le type est un vicieux\u00a0: \u00ab\u00a0<em>En 2008, la Constitution lui interdit de se repr\u00e9senter\u00a0; beaucoup<\/em> <em>s\u2019attendent \u00e0 un coup de force\u2026<\/em>\u00a0\u00bb Eh bien, non, pas du tout\u00a0: Poutine ira jusqu\u2019\u00e0 \u00ab\u00a0<em>respecter la lettre des institutions<\/em>\u00a0\u00bb en changeant de place avec son premier ministre Medvedev\u00a0!<\/p>\n<p>Encore doit-il se faire r\u00e9\u00e9lire pr\u00e9sident quatre ans plus tard &#8211; puisqu\u2019apparemment il y a encore des \u00e9lections. Eh bien il les gagne, avec 63 % des voix d\u00e8s le premier tour \u2013 et sans m\u00eame \u00ab\u00a0<em>bourrer les urnes\u00a0<\/em>\u00bb comme aux l\u00e9gislatives pr\u00e9c\u00e9dentes, pr\u00e9cise notre documentaire de r\u00e9f\u00e9rence.<\/p>\n<p>Le secret de ce tyran-l\u00e0, savez-vous, c\u2019est qu\u2019\u00a0\u00ab\u00a0<em>il a<\/em>\u00a0<em>la majorit\u00e9 de la population derri\u00e8re lui<\/em>\u00a0\u00bb, rien qu\u2019en <em>\u00ab\u00a0exaltant<\/em> <em>des valeurs conservatrices, religieuses et identitaires qui rassurent la Russie profonde\u00a0<\/em>\u00bb.<\/p>\n<p>C\u2019est m\u00eame \u00e0 ce moment-l\u00e0 que j\u2019ai perdu le fil\u2026 On lui reproche quoi au juste, \u00e0 Vladimir\u00a0? D\u2019\u00eatre r\u00e9ac pour rester au pouvoir, ou l\u2019inverse\u00a0?<\/p>\n","protected":false},"excerpt":{"rendered":"<p>La cote de popularit\u00e9 du \u00ab\u00a0tyran\u00a0\u00bb Poutine aupr\u00e8s de ses concitoyens suscite des jalousies chez certains chefs d\u2019\u00c9tat. En France, par exemple\u2026 Vous reprendrez bien un doigt d\u2019antipoutinisme\u00a0? D\u00e9cid\u00e9ment, cette noble cause semble ind\u00e9modable dans nos \u00e9lites politico-m\u00e9diatiques ces d\u00e9cennies-ci. Pourtant la Tch\u00e9tch\u00e9nie, la G\u00e9orgie et m\u00eame Sotchi c\u2019est fini\u00a0; le martyre de Khodorkovski et [&hellip;]<\/p>\n","protected":false},"author":9,"featured_media":0,"comment_status":"open","ping_status":"open","sticky":false,"template":"","format":"standard","meta":{"footnotes":""},"categories":[1],"tags":[242],"class_list":{"0":"post-2043","1":"post","2":"type-post","3":"status-publish","4":"format-standard","6":"category-non-classe","7":"tag-vladimir-poutine"},"_links":{"self":[{"href":"https:\/\/blog.causeur.fr\/asiledeblog\/wp-json\/wp\/v2\/posts\/2043","targetHints":{"allow":["GET"]}}],"collection":[{"href":"https:\/\/blog.causeur.fr\/asiledeblog\/wp-json\/wp\/v2\/posts"}],"about":[{"href":"https:\/\/blog.causeur.fr\/asiledeblog\/wp-json\/wp\/v2\/types\/post"}],"author":[{"embeddable":true,"href":"https:\/\/blog.causeur.fr\/asiledeblog\/wp-json\/wp\/v2\/users\/9"}],"replies":[{"embeddable":true,"href":"https:\/\/blog.causeur.fr\/asiledeblog\/wp-json\/wp\/v2\/comments?post=2043"}],"version-history":[{"count":0,"href":"https:\/\/blog.causeur.fr\/asiledeblog\/wp-json\/wp\/v2\/posts\/2043\/revisions"}],"wp:attachment":[{"href":"https:\/\/blog.causeur.fr\/asiledeblog\/wp-json\/wp\/v2\/media?parent=2043"}],"wp:term":[{"taxonomy":"category","embeddable":true,"href":"https:\/\/blog.causeur.fr\/asiledeblog\/wp-json\/wp\/v2\/categories?post=2043"},{"taxonomy":"post_tag","embeddable":true,"href":"https:\/\/blog.causeur.fr\/asiledeblog\/wp-json\/wp\/v2\/tags?post=2043"}],"curies":[{"name":"wp","href":"https:\/\/api.w.org\/{rel}","templated":true}]}}