{"id":2050,"date":"2014-03-31T08:58:29","date_gmt":"2014-03-31T08:58:29","guid":{"rendered":"http:\/\/blog.causeur.fr\/asiledeblog\/?p=2050"},"modified":"2021-04-26T12:57:18","modified_gmt":"2021-04-26T10:57:18","slug":"ukraine-comme-en-14","status":"publish","type":"post","link":"https:\/\/blog.causeur.fr\/asiledeblog\/ukraine-comme-en-14-2050","title":{"rendered":"Ukraine : comme en 14 !"},"content":{"rendered":"<p><strong>Pour l\u2019iconoclaste Olivier Berruyer, les valeurs d\u00e9mocratiques comme la d\u00e9fense\u00a0 de la paix auraient d\u00fb dissuader l\u2019Europe de soutenir aveugl\u00e9ment les putschistes\u00a0 de Kiev\u2026<\/strong><\/p>\n<p><a href=\"http:\/\/blog.causeur.fr\/asiledeblog\/ukraine-comme-en-14,002050\/berruyer_telesubjectif\" rel=\"attachment wp-att-2051\"><img loading=\"lazy\" decoding=\"async\" class=\"alignleft size-medium wp-image-2051\" src=\"http:\/\/blog.causeur.fr\/asiledeblog\/files\/2014\/03\/berruyer_telesubjectif-300x165.jpg\" alt=\"\" width=\"300\" height=\"165\" srcset=\"https:\/\/blog.causeur.fr\/asiledeblog\/wp-content\/uploads\/sites\/10\/2014\/03\/berruyer_telesubjectif-300x165.jpg 300w, https:\/\/blog.causeur.fr\/asiledeblog\/wp-content\/uploads\/sites\/10\/2014\/03\/berruyer_telesubjectif.jpg 638w\" sizes=\"auto, (max-width: 300px) 100vw, 300px\" \/><\/a>Je ne suis pas un spectateur assidu de BFM Business, et pour cause\u00a0: je n\u2019entends rien \u00e0 l\u2019\u00e9conomie. L\u2019autre lundi, j\u2019ai fait une exception pour l\u2019\u00e9mission <em>Les Experts<\/em> anim\u00e9e par Nicolas Doze\u00a0; comme le signalait une br\u00e8ve de mon ami Marc Cohen sur <em>Causeur.fr<\/em>, elle \u00e9tait consacr\u00e9e ce jour-l\u00e0 \u00e0 la situation en Ukraine, et pas seulement sur le plan \u00e9conomique.<!--more--><\/p>\n<p>Bonne pioche\u00a0! Chez ces experts-l\u00e0, en moins d\u2019une demi-heure, le sujet \u00e9tait abord\u00e9 d\u2019une fa\u00e7on plus \u00e9clairante qu\u2019en trois num\u00e9ros de ces \u00ab\u00a0petits toc-shows entre amis\u00a0\u00bb\u00a0genre <em>C dans l\u2019air<\/em>, o\u00f9 l\u2019on vous ass\u00e8ne \u00e0 longueur d\u2019antenne truismes, p\u00e9titions de principe et discours moralisateurs.<\/p>\n<p>Surtout, j\u2019ai d\u00e9couvert \u00e0 cette occasion l\u2019\u00e9conomiste Olivier Berruyer.\u00a0 Avec sa verve argument\u00e9e et pol\u00e9mique, l\u2019homme n\u2019y vas pas par\u00a0 quatre chemins\u00a0: \u00ab\u00a0<em>J\u2019ai \u00e9t\u00e9 stup\u00e9fait<\/em> <em>de voir les d\u00e9mocraties occidentales soutenir le coup d\u2019\u00c9tat de Kiev, puis reconna\u00eetre comme l\u00e9gitime un gouvernement autoproclam\u00e9, constitu\u00e9 pour un tiers de membres de <\/em>Svoboda<em>, un parti non pas d\u2019extr\u00eame droite, mais n\u00e9o-nazi.\u00a0<\/em>\u00bb<\/p>\n<p>Le pr\u00e9sident du parti en question, Oleg Tyahnybok, a m\u00eame fait r\u00e9cemment son entr\u00e9e dans le Top 10 des antis\u00e9mites mondiaux \u00e9tabli par le Centre Simon-Wiesenthal, pour l\u2019ensemble de son \u0153uvre et notamment sa d\u00e9claration remarqu\u00e9e sur l\u2019urgence de \u00ab\u00a0<em>purger l\u2019Ukraine de 400 000 juifs\u00a0<\/em>\u00bb.<\/p>\n<p>Pour plus amples informations sur cet int\u00e9ressant personnage, on se reportera utilement au blog de Berruyer, <em>les-crises.fr<\/em>, o\u00f9 l\u2019on peut voir notamment l\u2019ami Oleg, \u00e0 la tribune d\u2019un meeting, faire un salut nazi m\u00eame pas invers\u00e9. Mais bien s\u00fbr le m\u00e9chant facho, celui qui menace la paix et la d\u00e9mocratie en Europe, c\u2019est Poutine.<\/p>\n<p>Accessoirement, notre \u00e9conomiste blogueur comprend mal l\u2019acharnement de Bruxelles \u00e0 vouloir conclure des accords d\u2019association et de libre-\u00e9change avec l\u2019Ukraine\u00a0: \u00ab\u00a0<em>Le salaire minimum en Ukraine est inf\u00e9rieur de 30 % \u00e0 celui des Chinois. Avant de faire du libre-\u00e9change dans ces conditions-l\u00e0, il conviendrait de consulter non seulement les Ukrainiens, mais aussi les Europ\u00e9ens\u00a0!\u00a0<\/em>\u00bb Surtout que nos bureaucrates bruxellois ne comptent pas s\u2019arr\u00eater en si bon chemin\u00a0: \u00ab\u00a0<em>Ils n\u00e9gocient aussi avec la G\u00e9orgie\u2026 Et pourquoi pas l\u2019Afghanistan d\u2019ici cinq ans\u00a0?<\/em>\u00a0\u00bb<\/p>\n<p>Tr\u00eave de plaisanteries\u00a0! Il serait temps, conclut Olivier Berruyer, que l\u2019Europe s\u2019organise et affirme son ind\u00e9pendance, notamment vis-\u00e0-vis des Etats-Unis, pour retrouver son r\u00f4le d\u2019\u00e9quilibre et de mod\u00e9ration sur <em>son<\/em> continent, comme le r\u00e9clame entre autres l\u2019excellent Hubert V\u00e9drine.<\/p>\n<p>L\u2019Ukraine, pays le plus vaste d\u2019Europe et comptant cinquante millions d\u2019habitants, est \u00e9cartel\u00e9e entre un Ouest pro-occidental et un Est russophile. Personne ne semble souhaiter la partition, mais si on continue de souffler sur les braises, proph\u00e9tise notre Cassandre, les conditions seront bient\u00f4t r\u00e9unies pour en faire une nouvelle Yougoslavie. \u00ab\u00a0<em>Avons-nous d\u00e9cid\u00e9 de f\u00eater le centenaire de 1914 en foutant \u00e0 nouveau le feu en Europe\u00a0?\u00a0<\/em>\u00bb s\u2019interroge-t-il en conclusion. Bonne question\u00a0! Prions pour que la r\u00e9ponse soit \u00e0 la hauteur\u2026<\/p>\n<p>&nbsp;<\/p>\n<p>(Article publi\u00e9 sur <em>Valeurs Actuelles<\/em>)<\/p>\n","protected":false},"excerpt":{"rendered":"<p>Pour l\u2019iconoclaste Olivier Berruyer, les valeurs d\u00e9mocratiques comme la d\u00e9fense\u00a0 de la paix auraient d\u00fb dissuader l\u2019Europe de soutenir aveugl\u00e9ment les putschistes\u00a0 de Kiev\u2026 Je ne suis pas un spectateur assidu de BFM Business, et pour cause\u00a0: je n\u2019entends rien \u00e0 l\u2019\u00e9conomie. L\u2019autre lundi, j\u2019ai fait une exception pour l\u2019\u00e9mission Les Experts anim\u00e9e par Nicolas [&hellip;]<\/p>\n","protected":false},"author":9,"featured_media":0,"comment_status":"open","ping_status":"open","sticky":false,"template":"","format":"standard","meta":{"footnotes":""},"categories":[1],"tags":[645,644],"class_list":{"0":"post-2050","1":"post","2":"type-post","3":"status-publish","4":"format-standard","6":"category-non-classe","7":"tag-olivier-berruyer","8":"tag-ukraine"},"_links":{"self":[{"href":"https:\/\/blog.causeur.fr\/asiledeblog\/wp-json\/wp\/v2\/posts\/2050","targetHints":{"allow":["GET"]}}],"collection":[{"href":"https:\/\/blog.causeur.fr\/asiledeblog\/wp-json\/wp\/v2\/posts"}],"about":[{"href":"https:\/\/blog.causeur.fr\/asiledeblog\/wp-json\/wp\/v2\/types\/post"}],"author":[{"embeddable":true,"href":"https:\/\/blog.causeur.fr\/asiledeblog\/wp-json\/wp\/v2\/users\/9"}],"replies":[{"embeddable":true,"href":"https:\/\/blog.causeur.fr\/asiledeblog\/wp-json\/wp\/v2\/comments?post=2050"}],"version-history":[{"count":0,"href":"https:\/\/blog.causeur.fr\/asiledeblog\/wp-json\/wp\/v2\/posts\/2050\/revisions"}],"wp:attachment":[{"href":"https:\/\/blog.causeur.fr\/asiledeblog\/wp-json\/wp\/v2\/media?parent=2050"}],"wp:term":[{"taxonomy":"category","embeddable":true,"href":"https:\/\/blog.causeur.fr\/asiledeblog\/wp-json\/wp\/v2\/categories?post=2050"},{"taxonomy":"post_tag","embeddable":true,"href":"https:\/\/blog.causeur.fr\/asiledeblog\/wp-json\/wp\/v2\/tags?post=2050"}],"curies":[{"name":"wp","href":"https:\/\/api.w.org\/{rel}","templated":true}]}}