{"id":2056,"date":"2014-04-14T07:34:57","date_gmt":"2014-04-14T07:34:57","guid":{"rendered":"http:\/\/blog.causeur.fr\/asiledeblog\/?p=2056"},"modified":"2021-04-26T12:57:18","modified_gmt":"2021-04-26T10:57:18","slug":"drames-de-la-cohabitation","status":"publish","type":"post","link":"https:\/\/blog.causeur.fr\/asiledeblog\/drames-de-la-cohabitation-2056","title":{"rendered":"Drames de la cohabitation"},"content":{"rendered":"<p><strong>Plaire, ou convaincre\u00a0? \u00c0 ce jeu-l\u00e0, Mitterrand avait \u00e9crabouill\u00e9 Rocard. Le match Hollande-Valls s\u2019annonce plus serr\u00e9\u2026<\/strong><\/p>\n<p><a href=\"http:\/\/blog.causeur.fr\/asiledeblog\/drames-de-la-cohabitation,002056\/guide_television_0\" rel=\"attachment wp-att-2057\"><img loading=\"lazy\" decoding=\"async\" class=\"alignleft size-medium wp-image-2057\" src=\"http:\/\/blog.causeur.fr\/asiledeblog\/files\/2014\/04\/guide_television_0-208x300.jpg\" alt=\"\" width=\"208\" height=\"300\" srcset=\"https:\/\/blog.causeur.fr\/asiledeblog\/wp-content\/uploads\/sites\/10\/2014\/04\/guide_television_0-208x300.jpg 208w, https:\/\/blog.causeur.fr\/asiledeblog\/wp-content\/uploads\/sites\/10\/2014\/04\/guide_television_0.jpg 444w\" sizes=\"auto, (max-width: 208px) 100vw, 208px\" \/><\/a>\u00ab\u00a0<em>On ne se hait vraiment bien qu\u2019en famille\u00a0<\/em>\u00bb, disait Sacha Guitry. Mais Mitterrand et Rocard \u00e9taient-ils vraiment de la m\u00eame famille\u00a0? Certainement pas, r\u00e9pond le documentaire diffus\u00e9 sur France 5 dans sa collection \u00ab\u00a0Duels\u00a0\u00bb. Sous un titre explicite &#8211; <em>Mitterrand-Rocard, la haine et le m\u00e9pris &#8211;<\/em>Lucie Cari\u00e8s nous fait revivre la guerre, ouverte ou secr\u00e8te, que les deux hommes n\u2019ont cess\u00e9 de se livrer trente ans durant.<!--more--><\/p>\n<p>Tout les s\u00e9pare, \u00ab\u00a0<em>comme s\u2019ils ne respiraient pas le m\u00eame air\u00a0<\/em>\u00bb, note un journaliste\u00a0; et Jean-Paul Huchon, ex dircab de Michel, de pr\u00e9ciser\u00a0: \u00ab\u00a0<em>Chez Rocard, il y avait plus de d\u00e9testation que\u00a0de m\u00e9pris\u00a0; chez Mitterrand, plus de m\u00e9pris que de d\u00e9testation\u00a0<\/em>\u00bb. La balle au centre\u00a0!<\/p>\n<p>Cette incompatibilit\u00e9 d\u2019humeur se double \u00e9videmment de d\u00e9saccords politiques. En 2009, Rocard f\u00eatait ses \u00ab\u00a0<em>soixante ans d\u2019engagement socialiste\u00a0<\/em>\u00bb\u00a0; m\u00eame \u00e0 sa mort, Mitterrand n\u2019en alignait pas autant. C\u2019est qu\u2019il avait fl\u00e2n\u00e9 un peu partout, le \u00ab\u00a0promeneur du Champ de Mars\u00a0\u00bb. \u00c0 trente ans d\u00e9j\u00e0, il aurait pu signer un <em>Guide du Routard<\/em> politicien.<\/p>\n<p>Dans les ann\u00e9es 70, outre le \u00ab\u00a0d\u00e9bat de fond\u00a0\u00bb qui fait fureur entre premi\u00e8re et deuxi\u00e8me gauches, les deux hommes cultivent une inexpiable rivalit\u00e9 personnelle. Mitterrand ne cessera d\u2019en sortir vainqueur, et pour cause\u00a0: il fait de la politique<em>,<\/em> lui, quand l\u2019autre fait encore joujou avec ses id\u00e9es.<\/p>\n<p>Pauvre Rocard\u00a0! Toujours un coup de retard\u2026 Apr\u00e8s avoir trop attendu pour rallier Mitterrand, il se croit bient\u00f4t en situation de le contrer, puis de le d\u00e9fier. Pas longtemps, certes\u2026 \u00c0 peine lui a-t-il mordill\u00e9 le mollet qu\u2019il est reconduit \u00e0 sa niche.<\/p>\n<p>En 88 pourtant, sondages obligent, le pr\u00e9sident r\u00e9\u00e9lu l\u2019appelle \u00e0 Matignon\u00a0; Michel tient-il enfin sa revanche\u00a0? H\u00e9las il ne tient rien du tout, et son sup\u00e9rieur hi\u00e9rarchique va se charger de le lui faire savoir.<\/p>\n<p>Fin 90, Mitterrand n\u2019h\u00e9site m\u00eame plus \u00e0 le rabaisser en public chez Anne Sinclair\u00a0: \u00ab\u00a0<em>Je suis Pr\u00e9sident, Michel Rocard est Premier ministre, ce qui est d\u00e9j\u00e0 fort bien, et conforme \u00e0 ses qualit\u00e9s.\u00a0\u00bb <\/em>Rocard humili\u00e9, Rocard martyris\u00e9 &#8211; et pour finir Rocard cong\u00e9di\u00e9 sans pr\u00e9avis.<\/p>\n<p>Pourquoi ce combat in\u00e9gal\u00a0? \u00ab\u00a0<em>Mon vrai probl\u00e8me<\/em>, se rassure encore le veuf cocu, <em>c\u2019est que Mitterrand n\u2019\u00e9tait pas un honn\u00eate homme.\u00a0<\/em>\u00bb Allons Michel, un peu de s\u00e9rieux\u00a0! Le vrai probl\u00e8me, c\u2019est que tu t\u2019en rendes compte maintenant, et accessoirement que tu n\u2019aies jamais rien compris aux rapports de force.<\/p>\n<p>Depuis le 1<sup>er<\/sup> avril, les m\u00e9dias ont pas mal glos\u00e9 sur la nouvelle cohabitation \u00ab\u00a0gauche-gauche\u00a0\u00bb entre Hollande et Valls\u00a0: et si, soudain, surgissait entre eux une sorte de rivalit\u00e9 \u00a0&#8211; \u00a0par exemple dans la perspective de 2017\u00a0? Et qui, cette fois-ci, serait le chat et qui la souris\u00a0?<\/p>\n<p>Ce qui est s\u00fbr, c\u2019est que ce match-l\u00e0 n\u2019opposera pas un utopiste \u00e0 un cynique, mais deux politiciens de la m\u00eame cat\u00e9gorie\u00a0; le spectacle ne s\u2019en annonce que plus passionnant.<\/p>\n<p>&nbsp;<\/p>\n<p>[Article publi\u00e9 dans <em>Valeurs Actuelles<\/em>]<\/p>\n","protected":false},"excerpt":{"rendered":"<p>Plaire, ou convaincre\u00a0? \u00c0 ce jeu-l\u00e0, Mitterrand avait \u00e9crabouill\u00e9 Rocard. Le match Hollande-Valls s\u2019annonce plus serr\u00e9\u2026 \u00ab\u00a0On ne se hait vraiment bien qu\u2019en famille\u00a0\u00bb, disait Sacha Guitry. Mais Mitterrand et Rocard \u00e9taient-ils vraiment de la m\u00eame famille\u00a0? Certainement pas, r\u00e9pond le documentaire diffus\u00e9 sur France 5 dans sa collection \u00ab\u00a0Duels\u00a0\u00bb. Sous un titre explicite &#8211; [&hellip;]<\/p>\n","protected":false},"author":9,"featured_media":0,"comment_status":"open","ping_status":"open","sticky":false,"template":"","format":"standard","meta":{"footnotes":""},"categories":[1],"tags":[82,83,503,151],"class_list":{"0":"post-2056","1":"post","2":"type-post","3":"status-publish","4":"format-standard","6":"category-non-classe","7":"tag-francois-hollande","8":"tag-francois-mitterrand","9":"tag-manuel-valls","10":"tag-michel-rocard"},"_links":{"self":[{"href":"https:\/\/blog.causeur.fr\/asiledeblog\/wp-json\/wp\/v2\/posts\/2056","targetHints":{"allow":["GET"]}}],"collection":[{"href":"https:\/\/blog.causeur.fr\/asiledeblog\/wp-json\/wp\/v2\/posts"}],"about":[{"href":"https:\/\/blog.causeur.fr\/asiledeblog\/wp-json\/wp\/v2\/types\/post"}],"author":[{"embeddable":true,"href":"https:\/\/blog.causeur.fr\/asiledeblog\/wp-json\/wp\/v2\/users\/9"}],"replies":[{"embeddable":true,"href":"https:\/\/blog.causeur.fr\/asiledeblog\/wp-json\/wp\/v2\/comments?post=2056"}],"version-history":[{"count":0,"href":"https:\/\/blog.causeur.fr\/asiledeblog\/wp-json\/wp\/v2\/posts\/2056\/revisions"}],"wp:attachment":[{"href":"https:\/\/blog.causeur.fr\/asiledeblog\/wp-json\/wp\/v2\/media?parent=2056"}],"wp:term":[{"taxonomy":"category","embeddable":true,"href":"https:\/\/blog.causeur.fr\/asiledeblog\/wp-json\/wp\/v2\/categories?post=2056"},{"taxonomy":"post_tag","embeddable":true,"href":"https:\/\/blog.causeur.fr\/asiledeblog\/wp-json\/wp\/v2\/tags?post=2056"}],"curies":[{"name":"wp","href":"https:\/\/api.w.org\/{rel}","templated":true}]}}