{"id":2060,"date":"2014-04-22T09:03:55","date_gmt":"2014-04-22T09:03:55","guid":{"rendered":"http:\/\/blog.causeur.fr\/asiledeblog\/?p=2060"},"modified":"2021-04-26T12:57:17","modified_gmt":"2021-04-26T10:57:17","slug":"un-fou-nomme-katerine","status":"publish","type":"post","link":"https:\/\/blog.causeur.fr\/asiledeblog\/un-fou-nomme-katerine-2060","title":{"rendered":"Un fou nomm\u00e9 Katerine"},"content":{"rendered":"<p><strong>Philippe Katerine, chanteur d\u00e9jant\u00e9, a la double nationalit\u00e9\u00a0: mi-vend\u00e9en, mi-martien.<\/strong><\/p>\n<p><a href=\"http:\/\/blog.causeur.fr\/asiledeblog\/un-fou-nomme-katerine,002060\/katerine\" rel=\"attachment wp-att-2061\"><img loading=\"lazy\" decoding=\"async\" class=\"alignleft size-medium wp-image-2061\" src=\"http:\/\/blog.causeur.fr\/asiledeblog\/files\/2014\/04\/Katerine-300x289.jpg\" alt=\"\" width=\"300\" height=\"289\" srcset=\"https:\/\/blog.causeur.fr\/asiledeblog\/wp-content\/uploads\/sites\/10\/2014\/04\/Katerine-300x289.jpg 300w, https:\/\/blog.causeur.fr\/asiledeblog\/wp-content\/uploads\/sites\/10\/2014\/04\/Katerine-1024x989.jpg 1024w\" sizes=\"auto, (max-width: 300px) 100vw, 300px\" \/><\/a>Katerine, c\u2019est le pseudonyme qu\u2019a choisi Philippe Blanchard, Vend\u00e9en originaire de la commune de Chantonnay, pour se lancer dans la chanson. \u00ab\u00a0Transgenre\u00a0\u00bb, comme on dit de nos jours\u00a0? Non, juste f\u00eal\u00e9.<!--more--><\/p>\n<p>Sans doute, occup\u00e9s comme vous l\u2019\u00eates, avez-vous suivi sa carri\u00e8re d\u2019une oreille plus distraite que la mienne. Mais les plus branch\u00e9s d\u2019entre vous connaissent au moins son plus fameux refrain\u00a0: <em>Louxor, j\u2019adore\u2026 <\/em>Bien entendu, il ne s\u2019agit pas ici de la cit\u00e9 de Haute-\u00c9gypte, mais d\u2019une bo\u00eete de nuit \u00e0 Clisson (Loire-Atlantique).<\/p>\n<p>Tout est \u00e0 l\u2019avenant dans l\u2019univers de cet ovni, atterri ces jours-ci sur nos plateaux t\u00e9l\u00e9 pour la promo de son nouvel album, <em>Magnum<\/em>. Pourquoi \u00ab\u00a0Magnum\u00a0\u00bb\u00a0? direz-vous, l\u00e9gitimement m\u00e9fiants. L\u2019artiste invoque trois raisons\u00a0: \u00ab\u00a0<em>le champagne, les glaces et le flingue.\u00a0<\/em>\u00bb<\/p>\n<p>Ce type-l\u00e0 m\u00e9rite l\u2019attention, ne serait-ce que comme signe des temps. Il se fout du monde, certes, mais c\u2019est le n\u00f4tre\u00a0! Accessoirement, il le fait avec talent. Vingt-cinq ans d\u00e9j\u00e0 que Katerine m\u00e8ne sa barque, son bateau ivre, dans les eaux de l\u2019underground le plus d\u00e9cal\u00e9, sans concession pour <em>\u00ab\u00a0la volaille qui fait l\u2019opinion<\/em>\u00a0\u00bb, comme disait Souchon.<\/p>\n<p>Touche-\u00e0-tout, sinon \u00ab\u00a0de g\u00e9nie\u00a0\u00bb comme tout le monde, au moins de folie cr\u00e9ative, notre chanteur est aussi \u00e0 ses heures acteur, cin\u00e9aste, \u00e9crivain et artiste-peintre\u00a0; il a m\u00eame expos\u00e9 ses \u0153uvres aux Galeries Lafayette\u2026<\/p>\n<p>En 2010, Katerine rend un hommage de sa fa\u00e7on \u00e0 la chanson fran\u00e7aise, avec <em>52 reprises dans l\u2019espace<\/em>\u00a0: un triple CD o\u00f9 il revisite les plus grands succ\u00e8s de notre patrimoine contemporain, de <em>D\u00e9shabillez-moi<\/em> \u00e0 <em>Ma Benz<\/em> en passant par <em>L\u2019idole des jeunes<\/em> et l\u2019incontournable <em>Queue leu leu.<\/em><\/p>\n<p>Point de deuxi\u00e8me degr\u00e9 l\u00e0-dedans\u00a0; plut\u00f4t un m\u00e9lange \u00e9trange d\u2019ironie et de nostalgie bien dans sa mani\u00e8re, qui n\u2019a pas l\u2019heur de plaire \u00e0 tout le monde. Ainsi l\u2019ann\u00e9e suivante son huiti\u00e8me album, <em>Philippe Katerine<\/em>, o\u00f9 il pose en couverture avec papa et maman, lui vaut les foudres du <em>Monde<\/em>\u00a0: \u00ab\u00a0<em>Premier degr\u00e9<\/em> (\u2026) <em>musique indigente<\/em> (\u2026) <em>fausse audace des propos\u00a0<\/em>\u00bb&#8230; Et l\u00e9gitime col\u00e8re du quotidien de r\u00e9f\u00e9rence, face \u00e0 cet artiste cens\u00e9ment subversif qui n\u2019est m\u00eame pas engag\u00e9.<\/p>\n<p>Il fallait le voir, l\u2019autre soir au <em>Grand Journal<\/em> de Canal, chanter son nouveau tube <em>Eff\u00e9min\u00e9,<\/em> face \u00e0 une Vallaud-Belkacem interloqu\u00e9e\u00a0: \u00ab\u00a0<em>Avec mes grosses c\u2026.\u00a0 \/ Je fais mon jogging \/ Ma ch\u00e9rie me dit \/ Que j\u2019suis eff\u00e9min\u00e9<\/em>\u00a0\u00bb \u2026<\/p>\n<p>Trois jours plus tard, il est longuement interview\u00e9 dans <em>Alcaline<\/em>, le magazine musical de France 2. \u00c0 questions d\u00e9biles, r\u00e9ponses appropri\u00e9es\u00a0:<\/p>\n<p>&#8211; Votre devise\u00a0? <em>\u00ab\u00a0L\u2019exp\u00e9rience vaut mieux que les conseils\u00a0!\u00a0 Malheureusement, c\u2019est aussi un conseil\u2026<\/em>\u00a0\u00bb<\/p>\n<p>&#8211; Votre plus grand regret dans la vie\u00a0? \u00ab\u00a0<em>N\u2019avoir pas chant\u00e9 la pub pour \u00ab\u00a0Belle des Champs\u00a0\u00bb. <\/em>Et le crooner de fredonne<em>r\u00a0:\u00a0\u00ab\u00a0Donne-nous un peu de ton fromage, la-la-la-la<\/em>\u2026\u00a0\u00bb<\/p>\n<p>Moi, je dis qu\u2019un mec qui se paye notre tronche aussi \u00e9l\u00e9gamment ne peut pas \u00eatre tout \u00e0 fait mauvais.<\/p>\n<p>&nbsp;<\/p>\n<p>[Article publi\u00e9 sur <em>Valeurs Actuelles<\/em>]<\/p>\n","protected":false},"excerpt":{"rendered":"<p>Philippe Katerine, chanteur d\u00e9jant\u00e9, a la double nationalit\u00e9\u00a0: mi-vend\u00e9en, mi-martien. Katerine, c\u2019est le pseudonyme qu\u2019a choisi Philippe Blanchard, Vend\u00e9en originaire de la commune de Chantonnay, pour se lancer dans la chanson. \u00ab\u00a0Transgenre\u00a0\u00bb, comme on dit de nos jours\u00a0? Non, juste f\u00eal\u00e9.<\/p>\n","protected":false},"author":9,"featured_media":0,"comment_status":"open","ping_status":"open","sticky":false,"template":"","format":"standard","meta":{"footnotes":""},"categories":[1],"tags":[646],"class_list":{"0":"post-2060","1":"post","2":"type-post","3":"status-publish","4":"format-standard","6":"category-non-classe","7":"tag-philippe-katerine"},"_links":{"self":[{"href":"https:\/\/blog.causeur.fr\/asiledeblog\/wp-json\/wp\/v2\/posts\/2060","targetHints":{"allow":["GET"]}}],"collection":[{"href":"https:\/\/blog.causeur.fr\/asiledeblog\/wp-json\/wp\/v2\/posts"}],"about":[{"href":"https:\/\/blog.causeur.fr\/asiledeblog\/wp-json\/wp\/v2\/types\/post"}],"author":[{"embeddable":true,"href":"https:\/\/blog.causeur.fr\/asiledeblog\/wp-json\/wp\/v2\/users\/9"}],"replies":[{"embeddable":true,"href":"https:\/\/blog.causeur.fr\/asiledeblog\/wp-json\/wp\/v2\/comments?post=2060"}],"version-history":[{"count":0,"href":"https:\/\/blog.causeur.fr\/asiledeblog\/wp-json\/wp\/v2\/posts\/2060\/revisions"}],"wp:attachment":[{"href":"https:\/\/blog.causeur.fr\/asiledeblog\/wp-json\/wp\/v2\/media?parent=2060"}],"wp:term":[{"taxonomy":"category","embeddable":true,"href":"https:\/\/blog.causeur.fr\/asiledeblog\/wp-json\/wp\/v2\/categories?post=2060"},{"taxonomy":"post_tag","embeddable":true,"href":"https:\/\/blog.causeur.fr\/asiledeblog\/wp-json\/wp\/v2\/tags?post=2060"}],"curies":[{"name":"wp","href":"https:\/\/api.w.org\/{rel}","templated":true}]}}