{"id":2063,"date":"2014-04-30T08:00:42","date_gmt":"2014-04-30T08:00:42","guid":{"rendered":"http:\/\/blog.causeur.fr\/asiledeblog\/?p=2063"},"modified":"2021-04-26T12:57:17","modified_gmt":"2021-04-26T10:57:17","slug":"de-funes-et-les-corniauds","status":"publish","type":"post","link":"https:\/\/blog.causeur.fr\/asiledeblog\/de-funes-et-les-corniauds-2063","title":{"rendered":"De Fun\u00e8s et les corniauds"},"content":{"rendered":"<p><strong>Pendant vingt ans, du<em> Nouvel Obs<\/em> aux <em>Cahiers du Cin\u00e9ma<\/em>, Louis de Fun\u00e8s n\u2019aura cess\u00e9 d\u2019\u00eatre verbalis\u00e9 par les gendarmes de la pens\u00e9e.<\/strong><\/p>\n<p><a href=\"http:\/\/blog.causeur.fr\/asiledeblog\/de-funes-et-les-corniauds,002063\/louis-de-funes\" rel=\"attachment wp-att-2064\"><img loading=\"lazy\" decoding=\"async\" class=\"alignleft size-medium wp-image-2064\" src=\"http:\/\/blog.causeur.fr\/asiledeblog\/files\/2014\/04\/funes-202x300.jpg\" alt=\"\" width=\"202\" height=\"300\" srcset=\"https:\/\/blog.causeur.fr\/asiledeblog\/wp-content\/uploads\/sites\/10\/2014\/04\/funes-202x300.jpg 202w, https:\/\/blog.causeur.fr\/asiledeblog\/wp-content\/uploads\/sites\/10\/2014\/04\/funes.jpg 434w\" sizes=\"auto, (max-width: 202px) 100vw, 202px\" \/><\/a>\u00ab\u00a0<em>Monsieur de Fun\u00e8s\u00a0<\/em>\u00bb\u00a0: sous ce titre, un r\u00e9cent documentaire d\u2019<em>Arte<\/em> rend enfin l\u2019hommage qu\u2019il m\u00e9ritait \u00e0 l\u2019homme qui, trente ans apr\u00e8s sa mort, reste un des acteurs pr\u00e9f\u00e9r\u00e9s des Fran\u00e7ais.<\/p>\n<p>Riches archives, t\u00e9moignages et analyses vari\u00e9es &#8211; y compris celles d\u2019un neurobiologiste et d\u2019un p\u00e9dopsychiatre\u00a0!\u00a0Ici, on n\u2019a pas l\u00e9sin\u00e9 sur les moyens pour nous faire revivre la carri\u00e8re de ce musicien de bar qui s\u2019\u00e9tait jur\u00e9 de devenir acteur.<!--more--><\/p>\n<p>Contre vents et mar\u00e9es l\u2019artiste s\u2019accroche et, vingt ans et cent panouilles plus tard, soudain il lui suffit de quelques minutes dans <em>La travers\u00e9e de Paris<\/em> pour imposer son personnage de <em>\u00ab\u00a0M. Jambier, 45 rue Poliveau<\/em>\u00a0\u00bb. Fini les utilit\u00e9s\u00a0! D\u00e9sormais, son nom devient lisible sur les affiches.<\/p>\n<p>N\u2019emp\u00eache, c\u2019est seulement \u00e0 cinquante ans que Louis acc\u00e8de \u00e0 la notori\u00e9t\u00e9. \u00c0 l\u2019\u00e9t\u00e9 64, il encha\u00eene les tournages du <em>Gendarme<\/em>, de <em>Fant\u00f4mas<\/em> et du<em> Corniaud.<\/em> Une \u00e9toile est n\u00e9e\u00a0! qui brille encore trente ans apr\u00e8s sa mort, non seulement en France mais dans le monde entier.<\/p>\n<p>La seule chose qui lui manquera toujours, c\u2019est la reconnaissance de la critique \u00ab\u00a0intelligente\u00a0\u00bb. Comme dit son biographe Bertrand Dicale,\u00a0de Fun\u00e8s illustre bien la boutade de Sacha Guitry\u00a0: \u00ab\u00a0<em>Le public l\u2019aime\u00a0? Eh bien, il n\u2019y a que lui qui l\u2019aime\u00a0!\u00a0<\/em>\u00bb<\/p>\n<p>\u00c0 l\u2019\u00e9poque de la Nouvelle Vague et du Nouveau Roman, il ne fait pas bon \u00eatre pl\u00e9biscit\u00e9 par le public populaire. Michel Audiard, Georges Lautner et leur bande en feront aussi les frais \u2013 sauf que ces Tontons-l\u00e0 s\u2019en tamponnent le coquillard.<\/p>\n<p>En ces temps-l\u00e0, \u00ab <em>la critique autoris\u00e9e \u00e9tait forc\u00e9ment progressiste et de gauche <\/em>\u00bb, rappelle l\u2019historien du cin\u00e9ma Jean-Baptiste Thorel, comme si \u00e7a avait chang\u00e9. En tout cas, confirme Dicale, \u00ab\u00a0<em>chez les clercs, on n\u2019aimait pas Louis de Fun\u00e8s\u00a0<\/em>; <em>quand j\u2019\u00e9tais en premi\u00e8re, en 77, mon prof d\u2019\u00e9conomie disait\u00a0<\/em>: \u00ab\u00a0De Fun\u00e8s, c\u2019est du cin\u00e9ma p\u00e9tainiste.\u00a0\u00bb<\/p>\n<p>Mais la bonne presse ne s\u2019embarrasse m\u00eame pas de politique pour d\u00e9capiter ce pauvre Louis. \u00ab\u00a0<em>Minable\u00a0<\/em>\u00bb, \u00ab\u00a0<em>path\u00e9tique<\/em>\u00a0\u00bb, \u00ab\u00a0<em>vulgaire<\/em>\u00a0\u00bb, \u00ab\u00a0<em>abject<\/em>\u00a0\u00bb, caquette-t-on en \u00e9cho du <em>Canard<\/em> aux <em>Cahiers du Cin\u00e9ma<\/em>. Mais c\u2019est le <em>Nouvel Obs<\/em> qui, d\u00e9j\u00e0, nous livre l\u2019analyse la plus pointue\u00a0: \u00ab\u00a0<em>M. de Fun\u00e8s fait ses petites grimaces, ses petits borborygmes et ses petites galipettes de petit vieux rest\u00e9 jeune\u2026\u00a0<\/em>\u00bb<\/p>\n<p>M\u00eame ce beau texte a mal veilli. \u00ab\u00a0<em>Aujourd\u2019hui<\/em>, observe Thorel,<em> la critique fran\u00e7aise fait son grand <\/em>mea culpa<em> sur ce qu\u2019elle n\u2019a pas su voir dans les ann\u00e9es 60-70\u00a0\u00bb.<\/em> De fait, les \u00e9loges pleuvent dru sur cette \u00e9mission dans la bonne presse. <em>T\u00e9l\u00e9rama <\/em>s\u2019enthousiasme pour la \u00ab\u00a0<em>r\u00e9habilitation tardive <\/em>(sic) <em>d\u2019un com\u00e9dien m\u00e9pris\u00e9 par l\u2019intelligentsia\u00a0\u00bb<\/em>. Et <em>Le Monde<\/em> de louer, quasiment dans les m\u00eames termes, ce \u00ab\u00a0<em>magnifique documentaire, compensant<\/em> (re-sic) <em>le m\u00e9pris qui, dans l\u2019intelligentsia fran\u00e7aise, accompagna la sortie de la plupart de ses films.<\/em>\u00a0\u00bb D\u00e9cid\u00e9ment, chez ces gens-l\u00e0, on ne manque pas de culot\u00a0!<\/p>\n<p>Mais vous me direz, c\u2019est bien connu\u00a0: les meilleurs cireurs de pompes commencent par cracher dessus.<\/p>\n<p>[Article publi\u00e9 dans <em>Valeurs Actuelles<\/em>]<\/p>\n","protected":false},"excerpt":{"rendered":"<p>Pendant vingt ans, du Nouvel Obs aux Cahiers du Cin\u00e9ma, Louis de Fun\u00e8s n\u2019aura cess\u00e9 d\u2019\u00eatre verbalis\u00e9 par les gendarmes de la pens\u00e9e. \u00ab\u00a0Monsieur de Fun\u00e8s\u00a0\u00bb\u00a0: sous ce titre, un r\u00e9cent documentaire d\u2019Arte rend enfin l\u2019hommage qu\u2019il m\u00e9ritait \u00e0 l\u2019homme qui, trente ans apr\u00e8s sa mort, reste un des acteurs pr\u00e9f\u00e9r\u00e9s des Fran\u00e7ais. Riches archives, [&hellip;]<\/p>\n","protected":false},"author":9,"featured_media":0,"comment_status":"open","ping_status":"open","sticky":false,"template":"","format":"standard","meta":{"footnotes":""},"categories":[1],"tags":[647],"class_list":{"0":"post-2063","1":"post","2":"type-post","3":"status-publish","4":"format-standard","6":"category-non-classe","7":"tag-louis-de-funes"},"_links":{"self":[{"href":"https:\/\/blog.causeur.fr\/asiledeblog\/wp-json\/wp\/v2\/posts\/2063","targetHints":{"allow":["GET"]}}],"collection":[{"href":"https:\/\/blog.causeur.fr\/asiledeblog\/wp-json\/wp\/v2\/posts"}],"about":[{"href":"https:\/\/blog.causeur.fr\/asiledeblog\/wp-json\/wp\/v2\/types\/post"}],"author":[{"embeddable":true,"href":"https:\/\/blog.causeur.fr\/asiledeblog\/wp-json\/wp\/v2\/users\/9"}],"replies":[{"embeddable":true,"href":"https:\/\/blog.causeur.fr\/asiledeblog\/wp-json\/wp\/v2\/comments?post=2063"}],"version-history":[{"count":0,"href":"https:\/\/blog.causeur.fr\/asiledeblog\/wp-json\/wp\/v2\/posts\/2063\/revisions"}],"wp:attachment":[{"href":"https:\/\/blog.causeur.fr\/asiledeblog\/wp-json\/wp\/v2\/media?parent=2063"}],"wp:term":[{"taxonomy":"category","embeddable":true,"href":"https:\/\/blog.causeur.fr\/asiledeblog\/wp-json\/wp\/v2\/categories?post=2063"},{"taxonomy":"post_tag","embeddable":true,"href":"https:\/\/blog.causeur.fr\/asiledeblog\/wp-json\/wp\/v2\/tags?post=2063"}],"curies":[{"name":"wp","href":"https:\/\/api.w.org\/{rel}","templated":true}]}}