{"id":2071,"date":"2014-05-12T08:53:08","date_gmt":"2014-05-12T08:53:08","guid":{"rendered":"http:\/\/blog.causeur.fr\/asiledeblog\/?p=2071"},"modified":"2021-04-26T12:57:17","modified_gmt":"2021-04-26T10:57:17","slug":"zemmour-se-fait-son-ramadan","status":"publish","type":"post","link":"https:\/\/blog.causeur.fr\/asiledeblog\/zemmour-se-fait-son-ramadan-2071","title":{"rendered":"Zemmour se fait son Ramadan"},"content":{"rendered":"<p><strong>Dialogue impossible entre Zemmour et Ramadan. Notre professeur d\u2019islamologie a du mal \u00e0 int\u00e9grer le concept d\u2019assimilation, et m\u00eame \u00e0 assimiler le concept d\u2019int\u00e9gration.<\/strong><\/p>\n<p><a href=\"http:\/\/blog.causeur.fr\/asiledeblog\/zemmour-se-fait-son-ramadan-002071.html\/z_n\" rel=\"attachment wp-att-2072\"><img loading=\"lazy\" decoding=\"async\" class=\"alignleft size-medium wp-image-2072\" src=\"http:\/\/blog.causeur.fr\/asiledeblog\/files\/2014\/05\/Z_N-300x170.jpg\" alt=\"\" width=\"300\" height=\"170\" srcset=\"https:\/\/blog.causeur.fr\/asiledeblog\/wp-content\/uploads\/sites\/10\/2014\/05\/Z_N-300x170.jpg 300w, https:\/\/blog.causeur.fr\/asiledeblog\/wp-content\/uploads\/sites\/10\/2014\/05\/Z_N.jpg 482w\" sizes=\"auto, (max-width: 300px) 100vw, 300px\" \/><\/a>D\u2019ordinaire, \u00e0 l\u2019enseigne de <em>Zemmour &amp; Naulleau<\/em>, on cuisine de conserve un invit\u00e9. L\u2019autre vendredi, changement de programme\u00a0: Edgar Morin et Tariq Ramadan sont venus main dans la main pr\u00e9senter leur livre de dialogues, <em>Au p\u00e9ril des id\u00e9es<\/em>.<!--more--><\/p>\n<p>En face aussi, nouvelle donne : Naulleau se contente d\u2019introduire le d\u00e9bat avant de \u00ab\u00a0<em>l\u00e2cher Zemmour<\/em>\u00a0\u00bb, comme il dit, et d\u2019arbitrer dans la bonne humeur cet \u00e9tonnant match \u00e0 trois. Superbe combat, o\u00f9 l\u2019ami \u00c9ric s\u2019en prend successivement \u00e0 l\u2019un, \u00e0 l\u2019autre et aux deux r\u00e9unis. Entre coups de taille et d\u2019estoc, il d\u00e9capite l\u2019hydre \u00e0 deux t\u00eates plus vite qu\u2019elles ne repoussent\u00a0!<\/p>\n<p>A priori, c\u2019est vrai, tout semble opposer l\u2019intello ath\u00e9e \u00e0 l\u2019islamologue pratiquant. Pourtant, ils devisent gaiement tout au long d\u2019un livre, non sans se d\u00e9couvrir au fil des pages un tas d\u2019atomes crochus.<\/p>\n<p>\u00ab\u00a0<em>Au fond vous \u00eates d\u2019accord sur tout<\/em>, attaque Zemmour, <em>et j\u2019ai essay\u00e9 de comprendre pourquoi&#8230; Tout \u00e7a part de vous, M. Morin\u00a0: \u00e0 force de dire qu\u2019<\/em>\u00a0\u00ab\u00a0\u00eatre fran\u00e7ais ce n\u2019est qu\u2019un adjectif\u00a0\u00bb<em> et qu\u2019\u00a0<\/em>\u00ab\u00a0il n\u2019existe plus d\u2019\u00e9trangers\u00a0\u00bb, <em>il n\u2019y a plus d\u2019identit\u00e9s, plus de nations, plus rien\u2026 Et M. Ramadan rentre l\u00e0-dedans comme dans du beurre\u00a0!\u00a0<\/em>\u00bb<\/p>\n<p>Aussi courtois soit-il, Morin ne saurait se laisser traiter de motte de beurre sans r\u00e9agir &#8211; au risque d\u2019en rajouter\u00a0: \u00ab\u00a0<em>Je ne nie nullement la nation, <\/em>dit-il aimablement, <em>mais la France est une province de l\u2019Europe et l\u2019Europe elle-m\u00eame est une province de la plan\u00e8te. D\u2019ailleurs, d\u00e8s qu\u2019elle s\u2019est constitu\u00e9e comme nation, la France \u00e9tait multiculturelle.<\/em>\u00a0\u00bb<\/p>\n<p>\u2013 \u00ab\u00a0<em>Vous confondez multiethnique et multiculturel, \u00e7a n\u2019a n\u2019a rien \u00e0 voir\u00a0!\u00a0<\/em>\u00bb l\u00e2che un Zemmour d\u00e9j\u00e0 d\u00e9courag\u00e9, comme on met un z\u00e9ro \u00e0 un hors-sujet. D\u00e9cid\u00e9ment son v\u00e9ritable adversaire c\u2019est l\u2019autre, le malin Ramadan, venu lustrer sa nouvelle virginit\u00e9 d\u00e9mocratique sur le dos\u00a0du r\u00e9ac de service. : \u00a0\u2013 \u00ab\u00a0<em>Vous avez un probl\u00e8me avec la France, <\/em>ose Tariq, <em>parce qu\u2019aujourd\u2019hui elle est plurielle au niveau des m\u00e9moires et diverse au niveau des identit\u00e9s.\u00a0<\/em>\u00bb<\/p>\n<p>\u2013 \u00ab\u00a0<em>C\u2019est vous qui avez un probl\u00e8me<\/em>, r\u00e9torque \u00c9ric, <em>quand vous \u00e9crivez<\/em>\u00a0: \u00ab\u00a0Je suis chez moi, je n\u2019ai pas \u00e0 \u00eatre int\u00e9gr\u00e9.\u00a0\u00bb <em>La France a toujours repos\u00e9 sur l\u2019assimilation\u00a0; quand un \u00e9tranger s\u2019installait ici, soit il devenait fran\u00e7ais c\u2019est-\u00e0-dire <strong>le m\u00eame\u00a0<\/strong>; soit il restait \u00e9tranger c\u2019est-\u00e0-dire <strong>autre<\/strong>. Mais pas les deux \u00e0 la fois\u00a0!\u00a0\u00bb<\/em><\/p>\n<p>\u2013 \u00ab\u00a0<em>En fait vous avez un probl\u00e8me avec l\u2019islam<\/em>, encha\u00eene fr\u00e8re Tariq soudain devenu psy. <em>Vous ne le comprenez pas\u2026<\/em>\u00a0\u00bb<\/p>\n<p>\u2013 \u00ab\u00a0<em>C\u2019est vous qui avez un probl\u00e8me avec la r\u00e9alit\u00e9, <\/em>relance Zemmour <em>: vous nous inventez un islam qui n\u2019existe pas\u00a0! Le vrai, il a toujours confondu pouvoir temporel et pouvoir religieux. Il n\u2019y a aucun pays musulman qui soit d\u00e9mocratique\u00a0!\u00a0<\/em>\u00bb<\/p>\n<p>\u00c0 ces mots, le Vieux sage Morin de s\u2019\u00e9brouer soudain\u00a0: \u00ab\u00a0On interpr\u00e8te la Bible, on interpr\u00e8te les \u00c9vangiles\u00a0; on doit aussi interpr\u00e9ter le Coran\u00a0!\u00a0\u00bb \u00ab \u2013 Ben oui, le r\u00e9veille doucement Zemmour\u00a0; mais c\u2019est interdit\u00a0!\u00a0\u00bb<\/p>\n<p>&nbsp;<\/p>\n<p>[Article publi\u00e9 dans <em>Valeurs Actuelles<\/em>]<\/p>\n","protected":false},"excerpt":{"rendered":"<p>Dialogue impossible entre Zemmour et Ramadan. Notre professeur d\u2019islamologie a du mal \u00e0 int\u00e9grer le concept d\u2019assimilation, et m\u00eame \u00e0 assimiler le concept d\u2019int\u00e9gration. D\u2019ordinaire, \u00e0 l\u2019enseigne de Zemmour &amp; Naulleau, on cuisine de conserve un invit\u00e9. L\u2019autre vendredi, changement de programme\u00a0: Edgar Morin et Tariq Ramadan sont venus main dans la main pr\u00e9senter leur [&hellip;]<\/p>\n","protected":false},"author":9,"featured_media":0,"comment_status":"open","ping_status":"open","sticky":false,"template":"","format":"standard","meta":{"footnotes":""},"categories":[1],"tags":[649,77,216],"class_list":{"0":"post-2071","1":"post","2":"type-post","3":"status-publish","4":"format-standard","6":"category-non-classe","7":"tag-edgar-morin","8":"tag-eric-zemmour","9":"tag-tariq-ramadan"},"_links":{"self":[{"href":"https:\/\/blog.causeur.fr\/asiledeblog\/wp-json\/wp\/v2\/posts\/2071","targetHints":{"allow":["GET"]}}],"collection":[{"href":"https:\/\/blog.causeur.fr\/asiledeblog\/wp-json\/wp\/v2\/posts"}],"about":[{"href":"https:\/\/blog.causeur.fr\/asiledeblog\/wp-json\/wp\/v2\/types\/post"}],"author":[{"embeddable":true,"href":"https:\/\/blog.causeur.fr\/asiledeblog\/wp-json\/wp\/v2\/users\/9"}],"replies":[{"embeddable":true,"href":"https:\/\/blog.causeur.fr\/asiledeblog\/wp-json\/wp\/v2\/comments?post=2071"}],"version-history":[{"count":0,"href":"https:\/\/blog.causeur.fr\/asiledeblog\/wp-json\/wp\/v2\/posts\/2071\/revisions"}],"wp:attachment":[{"href":"https:\/\/blog.causeur.fr\/asiledeblog\/wp-json\/wp\/v2\/media?parent=2071"}],"wp:term":[{"taxonomy":"category","embeddable":true,"href":"https:\/\/blog.causeur.fr\/asiledeblog\/wp-json\/wp\/v2\/categories?post=2071"},{"taxonomy":"post_tag","embeddable":true,"href":"https:\/\/blog.causeur.fr\/asiledeblog\/wp-json\/wp\/v2\/tags?post=2071"}],"curies":[{"name":"wp","href":"https:\/\/api.w.org\/{rel}","templated":true}]}}