{"id":2084,"date":"2014-06-10T09:58:15","date_gmt":"2014-06-10T09:58:15","guid":{"rendered":"http:\/\/blog.causeur.fr\/asiledeblog\/?p=2084"},"modified":"2021-04-26T12:57:17","modified_gmt":"2021-04-26T10:57:17","slug":"quatre-vies-bien-remplies","status":"publish","type":"post","link":"https:\/\/blog.causeur.fr\/asiledeblog\/quatre-vies-bien-remplies-2084","title":{"rendered":"Quatre vies bien remplies"},"content":{"rendered":"<p><strong>Les invit\u00e9s de Fran\u00e7ois Busnel ont \u00e0 peine 380 ans \u00e0 eux quatre, mais ils ont plus de souvenirs que s\u2019ils avaient\u00a0 mille ans\u2026<\/strong><\/p>\n<p><a href=\"http:\/\/blog.causeur.fr\/asiledeblog\/quatre-vies-bien-remplies-002084.html\/la_grande_librairie_france_5\" rel=\"attachment wp-att-2085\"><img loading=\"lazy\" decoding=\"async\" class=\"alignleft size-medium wp-image-2085\" src=\"http:\/\/blog.causeur.fr\/asiledeblog\/files\/2014\/06\/la_grande_librairie_france_5-300x170.jpg\" alt=\"\" width=\"300\" height=\"170\" srcset=\"https:\/\/blog.causeur.fr\/asiledeblog\/wp-content\/uploads\/sites\/10\/2014\/06\/la_grande_librairie_france_5-300x170.jpg 300w, https:\/\/blog.causeur.fr\/asiledeblog\/wp-content\/uploads\/sites\/10\/2014\/06\/la_grande_librairie_france_5.jpg 638w\" sizes=\"auto, (max-width: 300px) 100vw, 300px\" \/><\/a>Sur le plateau de <em>La Grande Librairie<\/em> l\u2019autre jeudi, <em>\u00ab\u00a0quatre grands t\u00e9moins du XX\u00e8me si\u00e8cle<\/em>\u00a0\u00bb, annonce dans sa pr\u00e9sentation Fran\u00e7ois Busnel. De fait, les invit\u00e9s ne sont pas n\u00e9s de la derni\u00e8re pluie\u00a0; comme dit l\u2019une d\u2019eux, Marceline Loridan-Ivens, <em>\u00ab\u00a0\u00e0 nous quatre, nous avons pr\u00e8s de 400 ans<\/em>\u00a0\u00bb<!--more--><\/p>\n<p>Mais ni leur \u00e2ge ni ce qu\u2019ils ont v\u00e9cu n\u2019emp\u00eache cette joyeuse bande de \u00ab\u00a0seniors\u00a0\u00bb d\u2019\u00eatre en pleine forme. D\u00e9port\u00e9e \u00e0 quinze ans, Marceline Loridan-Ivens fut, comme son nom l\u2019indique \u00e0 moiti\u00e9, l\u2019\u00e9pouse du cin\u00e9aste Joris Ivens. Elle retrace son parcours dans un livre, <em>Ma vie balagan<\/em>, dont on ne nous expliquera h\u00e9las pas le titre.<\/p>\n<p>Si l\u2019animateur se garde de r\u00e9v\u00e9ler l\u2019\u00e2ge exact de Marceline, galanterie oblige, en revanche Georges-Emmanuel Clancier est fier d\u2019avoir f\u00eat\u00e9 le mois dernier son centi\u00e8me anniversaire. L\u2019\u00e9crivain est c\u00e9l\u00e8bre notamment pour <em>Le Pain noir<\/em>, adapt\u00e9 \u00e0 la t\u00e9l\u00e9 en 1974 par Serge Moati\u00a0; une saga familiale dans le Limousin de 1870 \u00e0 1918. Roman\u00a0? Pas seulement\u00a0: l\u2019auteur fut quand m\u00eame le t\u00e9moin direct des quatre derni\u00e8res ann\u00e9es\u2026<\/p>\n<p>Jean-Louis Cr\u00e9mieux-Brilhac n\u2019a que quatre-vingt dix sept ans, et il en fait vingt de moins\u00a0! Figure de la France libre, il en est devenu l\u2019historien. Aujourd\u2019hui, dans <em>De Gaulle, la R\u00e9publique et la France libre, <\/em>il explique comment le combat du G\u00e9n\u00e9ral \u00e0 Londres eut pour but non seulement de chasser l\u2019occupant, mais de pr\u00e9parer la reconstruction de l\u2019\u00c9tat.<\/p>\n<p>Ce qui int\u00e9resse le plus Busnel, ce sont les <em>M\u00e9moires de Guerre<\/em> : <em>\u00ab\u00a0Quelle est la part de la v\u00e9rit\u00e9 historique et celle de la construction l\u00e9gendaire\u00a0?\u00a0<\/em>\u00bb Cr\u00e9mieux-Brilhac r\u00e9pond avec un art consomm\u00e9 de la nuance. D\u2019une part, De Gaulle raconte ici <em>sa<\/em> guerre, pas celle de la France libre, m\u00eame s\u2019il en fut le chef. D\u2019autre part, ce r\u00e9cit historique ne va pas sans quelques arri\u00e8re-pens\u00e9es politiques\u00a0: publi\u00e9s en pleine travers\u00e9e du d\u00e9sert, les M\u00e9moires ont aussi pour but d\u2019en sortir.<\/p>\n<p>\u00c0 93 ans, Daniel Cordier, ancien secr\u00e9taire de Jean Moulin, est le benjamin de cette assembl\u00e9e, au moins c\u00f4t\u00e9 gar\u00e7ons. Les gar\u00e7ons, justement, c\u2019est le sujet\u00a0 de son livre, <em>Les feux de Saint-Elme<\/em>. Dans ce r\u00e9cit autobiographique, il raconte sa passion adolescente pour David, un \u00e9l\u00e8ve du m\u00eame \u00e2ge que lui.<\/p>\n<p>L\u2019essentiel tient en deux (jolies) phrases\u00a0: \u00ab\u00a0<em>Un jour, j\u2019avais treize ans, je me suis dit\u00a0<\/em>: \u00ab\u00a0Eh bien, au fond, c\u2019est lui\u00a0!\u00a0\u00bb raconte Daniel Cordier sur le plateau. Et Busnel de citer la fin du livre\u00a0: \u00ab\u00a0<em>Le regret de ma vie est celui de cette histoire que je n\u2019ai pas v\u00e9cue.\u00a0<\/em>\u00bb<\/p>\n<p>Touchant, \u00e0 coup s\u00fbr, mais pas tout \u00e0 fait vrai\u00a0! Cordier a un autre regret, qu\u2019il va r\u00e9v\u00e9ler lorsque l\u2019animateur pr\u00e9tend lui reparler de \u00ab\u00a0sa guerre\u00a0\u00bb\u00a0: \u00ab\u00a0<em>Mais je n\u2019ai pas fait la guerre, malheureusement, puisque je n\u2019ai jamais tu\u00e9 un Boche\u00a0! C\u2019est mon d\u00e9sespoir\u00a0!<\/em>\u00a0\u00bb<\/p>\n<p>Apr\u00e8s ce coming out l\u00e0, \u00e0 l\u2019heure o\u00f9 tout le monde ne parle que \u00ab\u00a0<em>dialogue franco-allemand<\/em>\u00a0\u00bb, Daniel Cordier a eu de la chance de ne pas \u00eatre arr\u00eat\u00e9 par les gendarmes \u00e0 la sortie du studio de t\u00e9l\u00e9\u2026<\/p>\n<p>[Article paru dans <em>Valeurs Actuelles<\/em>]<\/p>\n","protected":false},"excerpt":{"rendered":"<p>Les invit\u00e9s de Fran\u00e7ois Busnel ont \u00e0 peine 380 ans \u00e0 eux quatre, mais ils ont plus de souvenirs que s\u2019ils avaient\u00a0 mille ans\u2026 Sur le plateau de La Grande Librairie l\u2019autre jeudi, \u00ab\u00a0quatre grands t\u00e9moins du XX\u00e8me si\u00e8cle\u00a0\u00bb, annonce dans sa pr\u00e9sentation Fran\u00e7ois Busnel. De fait, les invit\u00e9s ne sont pas n\u00e9s de la [&hellip;]<\/p>\n","protected":false},"author":9,"featured_media":0,"comment_status":"open","ping_status":"open","sticky":false,"template":"","format":"standard","meta":{"footnotes":""},"categories":[1],"tags":[658,659,660],"class_list":{"0":"post-2084","1":"post","2":"type-post","3":"status-publish","4":"format-standard","6":"category-non-classe","7":"tag-daniel-cordier","8":"tag-georges-emmanuel-clancier","9":"tag-jean-louis-cremieux-brilhac"},"_links":{"self":[{"href":"https:\/\/blog.causeur.fr\/asiledeblog\/wp-json\/wp\/v2\/posts\/2084","targetHints":{"allow":["GET"]}}],"collection":[{"href":"https:\/\/blog.causeur.fr\/asiledeblog\/wp-json\/wp\/v2\/posts"}],"about":[{"href":"https:\/\/blog.causeur.fr\/asiledeblog\/wp-json\/wp\/v2\/types\/post"}],"author":[{"embeddable":true,"href":"https:\/\/blog.causeur.fr\/asiledeblog\/wp-json\/wp\/v2\/users\/9"}],"replies":[{"embeddable":true,"href":"https:\/\/blog.causeur.fr\/asiledeblog\/wp-json\/wp\/v2\/comments?post=2084"}],"version-history":[{"count":0,"href":"https:\/\/blog.causeur.fr\/asiledeblog\/wp-json\/wp\/v2\/posts\/2084\/revisions"}],"wp:attachment":[{"href":"https:\/\/blog.causeur.fr\/asiledeblog\/wp-json\/wp\/v2\/media?parent=2084"}],"wp:term":[{"taxonomy":"category","embeddable":true,"href":"https:\/\/blog.causeur.fr\/asiledeblog\/wp-json\/wp\/v2\/categories?post=2084"},{"taxonomy":"post_tag","embeddable":true,"href":"https:\/\/blog.causeur.fr\/asiledeblog\/wp-json\/wp\/v2\/tags?post=2084"}],"curies":[{"name":"wp","href":"https:\/\/api.w.org\/{rel}","templated":true}]}}