{"id":2087,"date":"2014-06-16T09:23:53","date_gmt":"2014-06-16T09:23:53","guid":{"rendered":"http:\/\/blog.causeur.fr\/asiledeblog\/?p=2087"},"modified":"2021-04-26T12:57:04","modified_gmt":"2021-04-26T10:57:04","slug":"espece-de","status":"publish","type":"post","link":"https:\/\/blog.causeur.fr\/asiledeblog\/espece-de-2087","title":{"rendered":"\u00ab Esp\u00e8ce de \u2026 \u00bb"},"content":{"rendered":"<p><strong>L\u2019invective en politique, des petites phrases aux gros mots en passant par Bernard Tapie\u2026<\/strong><\/p>\n<p><a href=\"http:\/\/blog.causeur.fr\/asiledeblog\/%c2%ab-espece-de-%e2%80%a6-%c2%bb-002087.html\/tapiecolere\" rel=\"attachment wp-att-2088\"><img loading=\"lazy\" decoding=\"async\" class=\"alignleft size-medium wp-image-2088\" src=\"http:\/\/blog.causeur.fr\/asiledeblog\/files\/2014\/06\/Tapiecolere-300x166.jpg\" alt=\"\" width=\"300\" height=\"166\" srcset=\"https:\/\/blog.causeur.fr\/asiledeblog\/wp-content\/uploads\/sites\/10\/2014\/06\/Tapiecolere-300x166.jpg 300w, https:\/\/blog.causeur.fr\/asiledeblog\/wp-content\/uploads\/sites\/10\/2014\/06\/Tapiecolere.jpg 301w\" sizes=\"auto, (max-width: 300px) 100vw, 300px\" \/><\/a>Le titre du documentaire diffus\u00e9 jeudi dernier sur LCP en r\u00e9sume assez bien l\u2019objet\u00a0: une anthologie de l\u2019insulte des origines \u00e0 nos jours et dans tous ses \u00e9tats. D\u2019embl\u00e9e, l\u2019auteur se place sous la haute autorit\u00e9 de Freud, pour qui l\u2019insulte est le fondement m\u00eame de la vie en soci\u00e9t\u00e9\u00a0: \u00ab\u00a0<em>Le premier individu \u00e0 jeter une insulte plut\u00f4t qu\u2019une pierre est le fondateur de la civilisation<\/em>\u00a0\u00bb.<!--more--><\/p>\n<p>Suivent une pataraf\u00e9e de sp\u00e9cialistes en tous genres, charg\u00e9s de nous faire explorer les bases dudit fondement. \u00c0 vrai dire, avec leur typologie des injures, pas de quoi tomber de l\u2019armoire\u2026 Les unes, figurez-vous, sont d\u2019origine v\u00e9g\u00e9tale (poire, navet, gland) ou animale (dinde, buse et autre \u00ab\u00a0noms d\u2019oiseaux\u00a0\u00bb), d\u2019autres sexuelles ou scatologiques (je vous passe les d\u00e9tails).<\/p>\n<p>Au moins apprend-on que nombre d\u2019insultes encore en vigueur aujourd\u2019hui ne datent pas d\u2019hier, mais du XIII\u00e8me si\u00e8cle (\u00ab\u00a0connard\u00a0\u00bb) voire du XI\u00e8me (\u00ab\u00a0merdeux\u00a0\u00bb). N\u2019emp\u00eache\u00a0! L\u2019ensemble serait bien aride s\u2019il n\u2019\u00e9tait agr\u00e9ment\u00e9 de moult sketchs et extraits de films propices \u00e0 la d\u00e9tente.<\/p>\n<p>La deuxi\u00e8me partie de l\u2019\u00e9mission n\u2019est pas la moins int\u00e9ressante, malgr\u00e9 un l\u00e9ger probl\u00e8me de coh\u00e9rence. Sous le titre \u00ab\u00a0<em>Insulte et politique\u00a0<\/em>\u00bb, elle pr\u00e9tend couvrir les cinquante derni\u00e8res ann\u00e9es de notre vie publique, avant de pr\u00e9ciser que l\u2019insulte en politique n\u2019a (re) commenc\u00e9 que depuis peu.<\/p>\n<p>De De Gaulle \u00e0 Chirac en passant par les fameux duels Giscard\/ Mitterrand, les joutes verbales \u00e9taient rest\u00e9es fort civiles. Si \u00ab\u00a0<em>le monopole du c\u0153ur\u00a0<\/em>\u00bb et \u00ab\u00a0<em>l\u2019homme du passif<\/em>\u00a0\u00bb firent sensation \u00e0 l\u2019\u00e9poque, on \u00e9tait encore loin de l\u2019invective\u00a0; c\u2019est l\u2019homme public et ses id\u00e9es qui \u00e9taient mis en cause.<\/p>\n<p>Une\u00a0 nouvelle g\u00e9n\u00e9ration, annonc\u00e9e d\u00e9j\u00e0 nous dit-on par les matchs t\u00e9l\u00e9vis\u00e9s Tapie-Le Pen, n\u2019h\u00e9site plus \u00e0 envahir la sph\u00e8re priv\u00e9e pour verser dans l\u2019attaque <em>ad hominem<\/em>.<\/p>\n<p>En cause, semble-t-il, la perte du \u00ab\u00a0surmoi\u00a0\u00bb cher \u00e0 ce vieux Sigmund, mais aussi la t\u00e9l\u00e9 et internet. Encore conviendrait-il de faire la distinction un peu mieux que ce documentaire\u00a0! Quel rapport entre les coups de sang \u00e0 la Sarkozy, qui lui collent encore \u00e0 la peau, et les vrais-faux coups de gueule fa\u00e7on M\u00e9lenchon, calcul\u00e9s en fonction des \u00ab\u00a0retomb\u00e9es\u00a0\u00bb\u00a0?<\/p>\n<p>Rien de plus tentant d\u00e9sormais que de ciseler une \u00ab\u00a0petite phrase\u00a0\u00bb ou un tweet-qui-tue, juste pour faire le buzz\u2026 Et dans un tel contexte, quoi de plus rafra\u00eechissant que ce trait de Giscard contre Mitterrand en 81\u00a0: <em>\u00ab\u00a0Vous me faites penser au mot de Rivarol\u00a0<\/em>: \u00ab\u00a0C\u2019est un terrible avantage de n\u2019avoir rien fait, mais il ne faut pas en abuser. \u00bb<\/p>\n<p>Certes, \u00e7a n\u2019a pas suffi \u00e0 le faire r\u00e9\u00e9lire, mais au moins \u00e9tait-ce de bonne pol\u00e9mique\u00a0; en ces temps de catch, comment ne pas regretter l\u2019escrime\u00a0? L\u2019\u00e9poque o\u00f9 on savait manier la controverse sans tomber dans les exc\u00e8s de langage c\u2019\u00e9tait quand m\u00eame le bon temps, bordel\u00a0!<\/p>\n<p>[Article publi\u00e9 dans <em>Valeurs Actuelles<\/em>]<\/p>\n","protected":false},"excerpt":{"rendered":"<p>L\u2019invective en politique, des petites phrases aux gros mots en passant par Bernard Tapie\u2026 Le titre du documentaire diffus\u00e9 jeudi dernier sur LCP en r\u00e9sume assez bien l\u2019objet\u00a0: une anthologie de l\u2019insulte des origines \u00e0 nos jours et dans tous ses \u00e9tats. D\u2019embl\u00e9e, l\u2019auteur se place sous la haute autorit\u00e9 de Freud, pour qui l\u2019insulte [&hellip;]<\/p>\n","protected":false},"author":9,"featured_media":0,"comment_status":"open","ping_status":"open","sticky":false,"template":"","format":"standard","meta":{"footnotes":""},"categories":[1],"tags":[663,661,148,662],"class_list":{"0":"post-2087","1":"post","2":"type-post","3":"status-publish","4":"format-standard","6":"category-non-classe","7":"tag-bernard-tapie","8":"tag-insiltes","9":"tag-jean-luc-melenchon","10":"tag-valery-giscard-destaing"},"_links":{"self":[{"href":"https:\/\/blog.causeur.fr\/asiledeblog\/wp-json\/wp\/v2\/posts\/2087","targetHints":{"allow":["GET"]}}],"collection":[{"href":"https:\/\/blog.causeur.fr\/asiledeblog\/wp-json\/wp\/v2\/posts"}],"about":[{"href":"https:\/\/blog.causeur.fr\/asiledeblog\/wp-json\/wp\/v2\/types\/post"}],"author":[{"embeddable":true,"href":"https:\/\/blog.causeur.fr\/asiledeblog\/wp-json\/wp\/v2\/users\/9"}],"replies":[{"embeddable":true,"href":"https:\/\/blog.causeur.fr\/asiledeblog\/wp-json\/wp\/v2\/comments?post=2087"}],"version-history":[{"count":0,"href":"https:\/\/blog.causeur.fr\/asiledeblog\/wp-json\/wp\/v2\/posts\/2087\/revisions"}],"wp:attachment":[{"href":"https:\/\/blog.causeur.fr\/asiledeblog\/wp-json\/wp\/v2\/media?parent=2087"}],"wp:term":[{"taxonomy":"category","embeddable":true,"href":"https:\/\/blog.causeur.fr\/asiledeblog\/wp-json\/wp\/v2\/categories?post=2087"},{"taxonomy":"post_tag","embeddable":true,"href":"https:\/\/blog.causeur.fr\/asiledeblog\/wp-json\/wp\/v2\/tags?post=2087"}],"curies":[{"name":"wp","href":"https:\/\/api.w.org\/{rel}","templated":true}]}}