{"id":2092,"date":"2014-06-23T08:43:04","date_gmt":"2014-06-23T08:43:04","guid":{"rendered":"http:\/\/blog.causeur.fr\/asiledeblog\/?p=2092"},"modified":"2021-04-26T12:57:04","modified_gmt":"2021-04-26T10:57:04","slug":"zemmour-toujours","status":"publish","type":"post","link":"https:\/\/blog.causeur.fr\/asiledeblog\/zemmour-toujours-2092","title":{"rendered":"Zemmour, toujours&#8230;"},"content":{"rendered":"<p><strong><em>\u00c7a se dispute<\/em>, un duel pas comme les autres\u00a0: les d\u00e9batteurs ne sont vraiment pas d\u2019accord\u2026 <\/strong><\/p>\n<p><a href=\"http:\/\/blog.causeur.fr\/asiledeblog\/zemmour-toujours-002092.html\/zemmour-domenach-eclair\" rel=\"attachment wp-att-2093\"><img loading=\"lazy\" decoding=\"async\" class=\"alignleft size-medium wp-image-2093\" src=\"http:\/\/blog.causeur.fr\/asiledeblog\/files\/2014\/06\/zemmour-domenach-eclair-300x119.jpg\" alt=\"\" width=\"300\" height=\"119\" srcset=\"https:\/\/blog.causeur.fr\/asiledeblog\/wp-content\/uploads\/sites\/10\/2014\/06\/zemmour-domenach-eclair-300x119.jpg 300w, https:\/\/blog.causeur.fr\/asiledeblog\/wp-content\/uploads\/sites\/10\/2014\/06\/zemmour-domenach-eclair.jpg 504w\" sizes=\"auto, (max-width: 300px) 100vw, 300px\" \/><\/a>Savoureux \u00e9changes, l\u2019autre vendredi dans <em>\u00c7a se \u00a0dispute<\/em> (iT\u00e9l\u00e9), entre Nicolas Domenach de<em> Marianne<\/em> et \u00c9ric Zemmour, qu\u2019on ne pr\u00e9sente plus. Au programme du match ce soir-l\u00e0, entre autres, le tueur fran\u00e7ais de Bruxelles et les tensions Poutine-Obama.<!--more--><\/p>\n<p>Concernant Mehdi Nemmouche, Zemmour \u00a0ne m\u00e2che pas ses quatre chemins\u00a0: \u00ab<em>Il est de nationalit\u00e9 fran\u00e7aise, mais il n\u2019a rien de fran\u00e7ais. Il ne se pense pas en Fran\u00e7ais, il hait la France et sa culture, qu\u2019il ne conna\u00eet m\u00eame pas<\/em>.\u00a0\u00bb \u00ab\u00a0<em>Arr\u00eate de caricaturer\u00a0! <\/em>r\u00e9pond Domenach. <em>L\u2019essentiel c\u2019est que, pour la premi\u00e8re fois, le Conseil fran\u00e7ais du culte musulman<\/em> (CFCM) <em>a publi\u00e9 une<\/em> \u00ab\u00a0Convention citoyenne des musulmans pour le vivre-ensemble\u00a0\u00bb. De fait, \u00e7a change la donne\u2026<\/p>\n<p>\u00ab\u00a0<em>Dans ce texte, <\/em>reconna\u00eet Zemmour<em>, le CFCM dit que la loi de la R\u00e9publique s\u2019impose. Sauf que, vous ouvrez le Coran \u00e0 n\u2019importe quelle page, on vous dit qu\u2019il faut tuer les juifs et les chr\u00e9tiens parce que Dieu les maudit\u00a0\u00bb.<\/em> Au passage, notre pol\u00e9miste rend hommage \u00e0 cette <em>\u00ab\u00a0majorit\u00e9 de musulmans qui vivent pacifiquement avec un texte aussi belliciste\u00a0\u00bb\u00a0; <\/em>mais c\u2019est pour rappeler aussit\u00f4t que ce \u00ab\u00a0<em>texte sacr\u00e9\u00a0<\/em>\u00bb en incite d\u2019autres \u00e0 tuer gratuitement.<\/p>\n<p>Vous me direz : qu\u2019est-ce qui prouve qu\u2019\u00c9ric a raison\u00a0? Rien, surtout que Nicolas n\u2019est pas d\u2019accord, mais alors pas du tout\u00a0: \u00ab\u00a0<em>Pourquoi ne veux-tu jamais voir le c\u00f4t\u00e9 positif\u00a0?<\/em>\u00a0\u00bb Et d\u2019invoquer \u00ab\u00a0<em>des initiatives et des colloques\u00a0\u00bb (sic), <\/em>cens\u00e9s prouver qu<em>\u2019\u00a0\u00ab\u00a0il se passe quelque chose de fondamental\u2026\u00a0<\/em>\u00bb &#8211; \u00ab\u00a0<em>Pour l\u2019instant, on tue\u00a0! <\/em>r\u00e9plique \u00c9ric<em>. On tue des juifs en Europe, et Benjamin Biolay ne fait m\u00eame pas de chanson\u2026\u00a0<\/em>\u00bb<\/p>\n<p>D\u00e9saccord aussi sur l\u2019Ukraine en g\u00e9n\u00e9ral, et Ma\u00efdan en particulier. L\u00e0 o\u00f9 le petit Nicolas voit un \u00e9lan europ\u00e9en, le grand m\u00e9chant \u00c9ric d\u00e9nonce \u00ab\u00a0<em>une soi-disant r\u00e9volution manipul\u00e9e par les services secrets am\u00e9ricains, comme d\u00e9j\u00e0 en 2004\u00a0\u00bb<\/em>, avant de conclure\u00a0: \u00ab\u00a0<em>La b\u00eatise des Am\u00e9ricains<\/em>, <em>c\u2019est de pousser Poutine dans les bras de la Chine\u00a0<\/em>\u00bb. Beau comme du Marie-France Garaud\u00a0!<\/p>\n<p>Reste, pour la bonne bouche, la saillie poutinienne sur Hillary Clinton\u00a0: \u00ab\u00a0<em>Il est pr\u00e9f\u00e9rable de ne pas d\u00e9battre<\/em> <em>avec les femmes (<\/em>\u2026) <em>D\u00e9passer les limites de la politesse, c\u2019est montrer une faiblesse\u00a0<\/em>; m<em>ais pour les femmes, la faiblesse n\u2019est pas tellement un d\u00e9faut.\u00a0\u00bb<\/em><\/p>\n<p>\u00ab\u00a0<em>L\u00e0, il vous a carr\u00e9ment plagi\u00e9<\/em>\u2026\u00a0\u00bb relance l\u2019animatrice \u00e0 Zemmour, visiblement ravi du compliment. \u00ab\u00a0<em>On s\u2019indigne de ces propos<\/em>, observe-t-il, <em>mais pas du fait que Mme Clinton ait compar\u00e9 Poutine \u00e0 Hitler\u00a0! On voit bien o\u00f9 est le sacr\u00e9 aujourd\u2019hui. <\/em>\u00bb<\/p>\n<p>Traiter Vladimir Vladimirovitch de grand Satan, quoi de plus normal\u00a0? Si en revanche il s\u2019avise de r\u00e9pondre en riant d\u2019Hillary, rien ne va plus\u00a0! \u00ab\u00a0<em>C\u2019est l\u2019\u00e9poque\u00a0<\/em>\u00bb, s\u2019amuse Zemmour. De fait, l\u2019\u00e9poque a au moins un avantage\u00a0: selon toute vraisemblance, la prochaine sera pire. \u00ab\u00a0<em>Tu pleureras l\u2019heure o\u00f9 tu pleures <\/em>\u00bb, comme disait Apollinaire dans une autre prison.<\/p>\n<p>[Article publi\u00e9 dans <em>Valeurs Actuelles<\/em>]<\/p>\n","protected":false},"excerpt":{"rendered":"<p>\u00c7a se dispute, un duel pas comme les autres\u00a0: les d\u00e9batteurs ne sont vraiment pas d\u2019accord\u2026 Savoureux \u00e9changes, l\u2019autre vendredi dans \u00c7a se \u00a0dispute (iT\u00e9l\u00e9), entre Nicolas Domenach de Marianne et \u00c9ric Zemmour, qu\u2019on ne pr\u00e9sente plus. Au programme du match ce soir-l\u00e0, entre autres, le tueur fran\u00e7ais de Bruxelles et les tensions Poutine-Obama.<\/p>\n","protected":false},"author":9,"featured_media":0,"comment_status":"open","ping_status":"open","sticky":false,"template":"","format":"standard","meta":{"footnotes":""},"categories":[1],"tags":[77,106,664,644,242],"class_list":{"0":"post-2092","1":"post","2":"type-post","3":"status-publish","4":"format-standard","6":"category-non-classe","7":"tag-eric-zemmour","8":"tag-islam","9":"tag-nicolas-domenach","10":"tag-ukraine","11":"tag-vladimir-poutine"},"_links":{"self":[{"href":"https:\/\/blog.causeur.fr\/asiledeblog\/wp-json\/wp\/v2\/posts\/2092","targetHints":{"allow":["GET"]}}],"collection":[{"href":"https:\/\/blog.causeur.fr\/asiledeblog\/wp-json\/wp\/v2\/posts"}],"about":[{"href":"https:\/\/blog.causeur.fr\/asiledeblog\/wp-json\/wp\/v2\/types\/post"}],"author":[{"embeddable":true,"href":"https:\/\/blog.causeur.fr\/asiledeblog\/wp-json\/wp\/v2\/users\/9"}],"replies":[{"embeddable":true,"href":"https:\/\/blog.causeur.fr\/asiledeblog\/wp-json\/wp\/v2\/comments?post=2092"}],"version-history":[{"count":0,"href":"https:\/\/blog.causeur.fr\/asiledeblog\/wp-json\/wp\/v2\/posts\/2092\/revisions"}],"wp:attachment":[{"href":"https:\/\/blog.causeur.fr\/asiledeblog\/wp-json\/wp\/v2\/media?parent=2092"}],"wp:term":[{"taxonomy":"category","embeddable":true,"href":"https:\/\/blog.causeur.fr\/asiledeblog\/wp-json\/wp\/v2\/categories?post=2092"},{"taxonomy":"post_tag","embeddable":true,"href":"https:\/\/blog.causeur.fr\/asiledeblog\/wp-json\/wp\/v2\/tags?post=2092"}],"curies":[{"name":"wp","href":"https:\/\/api.w.org\/{rel}","templated":true}]}}