{"id":2097,"date":"2014-06-30T08:46:44","date_gmt":"2014-06-30T08:46:44","guid":{"rendered":"http:\/\/blog.causeur.fr\/asiledeblog\/?p=2097"},"modified":"2021-04-26T12:57:04","modified_gmt":"2021-04-26T10:57:04","slug":"caron-suppot-du-front","status":"publish","type":"post","link":"https:\/\/blog.causeur.fr\/asiledeblog\/caron-suppot-du-front-2097","title":{"rendered":"Caron, supp\u00f4t du Front !"},"content":{"rendered":"<p><strong>Manifestement, Jean-Fran\u00e7ois Kahn partage l\u2019opinion d\u2019\u00c9ric Naulleau\u00a0: \u00ab\u00a0Dans Caron, il y a deux lettres de trop.\u00a0\u00bb<\/strong><\/p>\n<p><a href=\"http:\/\/blog.causeur.fr\/asiledeblog\/caron-suppot-du-front-002097.html\/onpc\" rel=\"attachment wp-att-2098\"><img loading=\"lazy\" decoding=\"async\" class=\"alignleft size-medium wp-image-2098\" src=\"http:\/\/blog.causeur.fr\/asiledeblog\/files\/2014\/06\/ONPC-300x168.jpg\" alt=\"\" width=\"300\" height=\"168\" srcset=\"https:\/\/blog.causeur.fr\/asiledeblog\/wp-content\/uploads\/sites\/10\/2014\/06\/ONPC-300x168.jpg 300w, https:\/\/blog.causeur.fr\/asiledeblog\/wp-content\/uploads\/sites\/10\/2014\/06\/ONPC.jpg 426w\" sizes=\"auto, (max-width: 300px) 100vw, 300px\" \/><\/a>Donc Natacha Polony quitte, de son plein gr\u00e9, <em>On n\u2019est pas couch\u00e9<\/em>, remplac\u00e9e \u00e0 la rentr\u00e9e par L\u00e9a Salam\u00e9 (iT\u00e9l\u00e9). Dans la foul\u00e9e, Laurent Ruquier et sa productrice Catherine Barma annoncent <em>una voce<\/em> le nouveau r\u00f4le assign\u00e9 \u00e0 leurs chroniqueurs\u00a0: \u00ab\u00a0<em>Fini les pol\u00e9miques, place aux interviews\u00a0!<\/em>\u00a0\u00bb Moi je veux bien, m\u00eame si \u00e7a risque d\u2019affadir encore un peu l\u2019ensemble. Mais dans ce nouveau dispositif il sert \u00e0 quoi, Aymeric Caron\u00a0?<\/p>\n<p>\u00c0 force de vouloir\u00a0exister\u00a0comme un grand, ce gland s\u2019est mis \u00e0 dos tout le monde, y compris le tout-Paris qu\u2019il croyait s\u00e9duire. Saura-t-il renoncer \u00e0 son statut de pol\u00e9miste autoproclam\u00e9 pour celui de simple journaliste\u00a0? Poser des questions sans imposer ses r\u00e9ponses\u00a0? Interviewer sans japper ? Si un tel miracle devait se produire il faudrait encore \u00e0 Aymeric, pour \u00eatre cr\u00e9dible, changer au moins de nom et de brushing. Mais \u00e0 en croire sa r\u00e9cente charge h\u00e9ro\u00ef-comique contre Jean-Fran\u00e7ois Kahn, il n\u2019en prend pas le chemin.<!--more--><\/p>\n<p>L\u2019autre samedi Jean-Fran\u00e7ois, h\u00e9raut vibrionnant de la \u00ab\u00a0r\u00e9volution centriste\u00a0\u00bb, est invit\u00e9 pour d\u00e9fendre son tout nouveau bouquin, <em>Marine Le Pen vous dit merci<\/em> (<em>Plon<\/em>). Comme le titre l\u2019indique, l\u2019auteur y d\u00e9nonce l\u2019\u00a0\u00ab\u00a0antifascisme\u00a0\u00bb incantatoire pratiqu\u00e9 en France depuis trente ans, de Jean-Marie \u00e0 Marine, avec le succ\u00e8s que l\u2019on sait.<\/p>\n<p>Apr\u00e8s tant d\u2019impr\u00e9cations, d\u2019exorcismes et de diabolisation, non seulement le Front national n\u2019a pas disparu, mais il est en passe de devenir le premier parti de France. Et pour cause, diagnostique le bon Dr Kahn\u00a0; les m\u00eames \u00e9lites qui d\u00e9noncent le FN lui d\u00e9gagent un boulevard, \u00e0 force de m\u00e9priser les angoisses de la France d\u2019en bas\u00a0: immigration incontr\u00f4lable, capitalisme mondialis\u00e9, exc\u00e8s soci\u00e9taux en tous genres\u2026<\/p>\n<p>\u00ab\u00a0Complice toi-m\u00eame\u00a0!\u00a0\u00bb r\u00e9torque en substance Aymeric. Depuis sa cour de r\u00e9cr\u00e9, il accuse Kahn d\u2019\u00a0\u00ab\u00a0<em>accr\u00e9diter les th\u00e8ses du Front national\u00a0<\/em>\u00bb sous pr\u00e9texte que l\u2019autre ne d\u00e9nonce pas assez le \u00ab\u00a0<em>drame<\/em>\u00a0\u00bb des 25 %. \u00ab\u00a0<em>Mais on l\u2019a dit vingt-cinq fois, que le FN c\u2019est mal, et tout le monde sait ce que j\u2019en pense\u00a0!<\/em> <em>Mais avec \u00e7a, o\u00f9 en sommes-nous\u00a0?<\/em><\/p>\n<p><em>\u00ab\u00a0Au fond, <\/em>conclut l\u2019invit\u00e9 \u00e0 l\u2019adresse de Caron<em>, dans ce livre je parle de vous et ceux que vous repr\u00e9sentez.<\/em>\u00a0<em>Vous expliquez aux gens que leurs probl\u00e8mes sont des fantasmes et qu\u2019ils sont fous\u00a0! R\u00e9sultat\u00a0: quand vous dites<\/em> \u00ab\u00a0populiste\u00a0\u00bb, ils e<em>ntendent<\/em> \u00ab\u00a0populaire\u00a0\u00bb. Pas mieux\u00a0!<\/p>\n<p><em><\/em>En fin d\u2019interview, c\u2019est le jeu, Jean-Fran\u00e7ois doit r\u00e9pondre \u00e0 un tweet au hasard (ou pas). Celui-l\u00e0 lui rappelle une saillie coupable\u00a0: au lendemain de l\u2019arrestation de DSK, il r\u00e9sumait un peu vite l\u2019affaire Nafissatou Diallo \u00e0 un \u00ab\u00a0<em>troussage de domestique<\/em>\u00a0\u00bb. Mais d\u00e8s le lendemain Kahn regrette publiquement ces propos, n\u2019h\u00e9sitant m\u00eame pas \u00e0 les qualifier de \u00ab\u00a0<em>connerie\u00a0<\/em>\u00bb.<\/p>\n<p>\u00ab\u00a0<em>Reconnaissons-le, quand on dit une connerie\u00a0!\u00a0<\/em>\u00bb conclut-il en regardant Aymeric dans les yeux. Peine perdue\u00a0! Depuis ses d\u00e9buts \u00e0 Canal plus, jamais l\u2019autre n\u2019a reconnu la moindre \u00ab\u00a0connerie\u00a0\u00bb. Dans ce domaine d\u00e9cid\u00e9ment <em>\u00ab\u00a0le temps ne fait rien \u00e0 l\u2019affaire<\/em>\u00a0\u00bb, comme disait Brassens.<\/p>\n<p>&nbsp;<\/p>\n<p>[Article publi\u00e9 dans <em>Valeurs Actuelles<\/em>]<\/p>\n","protected":false},"excerpt":{"rendered":"<p>Manifestement, Jean-Fran\u00e7ois Kahn partage l\u2019opinion d\u2019\u00c9ric Naulleau\u00a0: \u00ab\u00a0Dans Caron, il y a deux lettres de trop.\u00a0\u00bb Donc Natacha Polony quitte, de son plein gr\u00e9, On n\u2019est pas couch\u00e9, remplac\u00e9e \u00e0 la rentr\u00e9e par L\u00e9a Salam\u00e9 (iT\u00e9l\u00e9). Dans la foul\u00e9e, Laurent Ruquier et sa productrice Catherine Barma annoncent una voce le nouveau r\u00f4le assign\u00e9 \u00e0 leurs [&hellip;]<\/p>\n","protected":false},"author":9,"featured_media":0,"comment_status":"open","ping_status":"open","sticky":false,"template":"","format":"standard","meta":{"footnotes":""},"categories":[1],"tags":[501,347,665],"class_list":{"0":"post-2097","1":"post","2":"type-post","3":"status-publish","4":"format-standard","6":"category-non-classe","7":"tag-aymeric-caron","8":"tag-front-national","9":"tag-jean-francois-kahn"},"_links":{"self":[{"href":"https:\/\/blog.causeur.fr\/asiledeblog\/wp-json\/wp\/v2\/posts\/2097","targetHints":{"allow":["GET"]}}],"collection":[{"href":"https:\/\/blog.causeur.fr\/asiledeblog\/wp-json\/wp\/v2\/posts"}],"about":[{"href":"https:\/\/blog.causeur.fr\/asiledeblog\/wp-json\/wp\/v2\/types\/post"}],"author":[{"embeddable":true,"href":"https:\/\/blog.causeur.fr\/asiledeblog\/wp-json\/wp\/v2\/users\/9"}],"replies":[{"embeddable":true,"href":"https:\/\/blog.causeur.fr\/asiledeblog\/wp-json\/wp\/v2\/comments?post=2097"}],"version-history":[{"count":0,"href":"https:\/\/blog.causeur.fr\/asiledeblog\/wp-json\/wp\/v2\/posts\/2097\/revisions"}],"wp:attachment":[{"href":"https:\/\/blog.causeur.fr\/asiledeblog\/wp-json\/wp\/v2\/media?parent=2097"}],"wp:term":[{"taxonomy":"category","embeddable":true,"href":"https:\/\/blog.causeur.fr\/asiledeblog\/wp-json\/wp\/v2\/categories?post=2097"},{"taxonomy":"post_tag","embeddable":true,"href":"https:\/\/blog.causeur.fr\/asiledeblog\/wp-json\/wp\/v2\/tags?post=2097"}],"curies":[{"name":"wp","href":"https:\/\/api.w.org\/{rel}","templated":true}]}}