{"id":2105,"date":"2014-07-12T08:32:06","date_gmt":"2014-07-12T08:32:06","guid":{"rendered":"http:\/\/blog.causeur.fr\/asiledeblog\/?p=2105"},"modified":"2021-04-26T12:57:04","modified_gmt":"2021-04-26T10:57:04","slug":"le-mondial-oublie","status":"publish","type":"post","link":"https:\/\/blog.causeur.fr\/asiledeblog\/le-mondial-oublie-2105","title":{"rendered":"Le Mondial oubli\u00e9"},"content":{"rendered":"<p><strong>Coupe du monde 1942\u00a0: victoire-surprise des paysans mapuches contre les surhommes nazis. Dans un Mondial id\u00e9al, les Allemands ne gagnent pas toujours \u00e0 la fin.<\/strong><\/p>\n<p><a href=\"http:\/\/blog.causeur.fr\/asiledeblog\/le-mondial-oublie-002105.html\/il-mundial-dimenticato\" rel=\"attachment wp-att-2107\"><img loading=\"lazy\" decoding=\"async\" class=\"alignleft size-medium wp-image-2107\" src=\"http:\/\/blog.causeur.fr\/asiledeblog\/files\/2014\/07\/Il-mundial-dimenticato-300x216.jpg\" alt=\"\" width=\"300\" height=\"216\" srcset=\"https:\/\/blog.causeur.fr\/asiledeblog\/wp-content\/uploads\/sites\/10\/2014\/07\/Il-mundial-dimenticato-300x216.jpg 300w, https:\/\/blog.causeur.fr\/asiledeblog\/wp-content\/uploads\/sites\/10\/2014\/07\/Il-mundial-dimenticato.jpg 618w\" sizes=\"auto, (max-width: 300px) 100vw, 300px\" \/><\/a>En 1942, une Coupe du monde de football a \u00e9t\u00e9 organis\u00e9e\u2026 en Patagonie. Tel est le point de d\u00e9part de <em>La Coupe du monde disparue<\/em>, film italo-argentin diffus\u00e9 par Canal plus \u00e0 l\u2019occasion du Mondial 2014. Pas besoin d\u2019\u00eatre expert en ballon rond pour s\u2019en rendre compte assez vite\u00a0: il s\u2019agit l\u00e0 d\u2019un \u00ab\u00a0documenteur\u00a0\u00bb. Les deux r\u00e9alisateurs, eux-m\u00eames fans de foot, ont truff\u00e9 de d\u00e9tails plus vrais que nature une histoire accumulant par ailleurs les invraisemblances. <!--more-->Tout commence avec des fouilles pal\u00e9ontologiques dans le sud de l\u2019Argentine, qui mettent au jour un squelette humain serrant contre lui une vieille cam\u00e9ra. En enqu\u00eatant sur cette \u00e9trange affaire, un journaliste d\u00e9couvre l\u2019existence de ce Mondial oubli\u00e9 de tous (le stade lui-m\u00eame ayant \u00e9t\u00e9 englouti par un raz-de-mar\u00e9e\u2026)<\/p>\n<p>En 1942 donc, la FIFA a annul\u00e9 la Coupe du monde pour cause de Deuxi\u00e8me guerre mondiale. Quand soudain un aristocrate\u00a0 hongrois, le comte Otz, d\u00e9cide d\u2019organiser quand m\u00eame le tournoi en Patagonie \u2013 dont il se trouve \u00eatre par ailleurs ministre des Sports. Tout le monde suit,\u00a0jusqu\u2019ici ?<\/p>\n<p>Pour filmer l\u2019\u00e9v\u00e9nement, le comte engage officiellement Guillermo Sandrini, ancien photographe de mariages \u2013 \u00ab Leni Riefenstahl ayant d\u00e9clin\u00e9 l\u2019offre\u00a0\u00bb. Sous l\u2019\u0153il de sa fameuse cam\u00e9ra, douze \u00e9quipes vont donc s\u2019affronter en terrain patagon, jusqu\u2019\u00e0 une \u00e9tonnante finale nazis-Mapuches.<\/p>\n<p>Tout \u00e7a n\u2019est-il pas un peu gros\u00a0? objecteront certains. Mais tout est dans la mani\u00e8re\u2026 Ici, on a beau savoir que l\u2019\u00e9v\u00e9nement est imaginaire, on a envie d\u2019y croire, comme \u00e0 toute bonne fiction.<\/p>\n<p>Le \u00ab\u00a0plus\u00a0\u00bb de ce vrai-faux documentaire, c\u2019est son savoureux cocktail d\u2019absurde et de r\u00e9alisme, avec des zestes de parodie partout. Plus l\u2019histoire qui nous est cont\u00e9e s\u2019enfonce dans l\u2019invraisemblance, plus la forme se fait rigoureuse.<\/p>\n<p>Aux vraies interviews d\u2019ex-gloires du football complices, se m\u00ealent de fausses archives de toutes sortes\u00a0: manchettes et dessins de presse, bandes d\u2019actualit\u00e9 des ann\u00e9es 40, bidouill\u00e9es ou bidonn\u00e9es.<\/p>\n<p>Le meilleur est dans les extraits du \u00ab\u00a0film inachev\u00e9\u00a0\u00bb du regrett\u00e9 Sandrini sur ce Mondial 42. Danses folkloriques d\u2019appellation incontr\u00f4l\u00e9e\u00a0; pittoresque d\u00e9fil\u00e9 des d\u00e9l\u00e9gations nationales\u00a0; invention au passage de l\u2019arbitrage vid\u00e9o, avec soixante-dix ans d\u2019avance\u00a0; et pour finir, confrontation au sommet entre un redoutable buteur nazi \u00e0 lunettes et le magn\u00e9tique gardien de but patagon &#8211; qui fera la diff\u00e9rence en hypnotisant son adversaire selon une vieille technique mapuche.<\/p>\n<p>Drolatique exercice de style, que je ne saurais trop recommander \u00e0 ceux d\u2019entre vous qui partagent mon go\u00fbt pour la parodie jusqu\u2019\u00e0 l\u2019absurde, tant qu\u2019il est ma\u00eetris\u00e9. M\u00eame les autres, du moins les bons patriotes, devraient trouver quelque r\u00e9confort dans cette fable, apr\u00e8s notre \u00e9limination pr\u00e9coce en quarts de finale par les Boches. Ces butors ont encore rat\u00e9 l\u00e0 une belle occasion de se faire pardonner Schumacher, entre autres\u2026<\/p>\n<p>[Article publi\u00e9 dans <em>Valeurs Actuelles<\/em>]<\/p>\n","protected":false},"excerpt":{"rendered":"<p>Coupe du monde 1942\u00a0: victoire-surprise des paysans mapuches contre les surhommes nazis. Dans un Mondial id\u00e9al, les Allemands ne gagnent pas toujours \u00e0 la fin. En 1942, une Coupe du monde de football a \u00e9t\u00e9 organis\u00e9e\u2026 en Patagonie. Tel est le point de d\u00e9part de La Coupe du monde disparue, film italo-argentin diffus\u00e9 par Canal [&hellip;]<\/p>\n","protected":false},"author":9,"featured_media":0,"comment_status":"open","ping_status":"open","sticky":false,"template":"","format":"standard","meta":{"footnotes":""},"categories":[1],"tags":[668,669],"class_list":{"0":"post-2105","1":"post","2":"type-post","3":"status-publish","4":"format-standard","6":"category-non-classe","7":"tag-mondial","8":"tag-patagonie"},"_links":{"self":[{"href":"https:\/\/blog.causeur.fr\/asiledeblog\/wp-json\/wp\/v2\/posts\/2105","targetHints":{"allow":["GET"]}}],"collection":[{"href":"https:\/\/blog.causeur.fr\/asiledeblog\/wp-json\/wp\/v2\/posts"}],"about":[{"href":"https:\/\/blog.causeur.fr\/asiledeblog\/wp-json\/wp\/v2\/types\/post"}],"author":[{"embeddable":true,"href":"https:\/\/blog.causeur.fr\/asiledeblog\/wp-json\/wp\/v2\/users\/9"}],"replies":[{"embeddable":true,"href":"https:\/\/blog.causeur.fr\/asiledeblog\/wp-json\/wp\/v2\/comments?post=2105"}],"version-history":[{"count":0,"href":"https:\/\/blog.causeur.fr\/asiledeblog\/wp-json\/wp\/v2\/posts\/2105\/revisions"}],"wp:attachment":[{"href":"https:\/\/blog.causeur.fr\/asiledeblog\/wp-json\/wp\/v2\/media?parent=2105"}],"wp:term":[{"taxonomy":"category","embeddable":true,"href":"https:\/\/blog.causeur.fr\/asiledeblog\/wp-json\/wp\/v2\/categories?post=2105"},{"taxonomy":"post_tag","embeddable":true,"href":"https:\/\/blog.causeur.fr\/asiledeblog\/wp-json\/wp\/v2\/tags?post=2105"}],"curies":[{"name":"wp","href":"https:\/\/api.w.org\/{rel}","templated":true}]}}