{"id":2109,"date":"2014-10-06T08:30:39","date_gmt":"2014-10-06T08:30:39","guid":{"rendered":"http:\/\/blog.causeur.fr\/asiledeblog\/?p=2109"},"modified":"2021-04-26T12:57:04","modified_gmt":"2021-04-26T10:57:04","slug":"a-vous-cognaq-jay","status":"publish","type":"post","link":"https:\/\/blog.causeur.fr\/asiledeblog\/a-vous-cognaq-jay-2109","title":{"rendered":"\u00c0 vous Cognaq-Jay !"},"content":{"rendered":"<p><strong>\u00c0 ses d\u00e9buts la t\u00e9l\u00e9, c\u2019\u00e9tait 100 % de direct\u00a0; aujourd\u2019hui, 10 % seulement\u2026 \u00c0 ce rythme, il n\u2019y aura bient\u00f4t plus de mati\u00e8re pour les b\u00eatisiers de fin d\u2019ann\u00e9e\u00a0!<\/strong><\/p>\n<p><a href=\"http:\/\/blog.causeur.fr\/asiledeblog\/a-vous-cognaq-jay-002109.html\/155196_13881513_460x306-2\" rel=\"attachment wp-att-2112\"><img loading=\"lazy\" decoding=\"async\" class=\"alignleft size-medium wp-image-2112\" src=\"http:\/\/blog.causeur.fr\/asiledeblog\/files\/2014\/10\/155196_13881513_460x3061-300x199.jpg\" alt=\"\" width=\"300\" height=\"199\" srcset=\"https:\/\/blog.causeur.fr\/asiledeblog\/wp-content\/uploads\/sites\/10\/2014\/10\/155196_13881513_460x3061-300x199.jpg 300w, https:\/\/blog.causeur.fr\/asiledeblog\/wp-content\/uploads\/sites\/10\/2014\/10\/155196_13881513_460x3061.jpg 460w\" sizes=\"auto, (max-width: 300px) 100vw, 300px\" \/><\/a>Vu sur Paris Premi\u00e8re, <em>Soixante ans de t\u00e9l\u00e9<\/em>. En partenariat avec l\u2019INA, la cha\u00eene revient sur six d\u00e9cennies d\u2019images dans un documentaire de 7 heures en 5 volets, s\u2019il vous pla\u00eet\u00a0! Faute de pouvoir tout vous raconter, j\u2019ai choisi l\u2019\u00e9pisode consacr\u00e9 au <em>direct<\/em> qui, comme dit si bien le dossier de presse, est \u00ab\u00a0l\u2019ADN\u00a0\u00bb de la t\u00e9l\u00e9.<!--more--><\/p>\n<p>Aux origines de la t\u00e9l\u00e9vision, tout est en direct, m\u00eame les fictions\u00a0; dans <em>Les cinq derni\u00e8res minutes<\/em> par exemple, les acteurs jouent sans filet\u00a0! Mais Bon Dieu, c\u2019est bien s\u00fbr, il en faudrait plus pour d\u00e9stabiliser l\u2019inspecteur Bourrel\u2026<\/p>\n<p>Gr\u00e2ce \u00e0 l\u2019\u00e9trange lucarne, les t\u00e9l\u00e9spectateurs vivent d\u00e9sormais l\u2019histoire en direct. Tout commence en 1953 avec le couronnement d\u2019Elizabeth II. \u00c0 l\u2019\u00e9poque, seuls 1 % des Fran\u00e7ais ont la t\u00e9l\u00e9\u00a0; mais entre voisins on partage le canap\u00e9 devant le poste, et les PTT ont aimablement install\u00e9 des \u00e9crans au coin des rues. R\u00e9sultat\u00a0: au lendemain du royal \u00e9v\u00e9nement, les ventes de r\u00e9cepteurs vont tripler, malgr\u00e9 leur co\u00fbt prohibitif.<\/p>\n<p>Le 21 juillet 1969 \u00e0 2h du matin (heure de Paris), m\u00eame les enfants sont devant le poste pour assister aux premiers pas de l\u2019homme sur la Lune. Michel Anfrol, qui tenait l\u2019antenne cette nuit-l\u00e0, le reconna\u00eet aujourd\u2019hui non sans amertume\u00a0: dans l\u2019affolement g\u00e9n\u00e9ral, il a rat\u00e9 la phrase historique d\u2019Armstrong\u00a0!<\/p>\n<p>Le plus amusant dans ce doc, pour un esprit superficiel comme le mien, ce sont les \u00ab\u00a0<em>al\u00e9as du direct\u00a0<\/em>\u00bb, \u00e0 commencer par ces fameux <em>\u00ab\u00a0incidents-techniques-ind\u00e9pendants-de-notre-volont\u00e9\u00a0<\/em>\u00bb qui feront ensuite le bonheur des b\u00eatisiers.<\/p>\n<p>Le plus m\u00e9morable de ces incidents, c\u2019est l\u2019affaire dite de \u00ab\u00a0la grue de Latche\u00a0\u00bb. \u00c0 l\u2019occasion du Nouvel An 1983, Mitterrand a pr\u00e9vu de s\u2019entretenir avec quatre journalistes durant le 20 h d\u2019Antenne 2. Mais pas question pour lui d\u2019interrompre ses vacances landaises, f\u00fbt-ce pour \u00ab\u00a0<em>monter \u00e0 Bordeaux\u00a0<\/em>\u00bb. Il recevra donc ces messieurs sur ses terres de Latche, et une grue de 43 m lou\u00e9e pour l\u2019occasion servira d\u2019antenne. Au diable l\u2019avarice\u00a0!<\/p>\n<p>Sauf qu\u2019\u00e0 l\u2019heure dite, ladite grue n\u2019est pas l\u00e0\u2026 Pendant vingt-cinq longues minutes, ce pauvre No\u00ebl Mam\u00e8re, alors pr\u00e9sentateur du J.T., s\u2019\u00e9chine \u00e0 meubler, quitte \u00e0 raconter n\u2019importe quoi\u00a0; en vain\u00a0! L\u2019engin n\u2019arrive toujours pas\u2026<\/p>\n<p>Finalement, l\u2019interview sera remise au lendemain, et \u00e0 l\u2019antenne le pr\u00e9sident, bonasse, fera mine de ne pas s\u2019en formaliser\u00a0; mais quinze jours plus tard, la t\u00eate du directeur de la SFP tombera avec un bruit sec.<\/p>\n<p>Les vrais pros de la t\u00e9l\u00e9, eux, savent g\u00e9rer les pires situations, et m\u00eame en tirer profit\u2026 \u00c0 preuve cet <em>Intervilles<\/em> Dax-Carcassone de 1967 o\u00f9, suite \u00e0 une bousculade dans les tribunes, L\u00e9on Zitrone a \u00e9gar\u00e9 ses lunettes. \u00ab\u00a0<em>Je n\u2019y vois plus rien\u00a0!\u00a0<\/em>\u00bb lance-t-il en un cri d\u00e9chirant, avant de dispara\u00eetre de l\u2019\u00e9cran&#8230; Aussit\u00f4t son comp\u00e8re Guy Lux rebondit, non sans dramatiser l\u2019affaire\u00a0: \u00a0\u00ab\u00a0<em>All\u00f4 L\u00e9on, vous m\u2019entendez\u00a0? \u2026 All\u00f4 Dax, que se passe-t-il\u00a0? <\/em>[&#8230;]<em> Quelqu\u2019un peut-il me donner des nouvelles de L\u00e9on\u00a0?\u00a0<\/em>[&#8230;]<em> <\/em>(<em> <\/em>L\u2019angoisse monte\u2026)<em> On me dit qu\u2019il est all\u00e9 se faire soigner <\/em>[&#8230;]<em> J\u2019esp\u00e8re, nous esp\u00e9rons tous que ce n\u2019est pas trop grave\u00a0!<\/em>\u00a0\u00bb<\/p>\n<p>Pas trop, en effet\u00a0! Apr\u00e8s cinq longues minutes revoil\u00e0 notre L\u00e9on intact, avec m\u00eame ses lunettes sur le nez\u00a0: \u00ab\u00a0<em>Je voudrais d\u2019abord rassurer ma famille\u2026<\/em>\u00a0\u00bb ose-t-il, comme s\u2019il venait d\u2019\u00e9chapper \u00e0 un attentat. Quant \u00e0 Guy Lux, il aura quand m\u00eame tenu l\u2019antenne tout ce temps-l\u00e0 tout seul, et avec rien \u00e0 dire\u2026 Chapeau, les artistes\u00a0!<\/p>\n<p>Un cafouillage si magistralement g\u00e9r\u00e9 que les t\u00e9l\u00e9spectateurs, loin de zapper sur la deuxi\u00e8me cha\u00eene, se sont passionn\u00e9s pour ce vrai-faux suspense\u2026 Un grand moment de t\u00e9l\u00e9vision\u00a0! Aujourd\u2019hui h\u00e9las, le direct ne repr\u00e9sente plus que 10 % des programmes\u00a0; la t\u00e9l\u00e9 a perdu son \u00ab\u00a0ADN\u00a0\u00bb\u00a0! Dans le genre impromptu, reste bien s\u00fbr les happenings des \u00ab\u00a0intermittent du spectacle\u00a0\u00bb au beau milieu des J.T., C\u00e9sar, Moli\u00e8re, etc. Mais l\u2019\u00e9v\u00e9nement est devenu tellement rituel qu\u2019il pourrait presque figurer dans les programmes.<\/p>\n<p>[Publi\u00e9 dans <em>Valeurs Actuelles<\/em>]<\/p>\n","protected":false},"excerpt":{"rendered":"<p>\u00c0 ses d\u00e9buts la t\u00e9l\u00e9, c\u2019\u00e9tait 100 % de direct\u00a0; aujourd\u2019hui, 10 % seulement\u2026 \u00c0 ce rythme, il n\u2019y aura bient\u00f4t plus de mati\u00e8re pour les b\u00eatisiers de fin d\u2019ann\u00e9e\u00a0! Vu sur Paris Premi\u00e8re, Soixante ans de t\u00e9l\u00e9. En partenariat avec l\u2019INA, la cha\u00eene revient sur six d\u00e9cennies d\u2019images dans un documentaire de 7 heures [&hellip;]<\/p>\n","protected":false},"author":9,"featured_media":0,"comment_status":"open","ping_status":"open","sticky":false,"template":"","format":"standard","meta":{"footnotes":""},"categories":[1],"tags":[],"class_list":{"0":"post-2109","1":"post","2":"type-post","3":"status-publish","4":"format-standard","6":"category-non-classe"},"_links":{"self":[{"href":"https:\/\/blog.causeur.fr\/asiledeblog\/wp-json\/wp\/v2\/posts\/2109","targetHints":{"allow":["GET"]}}],"collection":[{"href":"https:\/\/blog.causeur.fr\/asiledeblog\/wp-json\/wp\/v2\/posts"}],"about":[{"href":"https:\/\/blog.causeur.fr\/asiledeblog\/wp-json\/wp\/v2\/types\/post"}],"author":[{"embeddable":true,"href":"https:\/\/blog.causeur.fr\/asiledeblog\/wp-json\/wp\/v2\/users\/9"}],"replies":[{"embeddable":true,"href":"https:\/\/blog.causeur.fr\/asiledeblog\/wp-json\/wp\/v2\/comments?post=2109"}],"version-history":[{"count":0,"href":"https:\/\/blog.causeur.fr\/asiledeblog\/wp-json\/wp\/v2\/posts\/2109\/revisions"}],"wp:attachment":[{"href":"https:\/\/blog.causeur.fr\/asiledeblog\/wp-json\/wp\/v2\/media?parent=2109"}],"wp:term":[{"taxonomy":"category","embeddable":true,"href":"https:\/\/blog.causeur.fr\/asiledeblog\/wp-json\/wp\/v2\/categories?post=2109"},{"taxonomy":"post_tag","embeddable":true,"href":"https:\/\/blog.causeur.fr\/asiledeblog\/wp-json\/wp\/v2\/tags?post=2109"}],"curies":[{"name":"wp","href":"https:\/\/api.w.org\/{rel}","templated":true}]}}