{"id":2116,"date":"2014-10-16T09:52:28","date_gmt":"2014-10-16T09:52:28","guid":{"rendered":"http:\/\/blog.causeur.fr\/asiledeblog\/?p=2116"},"modified":"2021-04-26T12:57:04","modified_gmt":"2021-04-26T10:57:04","slug":"zemmour-refuse-de-se-coucher","status":"publish","type":"post","link":"https:\/\/blog.causeur.fr\/asiledeblog\/zemmour-refuse-de-se-coucher-2116","title":{"rendered":"Zemmour refuse de se coucher !"},"content":{"rendered":"<p><strong>Zemmour face \u00e0 la bande \u00e0 Ruquier d\u00e9cha\u00een\u00e9e\u00a0: le retour du \u00ab\u00a0Tribunal des Flagrants D\u00e9lires\u00a0\u00bb\u00a0?<\/strong><\/p>\n<p><a href=\"http:\/\/blog.causeur.fr\/asiledeblog\/zemmour-refuse-de-se-coucher-002116.html\/onpc_france_2\" rel=\"attachment wp-att-2117\"><img loading=\"lazy\" decoding=\"async\" class=\"alignleft size-medium wp-image-2117\" src=\"http:\/\/blog.causeur.fr\/asiledeblog\/files\/2014\/10\/onpc_france_2-300x172.jpg\" alt=\"\" width=\"300\" height=\"172\" srcset=\"https:\/\/blog.causeur.fr\/asiledeblog\/wp-content\/uploads\/sites\/10\/2014\/10\/onpc_france_2-300x172.jpg 300w, https:\/\/blog.causeur.fr\/asiledeblog\/wp-content\/uploads\/sites\/10\/2014\/10\/onpc_france_2.jpg 638w\" sizes=\"auto, (max-width: 300px) 100vw, 300px\" \/><\/a>L\u2019autre samedi, \u00c9ric Zemmour \u00e9tait l\u2019invit\u00e9 d\u2019<em>On n\u2019est pas couch\u00e9 <\/em>au titre de son essai <em>Le suicide fran\u00e7ais<\/em> (Albin Michel), en t\u00eate des ventes depuis sa sortie.<\/p>\n<p>L\u2019interview crois\u00e9e, qui va durer plus d\u2019une heure, commence avec une amusante joute verbale entre l\u2019animateur et l\u2019essayiste\u00a0: \u00ab\u00a0<em>Je suis d\u2019accord \u00e0 80 % avec les constats que vous faites<\/em>, lance Ruquier\u2026 <em>Sauf que moi<\/em>, <em>ils ne me d\u00e9rangent pas\u00a0!\u00a0<\/em>\u00bb<!--more--><\/p>\n<p>\u2013 \u00ab\u00a0<em>Moi, si\u00a0! Ce livre d\u00e9crit l\u2019\u00e9volution de la soci\u00e9t\u00e9 telle que je la juge\u2026 Je d\u00e9teste le XXIe si\u00e8cle. C\u2019est une \u00e9poque m\u00e9diocre, d\u00e9cadente, m\u00e9prisable\u00a0!\u00a0<\/em>\u00bb<\/p>\n<p>\u2013 \u00ab\u00a0<em>Vous la supportez, quand m\u00eame\u00a0?<\/em> fait mine de s\u2019inqui\u00e9ter l\u2019autre. <em>Vous n\u2019allez pas vous suicider vous-m\u00eame<\/em>, <em>hi-hi\u00a0?\u00a0\u00bb<\/em><\/p>\n<p>\u2013 \u00ab\u00a0<em>Rassurez-vous\u00a0! Je vis avec, je m\u2019adapte, la preuve\u00a0: je suis l\u00e0\u00a0!\u00a0<\/em>\u00bb<\/p>\n<p>Une fois Zemmour \u00ab\u00a0dans le fauteuil\u00a0\u00bb, Ruquier ouvre les d\u00e9bats avec une question qui prouve qu\u2019il a potass\u00e9 le bouquin, ou au moins la 4<sup>e<\/sup> de couverture\u00a0: \u00ab\u00a0<em>Votre but, si j\u2019ai bien compris, c\u2019est de<\/em> \u00ab\u00a0d\u00e9construire les d\u00e9constructeurs\u00a0\u00bb. <em>Mais qui sont-ils\u00a0?<\/em>\u00a0\u00bb<\/p>\n<p>\u00ab\u00a0<em>Nos grands intellectuels fran\u00e7ais, \u00e0 la Derrida, Deleuze, Foucault\u2026 Dans les ann\u00e9es 60, ils ont entam\u00e9 la d\u00e9construction de tout\u00a0: famille, soci\u00e9t\u00e9, \u00c9tat, identit\u00e9 nationale et m\u00eame, aujourd\u2019hui, identit\u00e9s sexuelles\u00a0!<\/em> <em>Tout est r\u00e9duit \u00e0 l\u2019individu-roi sous la domination du march\u00e9<\/em>\u00a0\u00bb.<\/p>\n<p>Vient alors le tour des deux chroniqueurs, efficacement relay\u00e9s dans leurs assauts par un Ruquier qui, soudain, ne plaisante plus. Dans\u00a0 cet interrogatoire-l\u00e0, il n\u2019y a pas de \u00ab\u00a0bon flic\u00a0\u00bb.<\/p>\n<p>Rien d\u2019\u00e9tonnant de la part de Caron\u00a0! Parfait dans son r\u00f4le de petit ma\u00eetre omniscient et haineux, il multiplie les scuds en papier contre un Zemmour qui en a vu d\u2019autres. Plus d\u00e9cevante est la prestation de L\u00e9a Salam\u00e9, qu\u2019on avait connue mieux inspir\u00e9e. Ici, elle s\u2019abaisse jusqu\u2019\u00e0 reprendre mot \u00e0 mot un \u00ab\u00a0argument\u00a0\u00bb caronesque\u00a0: \u00ab\u00a0<em>Vous avez peur de tout\u00a0: des \u00e9trangers, des homosexuels, des musulmans\u2026<\/em>\u00a0\u00bb<\/p>\n<p>\u2013 \u00ab\u00a0<em>Ce ne sont pas les gens qui me font peur\u00a0; ce sont les th\u00e9ories\u00a0<\/em>\u00bb corrige l\u2019invit\u00e9, qui ne cessera de s\u2019\u00e9tonner du niveau des attaques de ses \u00ab\u00a0h\u00f4tes\u00a0\u00bb : \u00ab\u00a0<em>D\u00e9cid\u00e9ment vous ne comprenez rien\u2026 ou vous le faites expr\u00e8s\u00a0!\u00a0<\/em>\u00bb Je penche, quant \u00e0 moi, pour un harmonieux m\u00e9lange des deux.<\/p>\n<p>Exemple de passe d\u2019armes entre notre Horace et les trois Curiaces \u00ab\u00a0pas-couch\u00e9s\u00a0\u00bb qu\u2019il affronte \u00e0 la fois\u00a0:<\/p>\n<p>L\u00e9a : \u00ab\u00a0<em>Alors, on fait quoi avec les musulmans\u00a0?\u00a0<\/em>\u00bb (sic)<\/p>\n<p>\u00c9ric : \u00ab\u00a0<em>Ce n\u2019est pas un livre-programme, c\u2019est une analyse\u00a0! Je constate qu\u2019aujourd\u2019hui, pour les \u00e9lites fran\u00e7aises, c\u2019est \u00e0 la France de s\u2019adapter \u00e0 l\u2019islam\u00a0; et je pense qu\u2019avec ce syst\u00e8me, on va vers la guerre civile\u00a0!\u00a0<\/em>\u00bb<\/p>\n<p>Aymeric : \u00ab\u00a0<em>Votre terrible <\/em>\u00ab\u00a0r\u00e9alit\u00e9\u00a0\u00bb, <em>c\u2019est vous qui l\u2019inventez, avec votre trouille\u00a0!\u00a0<\/em>\u00bb (encore elle).<\/p>\n<p>Laurent : \u00ab\u00a0<em>La soci\u00e9t\u00e9 a chang\u00e9, tout simplement\u00a0!\u00a0<\/em>\u00bb<\/p>\n<p>\u00c9ric : \u00ab\u00a0<em>En 1942 aussi, les gens disaient \u00e7a\u00a0: la soci\u00e9t\u00e9 a chang\u00e9, les Allemands ont gagn\u00e9\u00a0!\u00a0<\/em>\u00bb<\/p>\n<p>Lev\u00e9e de boucliers g\u00e9n\u00e9rale\u00a0: voil\u00e0 enfin atteint le point Godwin\u00a0! Mlle Salam\u00e9 en profite pour accuser Zemmour de p\u00e9tainisme m\u00eame pas rampant\u00a0: \u00ab\u00a0<em>En vous attaquant au livre de Robert Paxton<\/em> (\u00ab\u00a0La France de Vichy\u00a0\u00bb, 1973), <em>insidieusement, vous tentez de r\u00e9habiliter le r\u00e9gime de Vichy\u00a0!<\/em>\u00a0\u00bb<\/p>\n<p>Et l\u2019ami \u00c9ric de r\u00e9pondre sans m\u00eame s\u2019\u00e9nerver\u00a0: \u00ab\u00a0<em>Paxton pr\u00e9sente Vichy comme le Mal absolu, j\u2019explique simplement que la r\u00e9alit\u00e9 est plus complexe\u00a0: Vichy a fait un pacte avec le Diable pour sauver les juifs fran\u00e7ais. Horrible, mais dans la plupart des autres pays occup\u00e9s, tous les juifs ont \u00e9t\u00e9 extermin\u00e9s\u00a0!\u00a0<\/em>\u00bb<\/p>\n<p>C\u2019est alors que Mme le procureur se change soudain en psy pour livrer son diagnostic sur le \u00ab\u00a0cas\u00a0\u00bb Zemmour, cette esp\u00e8ce de n\u00e8gre du Ku Klux Klan\u00a0: \u00ab\u00a0<em>J\u2019ai le sentiment que vous voulez tellement, vous le juif <\/em>(sic), <em>faire plus goy que goy, plus fran\u00e7ais que fran\u00e7ais\u2026\u00a0<\/em>\u00bb<\/p>\n<p>\u2013 \u00ab\u00a0<em>Mais pourquoi me ramener \u00e0 mon \u00e9tat de juif\u00a0?\u00a0<\/em>\u00bb r\u00e9pond Zemmour, bien sobrement \u00e0 mes yeux. \u00ab\u00a0<em>Vous le juif\u00a0<\/em>\u00bb, quand m\u00eame\u00a0! Adress\u00e9e \u00e0 n\u2019importe qui d\u2019autre, une telle apostrophe e\u00fbt co\u00fbt\u00e9 cher \u00e0 ce chameau de Salam\u00e9.<\/p>\n<p>[Publi\u00e9 dans <em>Valeurs Actuelles<\/em>]<\/p>\n","protected":false},"excerpt":{"rendered":"<p>Zemmour face \u00e0 la bande \u00e0 Ruquier d\u00e9cha\u00een\u00e9e\u00a0: le retour du \u00ab\u00a0Tribunal des Flagrants D\u00e9lires\u00a0\u00bb\u00a0? L\u2019autre samedi, \u00c9ric Zemmour \u00e9tait l\u2019invit\u00e9 d\u2019On n\u2019est pas couch\u00e9 au titre de son essai Le suicide fran\u00e7ais (Albin Michel), en t\u00eate des ventes depuis sa sortie. L\u2019interview crois\u00e9e, qui va durer plus d\u2019une heure, commence avec une amusante joute [&hellip;]<\/p>\n","protected":false},"author":9,"featured_media":0,"comment_status":"open","ping_status":"open","sticky":false,"template":"","format":"standard","meta":{"footnotes":""},"categories":[1],"tags":[77,264,670,671,672],"class_list":{"0":"post-2116","1":"post","2":"type-post","3":"status-publish","4":"format-standard","6":"category-non-classe","7":"tag-eric-zemmour","8":"tag-laurent-ruquier","9":"tag-lea-salame","10":"tag-onpc","11":"tag-point-godwin"},"_links":{"self":[{"href":"https:\/\/blog.causeur.fr\/asiledeblog\/wp-json\/wp\/v2\/posts\/2116","targetHints":{"allow":["GET"]}}],"collection":[{"href":"https:\/\/blog.causeur.fr\/asiledeblog\/wp-json\/wp\/v2\/posts"}],"about":[{"href":"https:\/\/blog.causeur.fr\/asiledeblog\/wp-json\/wp\/v2\/types\/post"}],"author":[{"embeddable":true,"href":"https:\/\/blog.causeur.fr\/asiledeblog\/wp-json\/wp\/v2\/users\/9"}],"replies":[{"embeddable":true,"href":"https:\/\/blog.causeur.fr\/asiledeblog\/wp-json\/wp\/v2\/comments?post=2116"}],"version-history":[{"count":0,"href":"https:\/\/blog.causeur.fr\/asiledeblog\/wp-json\/wp\/v2\/posts\/2116\/revisions"}],"wp:attachment":[{"href":"https:\/\/blog.causeur.fr\/asiledeblog\/wp-json\/wp\/v2\/media?parent=2116"}],"wp:term":[{"taxonomy":"category","embeddable":true,"href":"https:\/\/blog.causeur.fr\/asiledeblog\/wp-json\/wp\/v2\/categories?post=2116"},{"taxonomy":"post_tag","embeddable":true,"href":"https:\/\/blog.causeur.fr\/asiledeblog\/wp-json\/wp\/v2\/tags?post=2116"}],"curies":[{"name":"wp","href":"https:\/\/api.w.org\/{rel}","templated":true}]}}