{"id":2118,"date":"2014-10-20T08:29:00","date_gmt":"2014-10-20T08:29:00","guid":{"rendered":"http:\/\/blog.causeur.fr\/asiledeblog\/?p=2118"},"modified":"2021-04-26T12:57:03","modified_gmt":"2021-04-26T10:57:03","slug":"leurope-en-v-f","status":"publish","type":"post","link":"https:\/\/blog.causeur.fr\/asiledeblog\/leurope-en-v-f-2118","title":{"rendered":"L&rsquo;Europe en V.F."},"content":{"rendered":"<p><strong>Marc Fumaroli nous raconte les temps b\u00e9nis o\u00f9 l\u2019on parlait fran\u00e7ais d\u2019Edimbourg \u00e0 Saint-P\u00e9tersbourg.<\/strong><\/p>\n<p><a href=\"http:\/\/blog.causeur.fr\/asiledeblog\/leurope-en-v-f-002118.html\/marc_fumaroli_arte-2\" rel=\"attachment wp-att-2121\"><img loading=\"lazy\" decoding=\"async\" class=\"alignleft size-medium wp-image-2121\" src=\"http:\/\/blog.causeur.fr\/asiledeblog\/files\/2014\/10\/marc_fumaroli_arte1-300x174.jpg\" alt=\"\" width=\"300\" height=\"174\" srcset=\"https:\/\/blog.causeur.fr\/asiledeblog\/wp-content\/uploads\/sites\/10\/2014\/10\/marc_fumaroli_arte1-300x174.jpg 300w, https:\/\/blog.causeur.fr\/asiledeblog\/wp-content\/uploads\/sites\/10\/2014\/10\/marc_fumaroli_arte1.jpg 638w\" sizes=\"auto, (max-width: 300px) 100vw, 300px\" \/><\/a>Je ne saurais trop vous recommander un documentaire multidiffus\u00e9 sur Arte (et visible sur Youtube), intitul\u00e9 <em>Quand l\u2019Europe parlait fran\u00e7ais<\/em>. Adaptant ici un de ses essais, Marc Fumaroli nous conte l\u2019heureuse \u00e9poque o\u00f9 notre langue rayonnait \u00e0 travers tout le continent.<!--more--><\/p>\n<p>Citant Richelieu, il nous explique comment le fran\u00e7ais, ce \u00ab\u00a0<em>latin des Modernes\u00a0<\/em>\u00bb, exporte alors avec ses mots des go\u00fbts, des modes et des id\u00e9es qui font l\u2019\u00e9poque. \u00ab\u00a0<em>Du temps de Pascal, le fran\u00e7ais incarne plut\u00f4t la qualit\u00e9 de pens\u00e9e\u00a0; du temps de Voltaire, la qualit\u00e9 de vie\u00a0<\/em>\u00bb, r\u00e9sume notre acad\u00e9micien.<\/p>\n<p>Pas Immortel pour rien, il nous entra\u00eene dans un voyage \u00e0 travers les XVIIe et XVIIIe si\u00e8cles, de Versailles \u00e0 Potsdam et d\u2019Oxford \u00e0 Saint-P\u00e9tersbourg, \u00e0 la rencontre de Fr\u00e9d\u00e9ric II, Catherine II et autres people francophones de l\u2019\u00e9poque&#8230; Passionnant survol, quoi qu\u2019un peu rapide (cinquante-cinq minutes TTC).<\/p>\n<p>Comme le note Fumaroli, en ces temps b\u00e9nis, toute l\u2019histoire de France concourt peu ou prou \u00e0 l\u2019expansion de notre langue. Ainsi en 1685 la r\u00e9vocation de l\u2019Edit de Nantes, par ailleurs sujette \u00e0 controverse, contribue-t-elle puissamment \u00e0 la cr\u00e9ation d\u2019une \u00ab\u00a0<em>R\u00e9publique europ\u00e9enne des Lettres<\/em>\u00a0\u00bb &#8211; rien qu\u2019en provoquant l\u2019exode de nombreux \u00e9crivains\u2026 Quant aux trait\u00e9s de 1815<em>, \u00ab\u00a0ceux de<\/em> \u00ab\u00a0l\u2019humiliation\u00a0\u00bb <em>disaient les romantiques, n\u2019\u00e9taient-ils pas, au moins, r\u00e9dig\u00e9s en fran\u00e7ais\u00a0? <\/em>\u00bb, rench\u00e9rit un autre historien francophonissime.<\/p>\n<p>\u00ab\u00a0<em>La sup\u00e9riorit\u00e9 du fran\u00e7ais<\/em>\u00a0\u00bb,\u00a0 estime Fumaroli, que l\u2019ami Philippe Barthelet ne contredira pas sur ce point, c\u2019est qu\u2019elle \u00ab<em> n\u2019est pas une langue simple ni spontan\u00e9e, mais une langue<\/em> voulue <em>pour exprimer des choses d\u00e9licates.\u00a0<\/em>\u00bb Aussi ne s\u2019\u00e9tonne-t-il gu\u00e8re que cette \u00ab\u00a0<em>langue de culture, de litt\u00e9rature et de civilisation<\/em>\u00a0\u00bb, ait \u00e9t\u00e9 depuis lors supplant\u00e9e par l\u2019anglais, \u00ab\u00a0<em>langue de\u00a0 commerce, d\u2019\u00e9conomie et de business.<\/em>\u00a0\u00bb \u00c0 chaque \u00e9poque le moyen de communication qu\u2019elle m\u00e9rite.<\/p>\n<p>Fumaroli, c\u2019est le parfait \u00ab\u00a0honn\u00eate homme du XVIIe si\u00e8cle\u00a0\u00bb &#8211; ouvert m\u00eame aux \u00ab\u00a0<em>id\u00e9es nouvelles\u00a0<\/em>\u00bb du XVIIIe, mais pas n\u2019importe lesquelles&#8230; Voltaire oui, Rousseau non\u00a0! Sous la R\u00e9volution, \u00e0 coup s\u00fbr, ce mod\u00e9r\u00e9-l\u00e0 e\u00fbt \u00e9t\u00e9 d\u00e9capit\u00e9 avec les \u00ab\u00a0<em>Girondistes\u00a0<\/em>\u00bb &#8211; comme on disait alors, para\u00eet-il.<\/p>\n<p>\u00c0 ses yeux, Voltaire est un pol\u00e9miste f\u00e9roce certes, mais de bon aloi\u00a0: \u00ab\u00a0<em>un Moli\u00e8re avec plus de licence<\/em>\u00a0\u00bb, comme il sied \u00e0 l\u2019\u00e9poque. Avocat incisif de toutes les libert\u00e9s, et de celles de Calas, Sirven et La Barre en particulier, Fran\u00e7ois-Marie s\u2019en prend all\u00e8grement \u00e0 la justice et au clerg\u00e9, mais jamais \u00e0 la personne du roi ni \u00e0 l\u2019institution monarchique.<\/p>\n<p>Rien \u00e0 voir avec cet enrag\u00e9\u00a0 de Jean-Jacques\u00a0! Celui-l\u00e0 aurait m\u00e9rit\u00e9 d\u2019\u00eatre d\u00e9vor\u00e9 non seulement par ses propres enfants, qu\u2019il avait si mal trait\u00e9s, mais aussi par la R\u00e9volution, dont il fut en quelque sorte le p\u00e8re b\u00e2tard.<\/p>\n<p>La Terreur, rappelle Fumaroli, justifiera la guillotine au nom d\u2019une formule d\u00e9finitive de l\u2019auteur du<em> Contrat social<\/em>\u00a0: \u00ab\u00a0<em>Quiconque refusera d\u2019ob\u00e9ir \u00e0 la volont\u00e9 g\u00e9n\u00e9rale y sera contraint par tout le corps, ce qui ne signifie pas autre chose sinon qu\u2019on le forcera d\u2019\u00eatre libre.<\/em>\u00a0\u00bb Je sais, elle est connue, mais je m\u2019en lasse pas\u00a0!<\/p>\n<p>Depuis ce bouquin, Voltaire tient Rousseau pour un dangereux fanatique, et Fumaroli partage ce jugement. C\u2019est m\u00eame \u00e7a qui \u00e9nerve mon <em>T\u00e9l\u00e9rama, <\/em>objectif par nature\u00a0:<em> <\/em>cette \u00ab\u00a0<em>subjectivit\u00e9<\/em>\u00a0\u00bb de l\u2019auteur, coupable de \u00ab\u00a0<em>pr\u00e9f\u00e9rer Voltaire \u00e0 Rousseau, et l\u2019art de la conversation \u00e0 la R\u00e9volution fran\u00e7aise\u00a0<\/em>\u00bb.<\/p>\n<p>En conclusion, notre acad\u00e9micien confirme d\u2019ailleurs les pires cauchemars t\u00e9l\u00e9ramesques, avec une ultime phrase o\u00f9 l\u2019\u00e9rudition ne cache m\u00eame plus une nostalgie nettement r\u00e9actionnaire\u00a0: \u00ab\u00a0<em>Stendhal, et tant d\u2019autres, ont d\u00e9couvert qu\u2019il y avait dans cet Ancien R\u00e9gime quelque chose qu\u2019on a perdu, et que l\u2019on peut peut-\u00eatre restaurer individuellement\u2026\u00a0<\/em>\u00bb Pourquoi individuellement, Ma\u00eetre\u00a0?<\/p>\n<p>[Article publi\u00e9 dans <em>Valeurs Actuelles<\/em>]<\/p>\n","protected":false},"excerpt":{"rendered":"<p>Marc Fumaroli nous raconte les temps b\u00e9nis o\u00f9 l\u2019on parlait fran\u00e7ais d\u2019Edimbourg \u00e0 Saint-P\u00e9tersbourg. Je ne saurais trop vous recommander un documentaire multidiffus\u00e9 sur Arte (et visible sur Youtube), intitul\u00e9 Quand l\u2019Europe parlait fran\u00e7ais. Adaptant ici un de ses essais, Marc Fumaroli nous conte l\u2019heureuse \u00e9poque o\u00f9 notre langue rayonnait \u00e0 travers tout le continent.<\/p>\n","protected":false},"author":9,"featured_media":0,"comment_status":"open","ping_status":"open","sticky":false,"template":"","format":"standard","meta":{"footnotes":""},"categories":[1],"tags":[676,673,675,674],"class_list":{"0":"post-2118","1":"post","2":"type-post","3":"status-publish","4":"format-standard","6":"category-non-classe","7":"tag-francophonie","8":"tag-marc-fumaroli","9":"tag-rousseau","10":"tag-voltaire"},"_links":{"self":[{"href":"https:\/\/blog.causeur.fr\/asiledeblog\/wp-json\/wp\/v2\/posts\/2118","targetHints":{"allow":["GET"]}}],"collection":[{"href":"https:\/\/blog.causeur.fr\/asiledeblog\/wp-json\/wp\/v2\/posts"}],"about":[{"href":"https:\/\/blog.causeur.fr\/asiledeblog\/wp-json\/wp\/v2\/types\/post"}],"author":[{"embeddable":true,"href":"https:\/\/blog.causeur.fr\/asiledeblog\/wp-json\/wp\/v2\/users\/9"}],"replies":[{"embeddable":true,"href":"https:\/\/blog.causeur.fr\/asiledeblog\/wp-json\/wp\/v2\/comments?post=2118"}],"version-history":[{"count":0,"href":"https:\/\/blog.causeur.fr\/asiledeblog\/wp-json\/wp\/v2\/posts\/2118\/revisions"}],"wp:attachment":[{"href":"https:\/\/blog.causeur.fr\/asiledeblog\/wp-json\/wp\/v2\/media?parent=2118"}],"wp:term":[{"taxonomy":"category","embeddable":true,"href":"https:\/\/blog.causeur.fr\/asiledeblog\/wp-json\/wp\/v2\/categories?post=2118"},{"taxonomy":"post_tag","embeddable":true,"href":"https:\/\/blog.causeur.fr\/asiledeblog\/wp-json\/wp\/v2\/tags?post=2118"}],"curies":[{"name":"wp","href":"https:\/\/api.w.org\/{rel}","templated":true}]}}