{"id":2129,"date":"2014-11-10T11:56:07","date_gmt":"2014-11-10T11:56:07","guid":{"rendered":"http:\/\/blog.causeur.fr\/asiledeblog\/?p=2129"},"modified":"2021-04-26T12:57:03","modified_gmt":"2021-04-26T10:57:03","slug":"djihadisme-made-in-england","status":"publish","type":"post","link":"https:\/\/blog.causeur.fr\/asiledeblog\/djihadisme-made-in-england-2129","title":{"rendered":"Djihadisme made in England"},"content":{"rendered":"<p style=\"text-align: left\" align=\"center\"><strong>Comment un jeune Anglais apparemment sans histoires est devenu soudain islamiste, puis terroriste\u2026<\/strong><\/p>\n<p><a href=\"http:\/\/blog.causeur.fr\/asiledeblog\/djihadisme-made-in-england-002129.html\/freredjihad\" rel=\"attachment wp-att-2130\"><img loading=\"lazy\" decoding=\"async\" class=\"alignleft size-medium wp-image-2130\" src=\"http:\/\/blog.causeur.fr\/asiledeblog\/files\/2014\/11\/FrereDjihad-300x144.png\" alt=\"\" width=\"300\" height=\"144\" srcset=\"https:\/\/blog.causeur.fr\/asiledeblog\/wp-content\/uploads\/sites\/10\/2014\/11\/FrereDjihad-300x144.png 300w, https:\/\/blog.causeur.fr\/asiledeblog\/wp-content\/uploads\/sites\/10\/2014\/11\/FrereDjihad.png 567w\" sizes=\"auto, (max-width: 300px) 100vw, 300px\" \/><\/a>Film\u00e9e en temps r\u00e9el par son propre fr\u00e8re, la d\u00e9rive islamo-terroriste d\u2019un jeune britanique de la classe moyenne\u00a0: telle est l\u2019histoire \u00e9tonnante, et si r\u00e9v\u00e9latrice de l\u2019\u00e9poque, que racontait un documentaire in\u00e9dit l\u2019autre soir sur France \u00d4 (pourquoi seulement France \u00d4\u00a0??)<\/p>\n<p>Robb et Rich Leech, deux demi-fr\u00e8res, ont grandi ensemble dans une famille paisible, dans le sud-ouest de l\u2019Angleterre. Tout au long de leur enfance et de leur adolescence, ils ont tout partag\u00e9\u00a0: jeux, sport, musique, vir\u00e9es dans les pubs\u2026 Jusqu\u2019\u00e0 ce jour de 2009 o\u00f9 Rich a d\u00e9cid\u00e9 de partir pour Londres. Quelques mois plus tard, Robb apprend sa conversion soudaine \u00e0 l\u2019islamisme radical. Rebaptis\u00e9 Salahuddin, Richard a int\u00e9gr\u00e9 un groupuscule extr\u00e9miste qui pr\u00f4ne l\u2019instauration de la charia au Royaume-Uni (et partout ailleurs\u2026)<!--more--><\/p>\n<p>Pour tenter de comprendre ce changement \u00e0 vue, Robb, qui s\u2019est orient\u00e9 vers le cin\u00e9ma, va alors suivre son fr\u00e8re pendant un an cam\u00e9ra en main, s\u2019immergeant dans son quotidien. Difficile pour lui, cependant, de reconna\u00eetre Rich admir\u00e9 dans ce barbu \u00e0 calotte et djellaba qui ponctue chaque phrase d\u2019un invariable \u00ab\u00a0Inch\u2019 Allah\u00a0!\u00a0\u00bb, respecte \u00e0 la lettre tous les interdits de l\u2019islam le plus strict\u2026 et ne voit plus en lui qu\u2019un vulgaire \u00ab\u00a0<em>kafir<\/em>\u00a0\u00bb (m\u00e9cr\u00e9ant). D\u00e9sormais, l\u2019a\u00een\u00e9 ne touche plus son cadet que de la main gauche\u00a0: \u00ab\u00a0<em>Je salue seulement mes fr\u00e8res musulmans de la main droite\u00a0<\/em>\u00bb, s\u2019excuse-t-il. Les \u00ab\u00a0fr\u00e8res\u00a0\u00bb ont remplac\u00e9 le fr\u00e8re\u2026<\/p>\n<p>Robb ne peut que mesurer le foss\u00e9 qui s\u2019est creus\u00e9 entre lui et \u00ab\u00a0Salahuddin\u00a0\u00bb. Pour le reste, au terme d\u2019une ann\u00e9e d\u2019enqu\u00eate, il n\u2019est gu\u00e8re plus avanc\u00e9\u00a0; par quel sortil\u00e8ge son fr\u00e8re est-il devenu en quelques mois non pas \u00ab\u00a0<em>un musulman ordinaire\u00a0<\/em>\u00bb, mais un fondamentaliste fanatique\u00a0? Une seule certitude\u00a0: ce Salahuddin-l\u00e0 s\u2019est trouv\u00e9 une nouvelle \u00ab\u00a0famille\u00a0\u00bb, o\u00d9 il n\u2019y a gu\u00e8re de place pour les <em>kouffar<\/em> (pluriel\u00a0 de <em>kafir<\/em>).<\/p>\n<p>Apr\u00e8s ce film diffus\u00e9 par la BBC en 2011, Robb Leech ne pensait pas revenir sur l\u2019affaire\u2026 Jusqu\u2019\u00e0 ce qu\u2019un nouveau choc le d\u00e9cide \u00e0 reprendre sa cam\u00e9ra\u00a0: en avril 2013 Richard, soup\u00e7onn\u00e9 de vouloir partir faire le djihad en Afghanistan, est condamn\u00e9 en attendant \u00e0 six ans de prison pour fabrication de bombes artisanales.<\/p>\n<p>Le cin\u00e9aste veut comprendre cette nouvelle escalade, du fondamentalisme \u00e0 la lutte arm\u00e9e\u00a0; mais son fr\u00e8re refuse d\u00e9sormais de le voir, avec ou sans cam\u00e9ra. Alors il retrouve ses anciens compagnons, et la m\u00e8re d\u2019un ado solitaire \u00e9galement emprisonn\u00e9. Celui-l\u00e0 s\u2019\u00e9tait \u00ab\u00a0<em>auto-radicalis\u00e9 sur internet\u00a0<\/em>\u00bb, au point de planquer des bombes de sa fabrication dans le frigo familial.<\/p>\n<p>Quelles sont donc les motivations de ces jeunes Occidentaux m\u00eame pas marginaux qui, de plus en plus nombreux, \u00e9pousent les th\u00e8ses du djihadisme, voire passent \u00e0 l\u2019acte\u00a0? Pour l\u2019auteur des deux documentaires, \u00ab\u00a0<em>il n\u2019y a aucune explication simple\u00a0\u00bb. <\/em>Aussi se rallie-t-il enfin de compte \u00e0 celle d\u2019Alyas Kharmani, psychologue et imam londonien, qui d\u00e9douane subtilement sa religion. Ce qui attire ces jeunes vers l\u2019islamisme radical, explique-t-il en substance, c\u2019est moins l\u2019islam lui-m\u00eame que la radicalit\u00e9\u00a0; le ressort essentiel de leur engagement c\u2019est l\u2019absence de rep\u00e8res, la r\u00e9volte \u00e0 l\u2019\u00e9gard d\u2019une soci\u00e9t\u00e9 qui ne leur propose qu\u2019une vie vide de sens.<\/p>\n<p>Il n\u2019a pas tout \u00e0 fait tort, l\u2019imam-psychologue, et \u00e0 cet \u00e9gard l\u2019Occident ferait bien de battre sa coulpe, s\u2019il n\u2019\u00e9tait d\u00e9capit\u00e9. Reste que l\u2019embrigadement volontaire dans une entreprise ouvertement mortif\u00e8re, pour les autres comme pour soi-m\u00eame, c\u2019est bien l\u2019islam qui le g\u00e9n\u00e8re aujourd\u2019hui.<\/p>\n<p>Une religion o\u00f9 le m\u00eame mot, \u00ab\u00a0djihad\u00a0\u00bb, d\u00e9signe <em>au choix<\/em> un travail spirituel int\u00e9rieur ou la guerre sainte contre tous les infid\u00e8les de la Terre p\u00e8che, au bas mot, par ambigu\u00eft\u00e9. Pour la lever d\u00e9finitivement, apr\u00e8s quatorze si\u00e8cles, il faudrait au moins un ou deux \u00ab\u00a0<em>conciles<\/em>\u00a0\u00bb, comme on dit par chez nous. Malheureusement, ce genre de happening n\u2019est pas au programme du Coran.<\/p>\n<p>&nbsp;<\/p>\n<p>[Publi\u00e9 dans <em>Valeurs Actuelles<\/em>]<\/p>\n","protected":false},"excerpt":{"rendered":"<p>Comment un jeune Anglais apparemment sans histoires est devenu soudain islamiste, puis terroriste\u2026 Film\u00e9e en temps r\u00e9el par son propre fr\u00e8re, la d\u00e9rive islamo-terroriste d\u2019un jeune britanique de la classe moyenne\u00a0: telle est l\u2019histoire \u00e9tonnante, et si r\u00e9v\u00e9latrice de l\u2019\u00e9poque, que racontait un documentaire in\u00e9dit l\u2019autre soir sur France \u00d4 (pourquoi seulement France \u00d4\u00a0??) Robb [&hellip;]<\/p>\n","protected":false},"author":9,"featured_media":0,"comment_status":"open","ping_status":"open","sticky":false,"template":"","format":"standard","meta":{"footnotes":""},"categories":[1],"tags":[371,683],"class_list":{"0":"post-2129","1":"post","2":"type-post","3":"status-publish","4":"format-standard","6":"category-non-classe","7":"tag-djihad","8":"tag-islamisme"},"_links":{"self":[{"href":"https:\/\/blog.causeur.fr\/asiledeblog\/wp-json\/wp\/v2\/posts\/2129","targetHints":{"allow":["GET"]}}],"collection":[{"href":"https:\/\/blog.causeur.fr\/asiledeblog\/wp-json\/wp\/v2\/posts"}],"about":[{"href":"https:\/\/blog.causeur.fr\/asiledeblog\/wp-json\/wp\/v2\/types\/post"}],"author":[{"embeddable":true,"href":"https:\/\/blog.causeur.fr\/asiledeblog\/wp-json\/wp\/v2\/users\/9"}],"replies":[{"embeddable":true,"href":"https:\/\/blog.causeur.fr\/asiledeblog\/wp-json\/wp\/v2\/comments?post=2129"}],"version-history":[{"count":0,"href":"https:\/\/blog.causeur.fr\/asiledeblog\/wp-json\/wp\/v2\/posts\/2129\/revisions"}],"wp:attachment":[{"href":"https:\/\/blog.causeur.fr\/asiledeblog\/wp-json\/wp\/v2\/media?parent=2129"}],"wp:term":[{"taxonomy":"category","embeddable":true,"href":"https:\/\/blog.causeur.fr\/asiledeblog\/wp-json\/wp\/v2\/categories?post=2129"},{"taxonomy":"post_tag","embeddable":true,"href":"https:\/\/blog.causeur.fr\/asiledeblog\/wp-json\/wp\/v2\/tags?post=2129"}],"curies":[{"name":"wp","href":"https:\/\/api.w.org\/{rel}","templated":true}]}}