{"id":2132,"date":"2014-11-17T09:18:22","date_gmt":"2014-11-17T09:18:22","guid":{"rendered":"http:\/\/blog.causeur.fr\/asiledeblog\/?p=2132"},"modified":"2021-04-26T12:57:03","modified_gmt":"2021-04-26T10:57:03","slug":"telerama-sen-va-t-en-guerre","status":"publish","type":"post","link":"https:\/\/blog.causeur.fr\/asiledeblog\/telerama-sen-va-t-en-guerre-2132","title":{"rendered":"T\u00e9l\u00e9rama s&rsquo;en va-t-en guerre"},"content":{"rendered":"<p style=\"text-align: left\" align=\"center\"><strong>Quand Buisson sort un documentaire sur les \u00e9crivains et la Grande Guerre, <em>T\u00e9l\u00e9rama<\/em> sort son revolver\u2026<\/strong><\/p>\n<p><em><a href=\"http:\/\/blog.causeur.fr\/asiledeblog\/telerama-sen-va-t-en-guerre-002132.html\/patrick_buisson_iafrate\" rel=\"attachment wp-att-2133\"><img loading=\"lazy\" decoding=\"async\" class=\"alignleft size-medium wp-image-2133\" src=\"http:\/\/blog.causeur.fr\/asiledeblog\/files\/2014\/11\/patrick_buisson_iafrate-300x291.jpg\" alt=\"\" width=\"300\" height=\"291\" srcset=\"https:\/\/blog.causeur.fr\/asiledeblog\/wp-content\/uploads\/sites\/10\/2014\/11\/patrick_buisson_iafrate-300x291.jpg 300w, https:\/\/blog.causeur.fr\/asiledeblog\/wp-content\/uploads\/sites\/10\/2014\/11\/patrick_buisson_iafrate.jpg 599w\" sizes=\"auto, (max-width: 300px) 100vw, 300px\" \/><\/a>Si je mourais l\u00e0-bas<\/em>, ou la Grande Guerre racont\u00e9e par les \u00e9crivains qui l\u2019ont faite, de Barbusse \u00e0 J\u00fcnger en passant par Duhamel et Cendrars. Tel est le th\u00e8me de l\u2019impressionnant documentaire de Patrick Buisson diffus\u00e9 lundi dernier sur la cha\u00eene Histoire.<!--more--><\/p>\n<p>Pour l\u2019auteur, ce sont les plumes tremp\u00e9es dans le sang qui nous disent la plus profonde v\u00e9rit\u00e9 sur l\u2019homme en guerre. La force du sujet les d\u00e9livre au besoin du mani\u00e9risme et du bavardage. L\u2019\u00e9preuve du feu laisse chacun d\u2019eux face \u00e0 lui-m\u00eame et au sens qu\u2019il donne tout compte fait au mot \u00ab\u00a0sens\u00a0\u00bb, quand il s\u2019agit de vie et de mort.<\/p>\n<p>Parmi ces \u00e9crivains combattants, note l\u2019auteur, \u00ab\u00a0<em>aucun n\u2019a vu la m\u00eame chose, mais tous ont \u00e9t\u00e9 les t\u00e9moins d\u2019une \u00e9poque, presque incompr\u00e9hensible de nos jours, o\u00f9 le corps collectif pouvait mobiliser les corps individuels et exiger d\u2019eux jusqu\u2019au sacrifice supr\u00eame<\/em>.\u00a0\u00bb<\/p>\n<p>\u00ab\u00a0Presque incompr\u00e9hensible\u00a0\u00bb, dit Patrick\u00a0? Totalement herm\u00e9tique en tout cas aux cervelles post-modernes de <em>T\u00e9l\u00e9rama<\/em>, qui fait \u00e0 ce superbe survol historico-litt\u00e9raire les honneurs d\u2019un tiers de page, mais pour mieux le d\u00e9zinguer.<\/p>\n<p>Chez nos amis les t\u00e9l\u00e9rameurs, la s\u00e9lection (m\u00eame s\u2019ils n\u2019aiment pas le mot), se pratique \u00e0 coup de \u00ab\u00a0<em>T<\/em>\u00a0\u00bb. \u00c7a peut aller de quatre T pour les <em>chefs d\u2019\u0153uvre\u00a0<\/em>labellis\u00e9s \u00e0 rien du tout pour les daubes. Mais rares sont les programmes qui, comme celui de Buisson, h\u00e9ritent de l\u2019infamant \u00ab\u00a0<em>Moins<\/em>\u00a0\u00bb, illustr\u00e9 par un sens interdit sur fond noir.<\/p>\n<p>Impitoyable r\u00e9quisitoire de la procureuse locale H\u00e9l\u00e8ne Rochette\u00a0: <em>\u00ab\u00a0Ce r\u00e9cit incantatoire r\u00e9fute toute contextualisation\u00a0<\/em>\u00bb\u00a0; mais de quoi parle-t-elle au juste, la dame en rouge et noir\u00a0? Vingt \u00e9crivains pris dans la tourmente de la Grande Guerre, c\u2019est pas un contexte, \u00e7a\u00a0?<\/p>\n<p>Cela dit, inutile de plaider, la cause est entendue d\u00e8s le paragraphe suivant\u00a0: \u00ab\u00a0<em>On ne peut accorder le moindre cr\u00e9dit documentaire\u00a0<\/em>\u00bb \u00e0 ce film. La faute, que dis-je le crime de l\u2019auteur, c\u2019est de n\u2019avoir pas fait le tri qui s\u2019imposait entre les \u00e9crivains combattants de la Premi\u00e8re guerre mondiale, en fonction de leur comportement durant la Seconde\u00a0!<\/p>\n<p>Apollinaire et P\u00e9guy \u00e7a va, et pour cause\u00a0; Dorgel\u00e8s et Bernanos, passe encore\u00a0; mais C\u00e9line et Drieu, n\u2019est-ce pas\u2026 De toute fa\u00e7on, sugg\u00e8re notre critique, qu\u2019attendre d\u2019autre d\u2019un \u00ab\u00a0<em>ex-conseiller de Sarkozy et ancienne plume de l\u2019hebdomadaire d\u2019extr\u00eame droite <\/em>Minute\u00a0\u00bb\u00a0?<\/p>\n<p>Tout est dit\u00a0! C\u2019est m\u00eame sur la seule base de cette bio expresse que la pr\u00e9sidente Rochette aura instruit, plaid\u00e9 et jug\u00e9 tout le dossier, comprend-on <em>in fine<\/em>.<\/p>\n<p>Aveugl\u00e9 par la haine, mon hebdo t\u00e9l\u00e9 pr\u00e9f\u00e9r\u00e9 \u00e0 cru voir dans ce documentaire ce qu\u2019il y cherchait\u00a0: un louche \u00ab\u00a0<em>esth\u00e9tisation de la boucherie de 14-18<\/em>\u00a0\u00bb. Mauvais proc\u00e8s d\u2019un tribunal ill\u00e9gitime, qui juge sur des pr\u00e9jug\u00e9s\u00a0!<\/p>\n<p>Dans le foisonnement des citations qui accompagnent ce film, nulle trace d\u2019exaltation guerri\u00e8re, mais plut\u00f4t le r\u00e9cit quotidien d\u2019un horreur inhumaine. Tel un ch\u0153ur antique, les \u00e9crivains t\u00e9moignent d\u2019une seule voix de cette sanglante trag\u00e9die, au sortir de laquelle les combattants, m\u00eame indemnes, seront tous des \u00ab\u00a0Gueules cass\u00e9es\u00a0\u00bb. Pour ces survivants \u00e0 la longue nuit de 14-18, comme l\u2019\u00e9crit Apollinaire, \u00ab\u00a0<em>le jour n\u2019existe plus, le soleil s\u2019est noy\u00e9<\/em>\u00a0\u00bb.<\/p>\n<p>Face \u00e0 ce vertigineux cauchemar, chacun r\u00e9agit en fonction de sa nature. Au pacifisme misanthrope et malpoli de C\u00e9line r\u00e9pond l\u2019\u00e9lan patriotique et mystique de P\u00e9guy\u00a0: \u00ab\u00a0<em>Heureux ceux qui sont morts dans les grandes batailles \/ Couch\u00e9s dessus le sol \u00e0 la face de Dieu\u00a0<\/em>\u00bb. Ce serait donc lui, et non pas C\u00e9line ni Drieu, l\u2019incarnation du Mal d\u00e9nonc\u00e9 par <em>T\u00e9l\u00e9rama<\/em>\u00a0?<\/p>\n<p>Tr\u00eave de balivernes, j\u2019adresse \u00e0 Patrick Buisson un conseil amical\u00a0: quand il sera d\u2019humeur \u00e0 badiner, qu\u2019il vende donc un de ses prochain docs sous pseudo \u00e0 France 5 ou LCP \u2013 quitte \u00e0 jeter le masque d\u00e8s qu\u2019il aura re\u00e7u ses pr\u00e9cieux \u00ab\u00a0<em>T<\/em>\u00a0\u00bb\u2026 En attendant, l\u2019histoire et la litt\u00e9rature sont \u00e9crites par T\u00e9l\u00e9rama et les siens. C\u2019est m\u00eame pour \u00e7a qu\u2019il n\u2019y en a plus.<\/p>\n<p>[Article publi\u00e9 dans <em>Valeurs Actuelles<\/em>]<\/p>\n","protected":false},"excerpt":{"rendered":"<p>Quand Buisson sort un documentaire sur les \u00e9crivains et la Grande Guerre, T\u00e9l\u00e9rama sort son revolver\u2026 Si je mourais l\u00e0-bas, ou la Grande Guerre racont\u00e9e par les \u00e9crivains qui l\u2019ont faite, de Barbusse \u00e0 J\u00fcnger en passant par Duhamel et Cendrars. Tel est le th\u00e8me de l\u2019impressionnant documentaire de Patrick Buisson diffus\u00e9 lundi dernier sur [&hellip;]<\/p>\n","protected":false},"author":9,"featured_media":0,"comment_status":"open","ping_status":"open","sticky":false,"template":"","format":"standard","meta":{"footnotes":""},"categories":[1],"tags":[684,217],"class_list":{"0":"post-2132","1":"post","2":"type-post","3":"status-publish","4":"format-standard","6":"category-non-classe","7":"tag-patrick-buisson","8":"tag-telerama"},"_links":{"self":[{"href":"https:\/\/blog.causeur.fr\/asiledeblog\/wp-json\/wp\/v2\/posts\/2132","targetHints":{"allow":["GET"]}}],"collection":[{"href":"https:\/\/blog.causeur.fr\/asiledeblog\/wp-json\/wp\/v2\/posts"}],"about":[{"href":"https:\/\/blog.causeur.fr\/asiledeblog\/wp-json\/wp\/v2\/types\/post"}],"author":[{"embeddable":true,"href":"https:\/\/blog.causeur.fr\/asiledeblog\/wp-json\/wp\/v2\/users\/9"}],"replies":[{"embeddable":true,"href":"https:\/\/blog.causeur.fr\/asiledeblog\/wp-json\/wp\/v2\/comments?post=2132"}],"version-history":[{"count":0,"href":"https:\/\/blog.causeur.fr\/asiledeblog\/wp-json\/wp\/v2\/posts\/2132\/revisions"}],"wp:attachment":[{"href":"https:\/\/blog.causeur.fr\/asiledeblog\/wp-json\/wp\/v2\/media?parent=2132"}],"wp:term":[{"taxonomy":"category","embeddable":true,"href":"https:\/\/blog.causeur.fr\/asiledeblog\/wp-json\/wp\/v2\/categories?post=2132"},{"taxonomy":"post_tag","embeddable":true,"href":"https:\/\/blog.causeur.fr\/asiledeblog\/wp-json\/wp\/v2\/tags?post=2132"}],"curies":[{"name":"wp","href":"https:\/\/api.w.org\/{rel}","templated":true}]}}