{"id":2135,"date":"2014-11-24T10:15:50","date_gmt":"2014-11-24T10:15:50","guid":{"rendered":"http:\/\/blog.causeur.fr\/asiledeblog\/?p=2135"},"modified":"2021-04-26T12:57:03","modified_gmt":"2021-04-26T10:57:03","slug":"le-droopy-de-la-republique","status":"publish","type":"post","link":"https:\/\/blog.causeur.fr\/asiledeblog\/le-droopy-de-la-republique-2135","title":{"rendered":"Le Droopy de la R\u00e9publique"},"content":{"rendered":"<p><strong>R\u00e9gis Debray explique, avec son humour triste, pourquoi la France n\u2019est plus ce qu\u2019elle devrait \u00eatre.<\/strong><\/p>\n<p><a href=\"http:\/\/blog.causeur.fr\/asiledeblog\/le-droopy-de-la-republique-002135.html\/regisdebray\" rel=\"attachment wp-att-2137\"><img loading=\"lazy\" decoding=\"async\" class=\"alignleft size-medium wp-image-2137\" src=\"http:\/\/blog.causeur.fr\/asiledeblog\/files\/2014\/11\/regisdebray-300x204.png\" alt=\"\" width=\"300\" height=\"204\" srcset=\"https:\/\/blog.causeur.fr\/asiledeblog\/wp-content\/uploads\/sites\/10\/2014\/11\/regisdebray-300x204.png 300w, https:\/\/blog.causeur.fr\/asiledeblog\/wp-content\/uploads\/sites\/10\/2014\/11\/regisdebray.png 425w\" sizes=\"auto, (max-width: 300px) 100vw, 300px\" \/><\/a>\u00ab\u00a0<em>Encore un que la gauche n\u2019aura plus\u00a0!<\/em> \u00bb Ainsi pensai-je en \u00e9coutant R\u00e9gis Debray, l\u2019autre vendredi \u00e0 <em>Ce soir ou jamais. \u00ab\u00a0Les entreprises sauveront-elles la France\u00a0?<\/em>\u00a0\u00bb demandait Fr\u00e9d\u00e9ric Tadde\u00ef \u00e0 un ar\u00e9opage de politologues, d\u2019\u00e9conomistes et de chefs d\u2019entreprises, qu\u2019on me pardonnera de ne pas citer\u00a0; ce soir-l\u00e0, je n\u2019avais d\u2019oreilles que pour R\u00e9gis.<\/p>\n<p><!--more-->Si on m\u2019avait dit il y a encore trente ans, quand ce Debray-l\u00e0 \u00e9tait conseiller du Prince Fran\u00e7ois, que je finirais par penser comme lui\u2026\u00a0Mais tout passe, comme disait H\u00e9raclite, et le \u00ab\u00a0socialisme\u00a0\u00bb debraysien s\u2019est enfui comme un (mauvais) r\u00eave. Reste une sorte d\u2019Attali \u00e0 l\u2019envers, c\u2019est-\u00e0-dire \u00e0 l\u2019endroit\u00a0: un r\u00e9publicain intransigeant.<\/p>\n<p>Il le prouve ces jours-ci en publiant <em>L\u2019erreur de calcul<\/em> (\u00e9d. du Cerf), un pamphlet contre l\u2019\u00e9conomisme et ses s\u00e9ides, bref comme une gifle. Soixante pages, cinq euros\u00a0: m\u00eame sur un plan strictement \u00e9conomique, \u00e7a reste un meilleur placement que le tract \u00e0 deux balles du regrettable St\u00e9phane Hessel\u00a0!<\/p>\n<p>L\u2019auteur y \u00e9gr\u00e8ne le chapelet d\u2019un cat\u00e9chisme r\u00e9publicain plaisamment surann\u00e9, voire trop beau pour \u00eatre vrai. Jusqu\u2019\u00e0 pr\u00e9sent, explique-t-il, la France c\u2019\u00e9tait \u00ab\u00a0<em>un corps de citoyens \u00e9gaux devant la loi, c\u2019est \u00e0 dire une R\u00e9publique\u00a0(\u2026) Une communaut\u00e9 d\u2019hommes unis par le pass\u00e9 et l\u2019avenir, c\u2019est \u00e0 dire une nation\u00a0(\u2026) Un groupe dot\u00e9 d\u2019un pouvoir constitutionnel, c\u2019est \u00e0 dire un peuple.<\/em>\u00a0\u00bb Tout \u00e7a\u00a0? J\u2019ai comme l\u2019impression d\u2019\u00eatre n\u00e9 un peu tard pour conna\u00eetre cet \u00e2ge d\u2019or\u2026<\/p>\n<p>Le \u00ab\u00a0<em>basculement<\/em>\u00a0\u00bb, Debray l\u2019impute \u00e0 un \u00e9conomisme \u00ab\u00a0<em>aussi\u00a0idiot que dangereux\u00a0<\/em>\u00bb. Idiot, parce que notre pays ne se r\u00e9sume pas (pas encore\u00a0?) \u00e0 un agglom\u00e9rat de consommateurs et de marchands\u00a0: \u00ab\u00a0<em>Il y a aussi des pompiers, des pr\u00eatres, des militants, des infirmi\u00e8res<\/em> \u00bb\u2026<\/p>\n<p>Dangereux parce que l\u2019Etat, en se r\u00e9duisant \u00e0 une annexe de l\u2019\u00e9conomie, perd toute l\u00e9gitimit\u00e9\u00a0: <em>\u00ab\u00a0Les affaires publiques se r\u00e9partissent aujourd\u2019hui entre les affaires de c\u0153ur et les affaires d\u2019argent,<\/em> Paris-Match <em>et <\/em>Les Echos\u00a0\u00bb r\u00e9sume dr\u00f4lement, mais sans rire, notre Droopy de la R\u00e9publique.<\/p>\n<p>Son espoir fou : que l\u2019on cesse de marcher sur la t\u00eate, tout simplement\u00a0! \u00ab\u00a0<em>Les entreprises sont \u00e9videmment n\u00e9cessaires \u00e0 la soci\u00e9t\u00e9. Elles en sont les jambes, mais s\u00fbrement pas le c\u0153ur, et encore moins l\u2019\u00e2me<\/em>\u00a0\u00bb. L\u2019essayiste se dit frapp\u00e9 par l\u2019appauvrissement du personnel politique, et de la langue politique elle-m\u00eame. \u00ab\u00a0<em>Aujourd\u2019hui, on peut faire un discours pr\u00e9sidentiel avec trois mots\u00a0<\/em>:\u00a0<em>comp\u00e9titivit\u00e9-productivit\u00e9-solidarit\u00e9<\/em>, <em>sans oublier de ponctuer chaque phrase du rituel<\/em> \u00ab\u00a0faire en sorte que\u00a0<em>\u00bb\u2026<\/em><\/p>\n<p>\u00c0 ce niveau de d\u00e9gradation du d\u00e9bat public, d\u00e9plore Debray, la France a oubli\u00e9 qu\u2019elle est avant tout un <em>sentiment d\u2019appartenance\u00a0<\/em>: <em>\u00ab\u00a0le sentiment de partager quelque chose \u2013 et on ne partage que ce qui nous d\u00e9passe\u00a0! Le probl\u00e8me, aujourd\u2019hui, c\u2019est que nous ne sommes plus d\u00e9pass\u00e9s par rien\u2026\u00a0<\/em>\u00bb Demander aux Fran\u00e7ais des efforts, des imp\u00f4ts nouveaux, des sacrifices\u00a0? Pourquoi pas &#8211; \u00a0mais<em> pour quoi faire\u00a0? <\/em>Aujourd\u2019hui aucun projet, aucune vision, aucune finalit\u00e9 ne semblent plus justifier de telles exigences.<\/p>\n<p>Et Debray de conclure \u00e0 l\u2019adresse de son vis-\u00e0-vis Geoffroy Roux de B\u00e9zieux, vice-pr\u00e9sident du MEDEF\u00a0: \u00ab\u00a0<em>Je n\u2019ai rien contre votre personne, je suis m\u00eame tr\u00e8s heureux qu\u2019il y ait des hommes comme vous\u00a0! Ce que je regrette c\u2019est qu\u2019il n\u2019y ait plus, <\/em>au-dessus de vous<em>, des politiques qui aient le sens de l\u2019Histoire et qui sachent dire au pays\u00a0: \u00ab\u00a0<\/em>Voil\u00e0 ce que la France devrait \u00eatre et faire demain\u00a0!\u00a0\u00bb<\/p>\n<p>\u00ab\u00a0<em>Politique d\u2019abord\u00a0!\u00a0<\/em>\u00bb proclamait d\u00e9j\u00e0 Charles Maurras\u00a0; \u00ab\u00a0<em>L\u2019intendance suivra\u00a0<\/em>\u00bb, pr\u00e9cisa ensuite le G\u00e9n\u00e9ral De Gaulle \u2013 avant que Mao ne r\u00e9clame qu\u2019on place \u00ab\u00a0<em>la politique<\/em> (c\u2019est \u00e0 dire lui, le Grand Timonier) <em>au poste de commande\u00a0<\/em>\u00bb. Force est de constater que ce v\u0153u, malgr\u00e9 l\u2019autorit\u00e9 incontestable de ses auteurs, est rest\u00e9 (plus ou moins) pieux\u2026<\/p>\n<p>[Article publi\u00e9 dans <em>Valeurs Actuelles<\/em>]<\/p>\n","protected":false},"excerpt":{"rendered":"<p>R\u00e9gis Debray explique, avec son humour triste, pourquoi la France n\u2019est plus ce qu\u2019elle devrait \u00eatre. \u00ab\u00a0Encore un que la gauche n\u2019aura plus\u00a0! \u00bb Ainsi pensai-je en \u00e9coutant R\u00e9gis Debray, l\u2019autre vendredi \u00e0 Ce soir ou jamais. \u00ab\u00a0Les entreprises sauveront-elles la France\u00a0?\u00a0\u00bb demandait Fr\u00e9d\u00e9ric Tadde\u00ef \u00e0 un ar\u00e9opage de politologues, d\u2019\u00e9conomistes et de chefs d\u2019entreprises, [&hellip;]<\/p>\n","protected":false},"author":9,"featured_media":0,"comment_status":"open","ping_status":"open","sticky":false,"template":"","format":"standard","meta":{"footnotes":""},"categories":[1],"tags":[685,186],"class_list":{"0":"post-2135","1":"post","2":"type-post","3":"status-publish","4":"format-standard","6":"category-non-classe","7":"tag-economisme","8":"tag-regis-debray"},"_links":{"self":[{"href":"https:\/\/blog.causeur.fr\/asiledeblog\/wp-json\/wp\/v2\/posts\/2135","targetHints":{"allow":["GET"]}}],"collection":[{"href":"https:\/\/blog.causeur.fr\/asiledeblog\/wp-json\/wp\/v2\/posts"}],"about":[{"href":"https:\/\/blog.causeur.fr\/asiledeblog\/wp-json\/wp\/v2\/types\/post"}],"author":[{"embeddable":true,"href":"https:\/\/blog.causeur.fr\/asiledeblog\/wp-json\/wp\/v2\/users\/9"}],"replies":[{"embeddable":true,"href":"https:\/\/blog.causeur.fr\/asiledeblog\/wp-json\/wp\/v2\/comments?post=2135"}],"version-history":[{"count":0,"href":"https:\/\/blog.causeur.fr\/asiledeblog\/wp-json\/wp\/v2\/posts\/2135\/revisions"}],"wp:attachment":[{"href":"https:\/\/blog.causeur.fr\/asiledeblog\/wp-json\/wp\/v2\/media?parent=2135"}],"wp:term":[{"taxonomy":"category","embeddable":true,"href":"https:\/\/blog.causeur.fr\/asiledeblog\/wp-json\/wp\/v2\/categories?post=2135"},{"taxonomy":"post_tag","embeddable":true,"href":"https:\/\/blog.causeur.fr\/asiledeblog\/wp-json\/wp\/v2\/tags?post=2135"}],"curies":[{"name":"wp","href":"https:\/\/api.w.org\/{rel}","templated":true}]}}