{"id":2141,"date":"2014-12-08T10:00:45","date_gmt":"2014-12-08T10:00:45","guid":{"rendered":"http:\/\/blog.causeur.fr\/asiledeblog\/?p=2141"},"modified":"2021-04-26T12:57:03","modified_gmt":"2021-04-26T10:57:03","slug":"eric-excommunie-francois","status":"publish","type":"post","link":"https:\/\/blog.causeur.fr\/asiledeblog\/eric-excommunie-francois-2141","title":{"rendered":"Eric excommunie Fran\u00e7ois !"},"content":{"rendered":"<p style=\"text-align: left\" align=\"center\"><strong>Apr\u00e8s le discours de Strasbourg, mon pol\u00e9miste pr\u00e9f\u00e9r\u00e9 juge mon pape d\u00e9cid\u00e9ment pas tr\u00e8s catholique\u2026<\/strong><\/p>\n<p><a href=\"http:\/\/blog.causeur.fr\/asiledeblog\/eric-excommunie-francois-002141.html\/eric_zemmour_et_le_pape_francois_capture_decran_2014-12-01_a_18-37-25\" rel=\"attachment wp-att-2142\"><img loading=\"lazy\" decoding=\"async\" class=\"alignleft size-medium wp-image-2142\" src=\"http:\/\/blog.causeur.fr\/asiledeblog\/files\/2014\/12\/eric_zemmour_et_le_pape_francois_capture_decran_2014-12-01_a_18.37.25-300x187.jpg\" alt=\"\" width=\"300\" height=\"187\" srcset=\"https:\/\/blog.causeur.fr\/asiledeblog\/wp-content\/uploads\/sites\/10\/2014\/12\/eric_zemmour_et_le_pape_francois_capture_decran_2014-12-01_a_18.37.25-300x187.jpg 300w, https:\/\/blog.causeur.fr\/asiledeblog\/wp-content\/uploads\/sites\/10\/2014\/12\/eric_zemmour_et_le_pape_francois_capture_decran_2014-12-01_a_18.37.25.jpg 638w\" sizes=\"auto, (max-width: 300px) 100vw, 300px\" \/><\/a>L\u2019autre mardi, comme Valeurs actuelles vous en rend compte par ailleurs (<em>r\u00e9f\u00e9rence<\/em>), le pape \u00e9tait \u00e0 Strasbourg pour s\u2019adresser \u00e0\u00a0deux institutions europ\u00e9ennes. L\u2019ami Zemmour n\u2019a gu\u00e8re appr\u00e9ci\u00e9 la tonalit\u00e9 de ces interventions et, faute de pouvoir en d\u00e9battre directement avec Fran\u00e7ois dans <em>\u00c7a se dispute<\/em>, il lui a vertement r\u00e9pondu d\u00e8s le lendemain \u2013 sur des bases que, pour le coup, je n\u2019ai moi-m\u00eame gu\u00e8re appr\u00e9ci\u00e9es.<!--more--><\/p>\n<p>Dieu sait pourtant que je ne donne pas dans l\u2019anti-zemmourisme primaire\u00a0; en octobre dernier, je signais ici-m\u00eame une apologie circonstanci\u00e9e de ce Socrate livr\u00e9 au tribunal de foire d\u2019<em>On n\u2019est pas couch\u00e9<\/em>. Mais l\u00e0, sauf son respect, Eric yoyote de la touffe\u00a0! Un peu comme si moi, je d\u00e9cidais soudain de r\u00e9futer en trois feuillets les travaux sur l\u2019entropie des trous noirs de Stephen Hawking apr\u00e8s avoir lu sa fiche <em>Wikip\u00e9dia<\/em>.<\/p>\n<p>Parmi les sept p\u00e9ch\u00e9s capitaux dont Zemmour accuse Bergolio on ne retiendra ici, faute de place, que les plus scandaleux. \u00ab\u00a0<em>Le pape dit les mots qui plaisent, pas les mots qui f\u00e2chent\u00a0!\u00a0<\/em>\u00bb, attaque-t-il. S\u00fbr que \u00e7a a d\u00fb faire plaisir \u00e0 l\u2019Europe de s\u2019entendre traiter de \u00ab\u00a0<em>grand-m\u00e8re fatigu\u00e9e, non plus f\u00e9conde et vivante\u00a0<\/em>\u00bb\u00a0!<\/p>\n<p>Autre grief contre Fran\u00e7ois\u00a0: l\u2019inconscient \u00ab\u00a0<em>pr\u00f4ne l\u2019accueil g\u00e9n\u00e9reux des migrants, en ignorant que ces vagues incessantes transforment l\u2019Europe en terre d\u2019islam.\u00a0<\/em>\u00bb En fait, le pape parle bien d\u2019\u00a0\u00ab\u00a0<em>accueil des migrants<\/em>\u00a0\u00bb mais aussi de \u00ab\u00a0<em>protection des droits des citoyens\u00a0<\/em>\u00bb, ce qui change un peu tout. Il appelle m\u00eame l\u2019Europe \u00e0\u00a0adopter des l\u00e9gislations ad\u00e9quates pour<em> \u00ab\u00a0agir sur les causes, non pas seulement sur les effets\u00a0<\/em>\u00bb. On est loin de l\u2019ir\u00e9nisme d\u00e9nonc\u00e9 par Eric\u00a0!<\/p>\n<p>Enfin, ass\u00e8ne notre nouveau docteur de la Loi, \u00ab\u00a0<em>Fran\u00e7ois jette les dogmes aux orties\u00a0!\u00a0<\/em>\u00bb On serait curieux de savoir lesquels\u2026 Le probl\u00e8me de Zemmour est simple, il l\u2019expliquera lui-m\u00eame trois jours plus tard sur <em>iT\u00e9l\u00e9<\/em>\u00a0: \u00ab\u00a0<em>J\u2019ai lu les extraits du discours du pape dans <\/em>Le Monde<em>, et j\u2019ai dit ce que j\u2019en pensais.\u00a0<\/em>\u00bb Eric, tu nous avais habitu\u00e9s \u00e0 plus de rigueur\u00a0! Pour 40 centimes de moins, tu aurais pu lire dans <em>La Croix<\/em> le <em>texte int\u00e9gral <\/em>du discours du pape, au lieu de te contenter d\u2019un floril\u00e8ge mondain.<\/p>\n<p>Simple travail b\u00e2cl\u00e9, ou mauvaise foi\u00a0? Les deux, h\u00e9las, ne sont pas incompatibles&#8230; Je crains fort que, dans la t\u00eate d\u2019Eric, le cas Fran\u00e7ois ne soit d\u00e9j\u00e0 tranch\u00e9 depuis belle lurette\u00a0; depuis ses toutes premi\u00e8res\u00a0entorses \u00e0 la \u00ab\u00a0tradition\u00a0\u00bb.<\/p>\n<p>Le Saint-Esprit nous aurait donc envoy\u00e9 par erreur un pape \u00ab\u00a0<em>post-chr\u00e9tien\u00a0<\/em>\u00bb, c\u2019est-\u00e0-dire h\u00e9r\u00e9tique, schismatique, scandaleux et apostat\u00a0! Un de ces j\u00e9suites \u00e0 la casuistique sournoise comme on devrait en expulser plus souvent\u00a0!<\/p>\n<p>\u00ab\u00a0<em>Ne sutor ultra crepidam\u00a0!\u00a0<\/em>\u00bb (\u00ab\u00a0Cordonnier, ne juge pas au-dessus de la chaussure\u00a0!\u00a0\u00bb) disait le peintre Appelle de Cos \u00e0 son cordonnier, qui avait \u00e9mis des r\u00e9serves sur son \u0153uvre. \u00c0 son instar, Eric parle ici de ce qu\u2019il ne conna\u00eet pas \u2013 et que jusqu\u2019\u00e0 nouvel ordre, il n\u2019aspire m\u00eame pas \u00e0 comprendre\u00a0: la \u00ab\u00a0folie\u00a0\u00bb de la transcendance chr\u00e9tienne\u00a0; cette bienheureuse faille dans notre cerveau qui nous permet d\u2019entrevoir parfois le Sens, la Gr\u00e2ce, l\u2019Amour\u2026<\/p>\n<p>Pas vraiment la zone de chalandise de notre pol\u00e9miste, qu\u2019on pr\u00e9f\u00e8re ferraillant contre les fossoyeurs de la France avec les armes de l\u2019intelligence. Souviens-toi juste, Eric, de la mise en garde de Barr\u00e8s \u00e0 propos de \u00ab\u00a0<em>l\u2019intelligence, cette petite chose \u00e0 la surface de nous-m\u00eames.\u00a0<\/em>\u00bb<\/p>\n<p>En v\u00e9rit\u00e9, chacun son m\u00e9tier, et vaches et brebis seront bien gard\u00e9es. Ce ne serait pas du luxe\u00a0! D\u00e9j\u00e0 que, par les temps qui courent, il n\u2019est pas facile de rester \u00ab\u00a0<em>catholique et fran\u00e7ais toujours\u00a0<\/em>\u00bb\u2026 Mais si en plus les deux termes venaient \u00e0 s\u2019opposer, on serait mal pris.<\/p>\n<p>Dans cette redoutable hypoth\u00e8se, je choisirais quand m\u00eame l\u2019Eglise, ne serait-ce que pour une raison simple\u00a0: la France est sa fille a\u00een\u00e9e, pas l\u2019inverse\u00a0!<\/p>\n<p>[Article publi\u00e9 dans <em>Valeurs Actuelles<\/em>]<\/p>\n","protected":false},"excerpt":{"rendered":"<p>Apr\u00e8s le discours de Strasbourg, mon pol\u00e9miste pr\u00e9f\u00e9r\u00e9 juge mon pape d\u00e9cid\u00e9ment pas tr\u00e8s catholique\u2026 L\u2019autre mardi, comme Valeurs actuelles vous en rend compte par ailleurs (r\u00e9f\u00e9rence), le pape \u00e9tait \u00e0 Strasbourg pour s\u2019adresser \u00e0\u00a0deux institutions europ\u00e9ennes. L\u2019ami Zemmour n\u2019a gu\u00e8re appr\u00e9ci\u00e9 la tonalit\u00e9 de ces interventions et, faute de pouvoir en d\u00e9battre directement avec [&hellip;]<\/p>\n","protected":false},"author":9,"featured_media":0,"comment_status":"open","ping_status":"open","sticky":false,"template":"","format":"standard","meta":{"footnotes":""},"categories":[1],"tags":[77,687],"class_list":{"0":"post-2141","1":"post","2":"type-post","3":"status-publish","4":"format-standard","6":"category-non-classe","7":"tag-eric-zemmour","8":"tag-pape-francois"},"_links":{"self":[{"href":"https:\/\/blog.causeur.fr\/asiledeblog\/wp-json\/wp\/v2\/posts\/2141","targetHints":{"allow":["GET"]}}],"collection":[{"href":"https:\/\/blog.causeur.fr\/asiledeblog\/wp-json\/wp\/v2\/posts"}],"about":[{"href":"https:\/\/blog.causeur.fr\/asiledeblog\/wp-json\/wp\/v2\/types\/post"}],"author":[{"embeddable":true,"href":"https:\/\/blog.causeur.fr\/asiledeblog\/wp-json\/wp\/v2\/users\/9"}],"replies":[{"embeddable":true,"href":"https:\/\/blog.causeur.fr\/asiledeblog\/wp-json\/wp\/v2\/comments?post=2141"}],"version-history":[{"count":0,"href":"https:\/\/blog.causeur.fr\/asiledeblog\/wp-json\/wp\/v2\/posts\/2141\/revisions"}],"wp:attachment":[{"href":"https:\/\/blog.causeur.fr\/asiledeblog\/wp-json\/wp\/v2\/media?parent=2141"}],"wp:term":[{"taxonomy":"category","embeddable":true,"href":"https:\/\/blog.causeur.fr\/asiledeblog\/wp-json\/wp\/v2\/categories?post=2141"},{"taxonomy":"post_tag","embeddable":true,"href":"https:\/\/blog.causeur.fr\/asiledeblog\/wp-json\/wp\/v2\/tags?post=2141"}],"curies":[{"name":"wp","href":"https:\/\/api.w.org\/{rel}","templated":true}]}}