{"id":2144,"date":"2014-12-15T09:54:46","date_gmt":"2014-12-15T09:54:46","guid":{"rendered":"http:\/\/blog.causeur.fr\/asiledeblog\/?p=2144"},"modified":"2021-04-26T12:57:03","modified_gmt":"2021-04-26T10:57:03","slug":"trois-cathos-dans-le-vent","status":"publish","type":"post","link":"https:\/\/blog.causeur.fr\/asiledeblog\/trois-cathos-dans-le-vent-2144","title":{"rendered":"Trois cathos dans le vent"},"content":{"rendered":"<p><strong>On ne remerciera jamais assez Mme Taubira\u00a0! Gr\u00e2ce \u00e0 elle, le catholicisme fran\u00e7ais a trouv\u00e9 une nouvelle jeunesse\u2026<\/strong><\/p>\n<p><em><a href=\"http:\/\/blog.causeur.fr\/asiledeblog\/trois-cathos-dans-le-vent-002144.html\/manif_pour_tous\" rel=\"attachment wp-att-2145\"><img loading=\"lazy\" decoding=\"async\" class=\"alignleft size-medium wp-image-2145\" src=\"http:\/\/blog.causeur.fr\/asiledeblog\/files\/2014\/12\/Manif_pour_Tous-300x225.jpg\" alt=\"\" width=\"300\" height=\"225\" srcset=\"https:\/\/blog.causeur.fr\/asiledeblog\/wp-content\/uploads\/sites\/10\/2014\/12\/Manif_pour_Tous-300x225.jpg 300w, https:\/\/blog.causeur.fr\/asiledeblog\/wp-content\/uploads\/sites\/10\/2014\/12\/Manif_pour_Tous.jpg 425w\" sizes=\"auto, (max-width: 300px) 100vw, 300px\" \/><\/a>Cathos, nouvelle g\u00e9n\u00e9ration\u00a0<\/em>: le documentaire diffus\u00e9 l\u2019autre mardi sur LCP est in\u00e9dit \u00e0 plus d\u2019un titre. Non seulement c\u2019est sa premi\u00e8re diffusion, mais il tranche par un souci d\u2019honn\u00eatet\u00e9 plut\u00f4t rare sur le sujet. \u00c0 travers trois portraits contrast\u00e9s l\u2019auteur, Aleksandar Dzerdz, s\u2019efforce de capter ce \u00ab\u00a0<em>vent de renouveau militant qui, depuis les<\/em>\u00a0Manif pour tous, <em>souffle chez les jeunes cathos\u00a0<\/em>\u00bb.<!--more--><\/p>\n<p>\u00c7a change agr\u00e9ablement des r\u00e9quisitoires anticalotins en noir et blanc qu\u2019on nous sert d\u2019ordinaire \u00e0 la t\u00e9l\u00e9 fran\u00e7aise. Ces derniers temps, combien n\u2019a-t-on pas vu de ces documentaires de propagande, qui font mine de poser une question o\u00f9 la r\u00e9ponse est d\u00e9j\u00e0 incluse, genre\u00a0: \u00ab\u00a0<em>Mais que cache donc cette inqui\u00e9tante r\u00e9surgence<\/em> \u00ab\u00a0tradi\u00a0\u00bb <em>aux naus\u00e9abonds relents de vichysme\u00a0?\u00a0<\/em>\u00bb<\/p>\n<p>Nulle trace ici de ce genre de manipulation. Nos jeunes \u00ab\u00a0t\u00e9moins\u00a0\u00bb ont \u00e9t\u00e9 choisis sans malignit\u00e9, simplement parce qu\u2019ils incarnent diverses facettes du renouveau catholique fran\u00e7ais. Tous trois parlent de leur foi avec la m\u00eame libert\u00e9 de ton et la m\u00eame sinc\u00e9rit\u00e9 \u2013 et d\u2019\u00e9vidence \u00e0 aucun moment le r\u00e9alisateur n\u2019a cherch\u00e9 \u00e0 les pi\u00e9ger, ni \u00e0 l\u2019image ni au montage.<\/p>\n<p>Ma pr\u00e9f\u00e9r\u00e9e c\u2019est Ma\u00eflys, ne serait-ce que parce qu\u2019elle est de ma paroisse\u00a0! (Saint-L\u00e9on, Paris XVe). \u00c0 vingt ans sa foi est d\u00e9j\u00e0 (ou encore\u00a0?) pure et simple,\u00a0 candide et solide comme celle d\u2019une \u00ab\u00a0<em>petite Th\u00e9r\u00e8se<\/em>\u00a0\u00bb. Une foi qu\u2019elle fait rayonner autour d\u2019elle \u00e0 travers ses multiples activit\u00e9s, du scoutisme \u00e0 l\u2019animation du patronage paroissial. Il faut l\u2019entendre dire, le plus simplement du monde\u00a0: \u00ab\u00a0<em>Ma force, je la tire de Dieu. C\u2019est la Lumi\u00e8re qui me fait avancer dans l\u2019obscurit\u00e9.\u00a0<\/em>\u00bb<\/p>\n<p>Pour Anne-Sophie comme pour Ma\u00eflys et toute cette g\u00e9n\u00e9ration, la loi Taubira aura \u00e9t\u00e9 l\u2019\u00e9v\u00e9nement d\u00e9clencheur. Issue d\u2019une famille monoparentale et fra\u00eechement convertie, la jeune fille est d\u00e9j\u00e0 \u00ab\u00a0engag\u00e9e en politique\u00a0\u00bb (au parti chr\u00e9tien-d\u00e9mocrate de Christine Boutin) et sa spontan\u00e9it\u00e9 de langage s\u2019en trouve quelque peu entam\u00e9e, forc\u00e9ment. N\u2019emp\u00eache, elle l\u2019affirme d\u00e9j\u00e0\u00a0: \u00ab\u00a0Si <em>mon \u00e9thique catholique s\u2019av\u00e8re incompatible avec la chose politique, c\u2019est l\u2019\u00c9glise que je choisirai\u00a0!<\/em>\u00a0\u00bb<\/p>\n<p>Quant \u00e0 Vivien, c\u2019est \u00e0 coup s\u00fbr le plus militant des trois. N\u00e9 de parents ath\u00e9es, \u00ab\u00a0<em>ex-jeune de banlieue plus ou moins racaille<\/em>\u00a0\u00bb selon ses propres dires, le voil\u00e0 aujourd\u2019hui catho du genre ultra\u00a0: il est membre \u00e0 la fois de l\u2019AGRIF (Alliance g\u00e9n\u00e9rale contre le racisme et pour le respect de l\u2019identit\u00e9 fran\u00e7aise et chr\u00e9tienne, ouf\u00a0!) et de l\u2019institut Civitas<em> <\/em>\u2013 connu entre autres pour sa d\u00e9nonciation du redoutable \u00ab\u00a0<em>la\u00efcisme<\/em>\u00a0\u00bb de la Manif pour tous\u2026<\/p>\n<p>C\u2019est beaucoup pour mon go\u00fbt, certes\u00a0; mais \u00e0 tout prendre, mieux vaut virer int\u00e9griste que dealer\u00a0! En plus il a une excuse, le Vivien\u00a0: \u00e0 l\u2019origine\u00a0 de son engagement il y a l\u2019attaque de Notre-Dame de Paris, o\u00f9 il travaillait, par ces insupportables petites pouffes \u00e0 poil de <em>Femen<\/em>.<\/p>\n<p>Faute de suivre Vivien dans son n\u00e9o-lefebvrisme hasardeux, on comprend mieux son exasp\u00e9ration en l\u2019accompagnant au proc\u00e8s de ces demoiselles (naturellement relax\u00e9es\u00a0!). Il faut voir leur porte-parole couronn\u00e9e de fleurs dindonner, avec la b\u00e9n\u00e9diction de la justice, devant micros et cam\u00e9ras\u00a0: \u00ab <em>On a heurt\u00e9 la sensibilit\u00e9 des cathos\u00a0? Rien \u00e0 foutre&#8230; Le d\u00e9lit de blasph\u00e8me n\u2019existe plus\u00a0!\u00a0<\/em>\u00bb Deux claques, et au lit\u00a0!<\/p>\n<p>Fid\u00e8le \u00e0 lui-m\u00eame, mon <em>T\u00e9l\u00e9rama<\/em> s\u2019\u00e9touffe au spectacle de ces tendrons qui pr\u00e9tendent \u00ab\u00a0<em>opposer certaines valeurs de l\u2019Eglise \u00e0 l\u2019\u00e9volution<\/em> manifeste <em>de notre soci\u00e9t\u00e9\u00a0<\/em>\u00bb. Autrement dit\u00a0: pas la peine d\u2019\u00eatre jeunes si c\u2019est pour penser comme \u00e7a\u00a0!<\/p>\n<p>En toute fin de doc l\u2019auteur, songeant sans doute \u00e0 sa carri\u00e8re, reprend \u00e0 son compte cet argument absurde de l\u2019hebdo ex-catho-mais-toujours-de-gauche\u00a0: \u00ab\u00a0<em>Le combat de ces jeunes fait-il encore sens aujourd\u2019hui\u00a0? <\/em>s\u2019interroge gravement la voix off. <em>La soci\u00e9t\u00e9 \u00e9volue\u00a0; leurs id\u00e9es, elles, ne bougent pas\u2026<\/em>\u00a0\u00bb Et le progressisme, il bouge encore\u00a0?<\/p>\n<p>[Publi\u00e9 dans <em>Valeurs Actuelles<\/em>]<\/p>\n","protected":false},"excerpt":{"rendered":"<p>On ne remerciera jamais assez Mme Taubira\u00a0! Gr\u00e2ce \u00e0 elle, le catholicisme fran\u00e7ais a trouv\u00e9 une nouvelle jeunesse\u2026 Cathos, nouvelle g\u00e9n\u00e9ration\u00a0: le documentaire diffus\u00e9 l\u2019autre mardi sur LCP est in\u00e9dit \u00e0 plus d\u2019un titre. Non seulement c\u2019est sa premi\u00e8re diffusion, mais il tranche par un souci d\u2019honn\u00eatet\u00e9 plut\u00f4t rare sur le sujet. \u00c0 travers trois [&hellip;]<\/p>\n","protected":false},"author":9,"featured_media":0,"comment_status":"open","ping_status":"open","sticky":false,"template":"","format":"standard","meta":{"footnotes":""},"categories":[1],"tags":[689,554,688],"class_list":{"0":"post-2144","1":"post","2":"type-post","3":"status-publish","4":"format-standard","6":"category-non-classe","7":"tag-civitas","8":"tag-femen","9":"tag-manif-pour-tous"},"_links":{"self":[{"href":"https:\/\/blog.causeur.fr\/asiledeblog\/wp-json\/wp\/v2\/posts\/2144","targetHints":{"allow":["GET"]}}],"collection":[{"href":"https:\/\/blog.causeur.fr\/asiledeblog\/wp-json\/wp\/v2\/posts"}],"about":[{"href":"https:\/\/blog.causeur.fr\/asiledeblog\/wp-json\/wp\/v2\/types\/post"}],"author":[{"embeddable":true,"href":"https:\/\/blog.causeur.fr\/asiledeblog\/wp-json\/wp\/v2\/users\/9"}],"replies":[{"embeddable":true,"href":"https:\/\/blog.causeur.fr\/asiledeblog\/wp-json\/wp\/v2\/comments?post=2144"}],"version-history":[{"count":0,"href":"https:\/\/blog.causeur.fr\/asiledeblog\/wp-json\/wp\/v2\/posts\/2144\/revisions"}],"wp:attachment":[{"href":"https:\/\/blog.causeur.fr\/asiledeblog\/wp-json\/wp\/v2\/media?parent=2144"}],"wp:term":[{"taxonomy":"category","embeddable":true,"href":"https:\/\/blog.causeur.fr\/asiledeblog\/wp-json\/wp\/v2\/categories?post=2144"},{"taxonomy":"post_tag","embeddable":true,"href":"https:\/\/blog.causeur.fr\/asiledeblog\/wp-json\/wp\/v2\/tags?post=2144"}],"curies":[{"name":"wp","href":"https:\/\/api.w.org\/{rel}","templated":true}]}}