{"id":2150,"date":"2015-01-12T15:57:09","date_gmt":"2015-01-12T15:57:09","guid":{"rendered":"http:\/\/blog.causeur.fr\/asiledeblog\/?p=2150"},"modified":"2021-04-26T12:57:03","modified_gmt":"2021-04-26T10:57:03","slug":"un-colosse-dans-la-creche","status":"publish","type":"post","link":"https:\/\/blog.causeur.fr\/asiledeblog\/un-colosse-dans-la-creche-2150","title":{"rendered":"Un colosse dans la cr\u00e8che"},"content":{"rendered":"<p style=\"text-align: left\" align=\"center\"><strong>Pour Jean-Fran\u00e7ois Colosimo, interdire les cr\u00e8ches, c\u2019est r\u00e9\u00e9crire l\u2019histoire de France\u00a0!<\/strong><\/p>\n<p><a href=\"http:\/\/blog.causeur.fr\/asiledeblog\/un-colosse-dans-la-creche-002150.html\/cre%cc%80che_de_noel\" rel=\"attachment wp-att-2151\"><img loading=\"lazy\" decoding=\"async\" class=\"alignleft size-medium wp-image-2151\" src=\"http:\/\/blog.causeur.fr\/asiledeblog\/files\/2015\/01\/Cre\u0300che_de_Noel-300x225.jpg\" alt=\"\" width=\"300\" height=\"225\" srcset=\"https:\/\/blog.causeur.fr\/asiledeblog\/wp-content\/uploads\/sites\/10\/2015\/01\/Cre\u0300che_de_Noel-300x225.jpg 300w, https:\/\/blog.causeur.fr\/asiledeblog\/wp-content\/uploads\/sites\/10\/2015\/01\/Cre\u0300che_de_Noel-1024x768.jpg 1024w, https:\/\/blog.causeur.fr\/asiledeblog\/wp-content\/uploads\/sites\/10\/2015\/01\/Cre\u0300che_de_Noel.jpg 1600w\" sizes=\"auto, (max-width: 300px) 100vw, 300px\" \/><\/a>De quoi vous entretenir, au lendemain des \u00ab\u00a0F\u00eates\u00a0\u00bb\u00a0? Entre la Saint-Sylvestre selon TF1 et celle de France 2, j\u2019ai longtemps balanc\u00e9. D\u2019un c\u00f4t\u00e9, avec Arthur, num\u00e9ros de cabaret, jeux dr\u00f4les et bonne humeur assur\u00e9e. De l\u2019autre, chez Patrick S\u00e9bastien, num\u00e9ros de cirque, serviettes-qui-tournent et ambiance festive garantie\u2026 Faute de pouvoir trancher, je me suis finalement r\u00e9fugi\u00e9 sur France 5 et son <em>C dans l\u2019air<\/em> sp\u00e9cial \u00ab\u00a0Cr\u00e8che\u00a0\u00bb, plus facile somme toute \u00e0 chroniquer.<!--more--><\/p>\n<p>\u00ab\u00a0<em>Zizanie autour de la cr\u00e8che<\/em>\u00a0\u00bb\u00a0: tel est le sujet, ou plus exactement le point de d\u00e9part, de ce d\u00e9bat qui tr\u00e8s vite va glisser des r\u00e9centes \u00ab\u00a0affaires\u00a0\u00bb de cr\u00e8ches \u00e0 la notion de la\u00efcit\u00e9 puis, forc\u00e9ment, \u00e0 celle de R\u00e9publique, ou de ce qu\u2019il en reste.<\/p>\n<p>Autour de la table quatre intervenants, dont un fil rouge\u00a0: Jean-Fran\u00e7ois Colosimo, \u00e9diteur, \u00e9crivain et accessoirement th\u00e9ologien. Le seul capable, apparemment, de tenir une heure durant un discours coh\u00e9rent, \u00e0 travers les zappings de la conversation. Les autres, sans vouloir critiquer, ont tendance \u00e0 se contredire ou \u00e0 se r\u00e9p\u00e9ter, quand ils ne cumulent pas.<\/p>\n<p>Pour le politologue Rapha\u00ebl Dra\u00ef, c\u2019est bien simple\u00a0! \u00c0 tous nos maux, un seul rem\u00e8de\u00a0: \u00ab\u00a0<em>revenir au texte de la loi\u00a0<\/em>\u00bb. 1905, tout 1905, rien que 1905. Sauf que depuis Aristide Briand, ladite loi n\u2019a cess\u00e9 d\u2019\u00eatre modifi\u00e9e par des dizaines d\u2019amendements, d\u00e9crets et ordonnances, sans compter les jurisprudences y aff\u00e9rentes. Alors on fait comment, Professeur\u00a0?<\/p>\n<p>Aux yeux de la philosophe Cynthia Fleury, comme son m\u00e9tier l\u2019indique, c\u2019est plus compliqu\u00e9. Bien s\u00fbr qu\u2019elle d\u00e9fend une conception ouverte-et-nuanc\u00e9e de la la\u00efcit\u00e9\u00a0; mais non sans d\u00e9noncer une race de \u00ab\u00a0traditionalistes-identitaires\u00a0\u00bb qui chercheraient, para\u00eet-il, \u00e0 l\u2019\u00a0\u00ab\u00a0<em>instrumenter<\/em>\u00a0\u00bb (sic).<\/p>\n<p>Rien \u00e0 dire sur le chroniqueur catho Michel Cool\u00a0; comme son nom l\u2019indique, il se garde de contredire quiconque, tout en formulant \u00e7a et l\u00e0 quelques observations de bon sens. Mais ind\u00e9niablement, c\u2019est le Colos qui m\u00e8ne la danse. Seul de cet ar\u00e9opage il sait remonter de l\u2019effet aux causes, et faute de v\u00e9ritables interlocuteurs sur le plateau, il trouvera chemin faisant des contradicteurs de poids\u00a0: les \u00ab\u00a0<em>Libres Penseurs\u00a0<\/em>\u00bb, auxquels l\u2019\u00e9mission donne g\u00e9n\u00e9reusement la parole au cours de trois reportages, pour notre plus grand bonheur.<\/p>\n<p>On les croyait disparus, ces bouffeurs de cur\u00e9s, au moins depuis les Ann\u00e9es folles\u2026 Erreur\u00a0! Les revoil\u00e0 soudain, d\u00e9cryog\u00e9nis\u00e9s et m\u00eame chauds comme la braise. Ils sont \u00e0 l\u2019origine des r\u00e9centes plaintes contre les cr\u00e8ches, et toujours avec leur fameux slogan d\u2019\u00e9poque\u00a0: \u00ab\u00a0<em>Ni dieu ni ma\u00eetre\u00a0! \u00c0 bas la Calotte et vive la Sociale\u00a0!\u00a0<\/em>\u00bb<\/p>\n<p>Au-del\u00e0 des cr\u00e8ches-pr\u00e9textes, le cl\u00e9ricalisme, voil\u00e0 l\u2019ennemi\u00a0! Il faut entendre la col\u00e8re de Monsieur Tribouillard, responsable local de cette v\u00e9n\u00e9rable association, face aux cloches de l\u2019Angelus \u00e0 Melun. Rien d\u2019autre \u00e0 ses oreilles que de la \u00ab\u00a0<em>propagande<\/em>\u00a0\u00bb, dont il r\u00e9clame au maire l\u2019\u00a0\u00ab\u00a0<em>interdiction<\/em>\u00a0\u00bb dans une lettre recommand\u00e9e bien envoy\u00e9e\u00a0!<\/p>\n<p>La Libre Pens\u00e9e\u00a0? Colosimo la remet \u00e0 sa place d\u2019un mot\u00a0: \u00ab\u00a0<em>un mouvement pass\u00e9, d\u00e9pass\u00e9, tr\u00e9pass\u00e9.<\/em>\u00a0\u00bb La vraie crise, estime-t-il, c\u2019est celle de la la\u00efcit\u00e9, donc de la R\u00e9publique, donc de la France.\u00a0La<em> \u00ab\u00a0la\u00efcit\u00e9 \u00e0 la fran\u00e7aise\u00a0\u00bb<\/em> s\u2019appuyait sur la R\u00e9publique et son aura symbolique\u00a0; or celle-ci s\u2019est trouv\u00e9e ruin\u00e9e depuis, tant par les communautarismes d\u2019en bas que par les mauvais exemples venus d\u2019en haut \u2013 \u00ab\u00a0<em>sans m\u00eame parler de la vie priv\u00e9e\u2026<\/em>\u00a0\u00bb. La seule question qui reste, selon l\u2019ami Jean-Fran\u00e7ois, c\u2019est\u00a0: \u00ab\u00a0<em>Qu\u2019est-ce encore qu\u2019\u00eatre un citoyen fran\u00e7ais\u00a0?\u00a0\u00bb <\/em>De fait, qu\u2019est-ce qui pourrait bien relier encore entre eux un agglom\u00e9rat de gens sans foi ni loi communes\u2026?<\/p>\n<p>Au pire, estime Colosimo, m\u00eame l\u2019esp\u00e8ce de post-la\u00efcit\u00e9 communautaris\u00e9e qu\u2019on semble nous pr\u00e9parer ne saurait se constituer au d\u00e9triment des catholiques, qui ont d\u00e9j\u00e0 pay\u00e9 le plus lourd tribut \u00e0 la la\u00efcit\u00e9. Comme il dit mieux que moi\u00a0: \u00ab\u00a0<em>On ne peut pas<\/em>\u00a0refaire le match <em>de mille ans d\u2019Histoire\u00a0<\/em>\u00bb.<\/p>\n<p>[Publi\u00e9 dans <em>Valeurs Actuelles<\/em>]<\/p>\n","protected":false},"excerpt":{"rendered":"<p>Pour Jean-Fran\u00e7ois Colosimo, interdire les cr\u00e8ches, c\u2019est r\u00e9\u00e9crire l\u2019histoire de France\u00a0! De quoi vous entretenir, au lendemain des \u00ab\u00a0F\u00eates\u00a0\u00bb\u00a0? Entre la Saint-Sylvestre selon TF1 et celle de France 2, j\u2019ai longtemps balanc\u00e9. D\u2019un c\u00f4t\u00e9, avec Arthur, num\u00e9ros de cabaret, jeux dr\u00f4les et bonne humeur assur\u00e9e. De l\u2019autre, chez Patrick S\u00e9bastien, num\u00e9ros de cirque, serviettes-qui-tournent et [&hellip;]<\/p>\n","protected":false},"author":9,"featured_media":0,"comment_status":"open","ping_status":"open","sticky":false,"template":"","format":"standard","meta":{"footnotes":""},"categories":[1],"tags":[496,694],"class_list":{"0":"post-2150","1":"post","2":"type-post","3":"status-publish","4":"format-standard","6":"category-non-classe","7":"tag-jean-francois-colosimo","8":"tag-libre-pensee"},"_links":{"self":[{"href":"https:\/\/blog.causeur.fr\/asiledeblog\/wp-json\/wp\/v2\/posts\/2150","targetHints":{"allow":["GET"]}}],"collection":[{"href":"https:\/\/blog.causeur.fr\/asiledeblog\/wp-json\/wp\/v2\/posts"}],"about":[{"href":"https:\/\/blog.causeur.fr\/asiledeblog\/wp-json\/wp\/v2\/types\/post"}],"author":[{"embeddable":true,"href":"https:\/\/blog.causeur.fr\/asiledeblog\/wp-json\/wp\/v2\/users\/9"}],"replies":[{"embeddable":true,"href":"https:\/\/blog.causeur.fr\/asiledeblog\/wp-json\/wp\/v2\/comments?post=2150"}],"version-history":[{"count":0,"href":"https:\/\/blog.causeur.fr\/asiledeblog\/wp-json\/wp\/v2\/posts\/2150\/revisions"}],"wp:attachment":[{"href":"https:\/\/blog.causeur.fr\/asiledeblog\/wp-json\/wp\/v2\/media?parent=2150"}],"wp:term":[{"taxonomy":"category","embeddable":true,"href":"https:\/\/blog.causeur.fr\/asiledeblog\/wp-json\/wp\/v2\/categories?post=2150"},{"taxonomy":"post_tag","embeddable":true,"href":"https:\/\/blog.causeur.fr\/asiledeblog\/wp-json\/wp\/v2\/tags?post=2150"}],"curies":[{"name":"wp","href":"https:\/\/api.w.org\/{rel}","templated":true}]}}