{"id":2156,"date":"2015-01-28T10:04:03","date_gmt":"2015-01-28T10:04:03","guid":{"rendered":"http:\/\/blog.causeur.fr\/asiledeblog\/?p=2156"},"modified":"2021-04-26T12:57:03","modified_gmt":"2021-04-26T10:57:03","slug":"la-deuxieme-mort-de-james-dean","status":"publish","type":"post","link":"https:\/\/blog.causeur.fr\/asiledeblog\/la-deuxieme-mort-de-james-dean-2156","title":{"rendered":"La deuxi\u00e8me mort de James Dean"},"content":{"rendered":"<p><strong>Dans la \u00ab\u00a0bio romanc\u00e9e\u00a0\u00bb consacr\u00e9e par Philippe Besson \u00e0 James Dean, on n\u2019apprend rien de nouveau sur l\u2019acteur, mais tout sur les fantasmes de l\u2019auteur.<\/strong><\/p>\n<p><a href=\"http:\/\/blog.causeur.fr\/asiledeblog\/la-deuxieme-mort-de-james-dean-002156.html\/james_dean_phillie_besson_capture_decran_france_2\" rel=\"attachment wp-att-2157\"><img loading=\"lazy\" decoding=\"async\" class=\"alignleft size-medium wp-image-2157\" src=\"http:\/\/blog.causeur.fr\/asiledeblog\/files\/2015\/01\/james_dean_phillie_besson_capture_decran_france_2-300x216.jpg\" alt=\"\" width=\"300\" height=\"216\" srcset=\"https:\/\/blog.causeur.fr\/asiledeblog\/wp-content\/uploads\/sites\/10\/2015\/01\/james_dean_phillie_besson_capture_decran_france_2-300x216.jpg 300w, https:\/\/blog.causeur.fr\/asiledeblog\/wp-content\/uploads\/sites\/10\/2015\/01\/james_dean_phillie_besson_capture_decran_france_2.jpg 638w\" sizes=\"auto, (max-width: 300px) 100vw, 300px\" \/><\/a>Parmi les invit\u00e9s d<em>\u2019On n\u2019est pas couch\u00e9<\/em> l\u2019autre samedi, j\u2019ai eu le plaisir de retrouver Philippe Besson &#8211; \u00e0 ne surtout pas confondre avec son homonyme Patrick, romancier moins dou\u00e9 pour l\u2019engagement mais un peu plus pour l\u2019\u00e9criture.<!--more--><\/p>\n<p>Le mois dernier, ici m\u00eame, j\u2019avais d\u00e9j\u00e0 \u00e9voqu\u00e9 ce personnage, auteur pour France 2 d\u2019un documentaire r\u00e9solument engag\u00e9 contre l\u2019homophobie, et radicalement autocontradictoire. En gros, La Manif pour tous \u00e9tait seule responsable de la recrudescence de cette discrimination &#8211; sauf que tous les \u00ab\u00a0<em>t\u00e9moins<\/em>\u00a0\u00bb t\u00e9moignaient du contraire.<\/p>\n<p>De ce remarquable foirage, je fus le dernier surpris. J\u2019avais d\u00e9j\u00e0 pu voir, \u00ab\u00a0<em>du m\u00eame auteur dans la m\u00eame collection\u00a0<\/em>\u00bb, d\u2019autres \u00ab\u00a0documenteurs\u00a0\u00bb aussi consensuels que vari\u00e9s sur <em>Mai 68<\/em>, <em>Le strip-tease<\/em>, <em>Lacan<\/em> et \u2026 Ruquier en personne.<\/p>\n<p>Ce samedi soir, c\u2019est en tant qu\u2019\u00e9crivain que Laurent re\u00e7oit son ami Philippe. Pour le pr\u00e9senter, notre bateleur se met m\u00eame \u00e0 parler comme un livre\u00a0: \u00ab\u00a0<em>Il s\u2019est inscrit dans le paysage litt\u00e9raire en publiant un roman par an depuis quinze ans\u2026\u00a0<\/em>\u00bb Mais \u00e0 ce compte-l\u00e0, Mlle Cartland aurait m\u00e9rit\u00e9 le Nobel\u00a0!<\/p>\n<p>Probl\u00e8me pour Besson\u00a0: en ce lendemain de massacre \u00e0 <em>Charlie<\/em> <em>Hebdo<\/em>, avant de faire sa promo, il est bien oblig\u00e9 de \u00ab\u00a0dire un mot\u00a0<em>\u00bb<\/em>. Il en aura m\u00eame trois\u00a0: \u00ab\u00a0<em>sid\u00e9ration<\/em>\u00a0\u00bb, \u00ab\u00a0<em>effroi<\/em>\u00a0\u00bb, \u00ab\u00a0<em>stupeur<\/em>\u00a0\u00bb. Le tout, h\u00e9las, sonne un peu faux\u00a0; on dirait un \u00e9l\u00e8ve de premi\u00e8re ann\u00e9e de th\u00e9\u00e2tre exp\u00e9rimental.<\/p>\n<p>Par chance chez Philippe, comme il le dit lui-m\u00eame, tr\u00e8s vite \u00ab\u00a0<em>l\u2019\u00e9motion fait place \u00e0 la r\u00e9flexion\u00a0<\/em>\u00bb. <em>\u00ab\u00a0Ils ont tu\u00e9 l\u2019intelligence, l\u2019irr\u00e9v\u00e9rence, l\u2019insolence\u2026 Mais puisqu\u2019ils <strong>nous<\/strong><\/em> <em>veulent morts, il faut que<\/em> <strong><em>nous<\/em><\/strong><em> soyons vivants\u00a0!\u00a0<\/em>\u00bb On l\u2019aura compris\u00a0: ce <em>nous<\/em> qui est l\u2019intelligence, non seulement Besson en fait partie, mais il croit l\u2019incarner lorsqu\u2019il d\u00e9clame solennellement\u00a0: \u00ab\u00a0<em>La meilleur r\u00e9ponse \u00e0 la mort, c\u2019est la vie !<\/em>\u00a0\u00bb De fait, il fallait y penser.<\/p>\n<p>Apr\u00e8s ce passage oblig\u00e9, enfin la r\u00e9cr\u00e9\u00a0! Pour nous pr\u00e9senter son \u00ab\u00a0petit dernier\u00a0\u00bb sur James Dean, l\u2019auteur se lance avec l\u2019animateur dans une surench\u00e8re de \u00ab\u00a0r\u00e9v\u00e9lations\u00a0\u00bb croustillantes, quoi que romanc\u00e9es, sur la vie (bi)sexuelle de son h\u00e9ros.<\/p>\n<p>Philippe\u00a0: \u00ab\u00a0<em>Hommes ou femmes, James Dean couche utile\u00a0!\u00a0<\/em>\u00bb Laurent\u00a0: \u00ab\u00a0<em>C\u2019est une pute\u00a0!\u00a0<\/em>\u00bb Philippe\u00a0: \u00ab\u00a0<em>Ouiiii\u00a0!\u00a0<\/em>\u00bb Laurent\u00a0: \u00ab\u00a0<em>D\u2019ailleurs c\u2019est \u00e7a, hein, l\u2019histoire du parking o\u00f9 il drague un publicitaire\u2026\u00a0<\/em>\u00bb Philippe\u00a0: \u00ab\u00a0 <em>Oui, ils font leur affaire, et ensuite l\u2019autre lui fera tourner ses premiers spots publicitaires\u2026<\/em>\u00a0\u00bb<\/p>\n<p>\u00ab\u00a0<em>Cela dit, <\/em>relance Ruquier<em>, \u00a0c\u2019\u00e9tait pas un super coup sexuellement, hein\u00a0?\u00a0<\/em>\u00bb \u00a0\u2013 \u00ab\u00a0<em>Les femmes disent qu\u2019il \u00e9tait pas terrible au lit, <\/em>confirme Besson\u00a0<em>; mais je pense qu\u2019avec les hommes, c\u2019\u00e9tait un peu mieux\u2026\u00a0<\/em>\u00bb \u00ab\u00a0<em>Fantasme d\u2019homosexuel\u00a0!\u00a0<\/em>\u00bb interrompt L\u00e9a Salam\u00e9. Mais cette remarque ne fait qu\u2019\u00e9gayer plus encore nos deux lurons, tout \u00e0 leur affaire.<\/p>\n<p>\u00ab\u00a0<em>\u00c0 un moment<\/em>, pouffe Laurent, j\u2019ai <em>m\u00eame \u00e9t\u00e9 choqu\u00e9\u00a0! J\u2019ai \u00e9crit<\/em> \u00ab\u00a0Oh\u00a0!\u00a0\u00bb <em>dans la marge..<\/em>.\u00a0\u00bb &#8211; <em>\u00ab\u00a0Ah oui, <\/em>rebondit l\u2019autre, aux anges. <em>C\u2019est quand il y a fellation et sodomie, non\u00a0?<\/em>\u00a0\u00bb\u2013 \u00ab\u00a0<em>Voil\u00e0, j\u2019ai retrouv\u00e9 le passage\u00a0!<\/em>\u00a0\u00bb s\u2019exclame Laurent\u2026 \u00a0Et de nous livrer de larges extraits d\u2019une sc\u00e8ne hot, \u00ab\u00a0<em>reconstitu\u00e9e\u00a0<\/em>\u00bb par l\u2019auteur, entre James Dean et un ami\u2026<\/p>\n<p>Au milieu de tout \u00e7a, c\u2019est quand m\u00eame l\u2019intervention d\u2019Aymeric Caron la plus pertinente. Que dit donc ce m\u00e9chant de com\u00e9die\u00a0? La stricte v\u00e9rit\u00e9, h\u00e9las\u00a0: faute du moindre \u00e9l\u00e9ment nouveau, il ne s\u2019agit pas l\u00e0 d\u2019une \u00e9ni\u00e8me bio, m\u00eame romanc\u00e9e, mais d\u2019un \u00ab\u00a0<em>faux reportage documentaire\u00a0<\/em>\u00bb. (D\u00e9cid\u00e9ment, \u00e7a devient la sp\u00e9cialit\u00e9 de Philippe\u2026)<\/p>\n<p>\u00c0 quoi bon bouder son plaisir\u00a0? En ce qui me concerne, vous connaissez mon ouverture d\u2019esprit\u00a0! Pour d\u00e9gonfler une baudruche comme ce Besson-l\u00e0, je suis pr\u00eat \u00e0 faire fl\u00e8che de tout Caron. Et inversement.<\/p>\n<p>[Publi\u00e9 dans <em>Valeurs Actuelles<\/em>]<\/p>\n","protected":false},"excerpt":{"rendered":"<p>Dans la \u00ab\u00a0bio romanc\u00e9e\u00a0\u00bb consacr\u00e9e par Philippe Besson \u00e0 James Dean, on n\u2019apprend rien de nouveau sur l\u2019acteur, mais tout sur les fantasmes de l\u2019auteur. Parmi les invit\u00e9s d\u2019On n\u2019est pas couch\u00e9 l\u2019autre samedi, j\u2019ai eu le plaisir de retrouver Philippe Besson &#8211; \u00e0 ne surtout pas confondre avec son homonyme Patrick, romancier moins dou\u00e9 [&hellip;]<\/p>\n","protected":false},"author":9,"featured_media":0,"comment_status":"open","ping_status":"open","sticky":false,"template":"","format":"standard","meta":{"footnotes":""},"categories":[1],"tags":[698,697],"class_list":{"0":"post-2156","1":"post","2":"type-post","3":"status-publish","4":"format-standard","6":"category-non-classe","7":"tag-james-dean","8":"tag-philippe-besson"},"_links":{"self":[{"href":"https:\/\/blog.causeur.fr\/asiledeblog\/wp-json\/wp\/v2\/posts\/2156","targetHints":{"allow":["GET"]}}],"collection":[{"href":"https:\/\/blog.causeur.fr\/asiledeblog\/wp-json\/wp\/v2\/posts"}],"about":[{"href":"https:\/\/blog.causeur.fr\/asiledeblog\/wp-json\/wp\/v2\/types\/post"}],"author":[{"embeddable":true,"href":"https:\/\/blog.causeur.fr\/asiledeblog\/wp-json\/wp\/v2\/users\/9"}],"replies":[{"embeddable":true,"href":"https:\/\/blog.causeur.fr\/asiledeblog\/wp-json\/wp\/v2\/comments?post=2156"}],"version-history":[{"count":0,"href":"https:\/\/blog.causeur.fr\/asiledeblog\/wp-json\/wp\/v2\/posts\/2156\/revisions"}],"wp:attachment":[{"href":"https:\/\/blog.causeur.fr\/asiledeblog\/wp-json\/wp\/v2\/media?parent=2156"}],"wp:term":[{"taxonomy":"category","embeddable":true,"href":"https:\/\/blog.causeur.fr\/asiledeblog\/wp-json\/wp\/v2\/categories?post=2156"},{"taxonomy":"post_tag","embeddable":true,"href":"https:\/\/blog.causeur.fr\/asiledeblog\/wp-json\/wp\/v2\/tags?post=2156"}],"curies":[{"name":"wp","href":"https:\/\/api.w.org\/{rel}","templated":true}]}}