{"id":2159,"date":"2015-02-03T15:28:55","date_gmt":"2015-02-03T15:28:55","guid":{"rendered":"http:\/\/blog.causeur.fr\/asiledeblog\/?p=2159"},"modified":"2021-04-26T12:57:03","modified_gmt":"2021-04-26T10:57:03","slug":"un-homme-libre-nomme-onfray","status":"publish","type":"post","link":"https:\/\/blog.causeur.fr\/asiledeblog\/un-homme-libre-nomme-onfray-2159","title":{"rendered":"Un homme libre nomm\u00e9 Onfray"},"content":{"rendered":"<p style=\"text-align: left\" align=\"center\"><strong><em>Th\u00e9orie du genre, \u00ab\u00a0islamophobie\u00a0\u00bb\u00a0: Onfray prouve qu\u2019on peut \u00eatre de gauche et rebelle au d\u00e9sordre \u00e9tabli\u2026<\/em><\/strong><\/p>\n<p style=\"text-align: left\" align=\"center\"><a href=\"http:\/\/blog.causeur.fr\/asiledeblog\/un-homme-libre-nomme-onfray-002159.html\/onfray_capture-3\" rel=\"attachment wp-att-2162\"><img loading=\"lazy\" decoding=\"async\" class=\"alignleft size-medium wp-image-2162\" src=\"http:\/\/blog.causeur.fr\/asiledeblog\/files\/2015\/02\/onfray_capture2-300x162.jpg\" alt=\"\" width=\"300\" height=\"162\" srcset=\"https:\/\/blog.causeur.fr\/asiledeblog\/wp-content\/uploads\/sites\/10\/2015\/02\/onfray_capture2-300x162.jpg 300w, https:\/\/blog.causeur.fr\/asiledeblog\/wp-content\/uploads\/sites\/10\/2015\/02\/onfray_capture2.jpg 638w\" sizes=\"auto, (max-width: 300px) 100vw, 300px\" \/><\/a><\/p>\n<p style=\"text-align: left\">Au lendemain des massacres djihadistes, j\u2019ai suivi avec int\u00e9r\u00eat, entre autres, les r\u00e9actions de Michel Onfray, qu\u2019on a pu voir successivement chez <em>Zemmour &amp; Naulleau<\/em> puis dans <em>On n\u2019est pas couch\u00e9<\/em>.<\/p>\n<p style=\"text-align: left\">\u00a0\u00a0\u00a0\u00a0\u00a0\u00a0\u00a0\u00a0 Chez Ruquier, que vous raconter\u00a0? Notre philosophe n\u2019aura gu\u00e8re eu le temps de d\u00e9velopper sa pens\u00e9e. \u00c0 chaque virgule, il est somm\u00e9 par le duo Salam\u00e9-Caron de se d\u00e9fendre de l\u2019infamante imputation d\u2019\u00a0\u00ab\u00a0<em>islamophobie<\/em>\u00a0\u00bb, le pauvre\u00a0! C\u2019est particuli\u00e8rement injuste pour lui qui, dans son trop fameux <em>Trait\u00e9 d\u2019ath\u00e9ologie<\/em>, mettait un point d\u2019honneur \u00e0 balancer dans la m\u00eame poubelle\u00a0les \u00ab\u00a0trois monoth\u00e9ismes\u00a0\u00bb &#8211; avec m\u00eame une petite dilection pour l\u2019anti-christianisme primaire.<\/p>\n<p style=\"text-align: left\">\u00a0\u00a0\u00a0\u00a0\u00a0\u00a0\u00a0\u00a0 Eh bien, \u00e7a ne suffit pas\u00a0! Pour plaire ce soir-l\u00e0, Onfray aurait d\u00fb au moins opiner du chef quand Caron d\u00e9cr\u00e9ta, la main sur la m\u00e8che, au nom d\u2019un plateau unanime\u00a0: \u00ab\u00a0<em>Ces attentats, \u00e7a n\u2019a rien \u00e0 voir avec l\u2019islam\u00a0!\u00a0<\/em>\u00bb. Mais \u00e7a, c\u2019est au-dessus de ses forces\u2026<\/p>\n<p style=\"text-align: left\">\u00a0\u00a0\u00a0\u00a0\u00a0\u00a0\u00a0\u00a0 Ce que Michel tente de faire entendre, entre deux interruptions, c\u2019est le distinguo n\u00e9cessaire entre un Coran aux sourates un peu souvent guerri\u00e8res et la pratique paisible de la plupart des musulmans.<\/p>\n<p style=\"text-align: left\">\u00a0\u00a0\u00a0\u00a0\u00a0\u00a0\u00a0\u00a0 Mais le philosophe tombe mal, avec ses emberlificotages. Ce samedi chez Ruquier, c\u2019est soir\u00e9e t-shirt mouill\u00e9 de sang, 100 %<em> Charlie<\/em>, avec quand m\u00eame un capitaine de soir\u00e9e pour rappeler le mot d\u2019ordre\u00a0<em>anti-islamophobe<\/em> de rigueur : \u00ab\u00a0Pas d\u2019amalgame\u00a0!\u00a0\u00bb \u00c0 quoi bon vouloir approfondir le d\u00e9bat, quand il n\u2019y en a pas\u00a0?<\/p>\n<p style=\"text-align: left\">\u00a0\u00a0\u00a0\u00a0\u00a0\u00a0\u00a0\u00a0 Cela dit, chaque \u00e9mission a son int\u00e9r\u00eat, pour peu qu\u2019on ait quelque chose \u00e0 dire ou \u00e0 vendre, et surtout les nerfs solides. Apr\u00e8s, il suffit de s\u2019adapter\u00a0: plus on parle au grand nombre, moins on peut faire passer d\u2019id\u00e9es\u2026 Comme disait superbement ce misanthrope d\u2019Anouilh, refusant justement de causer dans le poste, \u00ab\u00a0<em>je n\u2019ai rien \u00e0 dire \u00e0 tout le monde<\/em>\u00a0\u00bb.<\/p>\n<p style=\"text-align: left\">\u00a0\u00a0\u00a0\u00a0\u00a0\u00a0\u00a0\u00a0 \u00c0 cet \u00e9gard, la visite d\u2019Onfray chez <em>Zemmour &amp; Naulleau<\/em> sur Paris Premi\u00e8re est le compl\u00e9ment parfait de sa prestation dans le show de France 2. Sous l\u2019aimable arbitrage de Naulleau, on assiste l\u00e0 \u00e0 une controverse autrement int\u00e9ressante, entre Onfray le sulfureux et Zemmour le caram\u00e9lis\u00e9.<\/p>\n<p style=\"text-align: left\">\u00a0\u00a0\u00a0\u00a0\u00a0\u00a0\u00a0\u00a0 Comme Valeurs actuelles vous le contait tout r\u00e9cemment (n\u00b0 4076), depuis\u00a0 tant\u00f4t un an Michel se retrouve, \u00e0 son corps d\u00e9fendant, intern\u00e9 dans le camp des \u00ab\u00a0<em>nouveaux r\u00e9acs\u00a0<\/em>\u00bb. Son crime\u00a0? Avoir moqu\u00e9, dans une chronique, ces \u00e9coles o\u00f9 l\u2019on voudrait enseigner la\u00a0th\u00e9orie du genre avant la lecture\u2026<\/p>\n<p style=\"text-align: left\">\u00a0\u00a0\u00a0\u00a0\u00a0\u00a0\u00a0\u00a0 Ce n\u2019est pas bien, certes\u00a0; ce genre de blague est <em>r\u00e9ac<\/em>, Onfray devrait le savoir. Mais de toute fa\u00e7on, ce ne fut qu\u2019un pr\u00e9texte\u00a0: depuis quelques ann\u00e9es d\u00e9j\u00e0, le camp du Bien l\u2019attendait au tournant\u2026 Quelle mouche l\u2019avait piqu\u00e9, aussi\u00a0? Apr\u00e8s avoir <em>correctement<\/em> d\u00e9construit trois religions mill\u00e9naires, pourquoi s\u2019en prendre soudain aux derni\u00e8res idoles de notre Occident couchant (Freud, Sartre, Sade\u2026)\u00a0?<\/p>\n<p style=\"text-align: left\">\u00a0\u00a0\u00a0\u00a0\u00a0\u00a0\u00a0\u00a0 Le r\u00e9ac chef Zemmour accueille avec une empathie \u00e0 peine teint\u00e9e d\u2019ironie ce \u00ab\u00a0malgr\u00e9-nous\u00a0\u00bb, qui apparemment ne comprend toujours pas ce qui lui est arriv\u00e9. Lui, l\u2019\u00a0\u00ab\u00a0<em>homme de gauche\u00a0<\/em>\u00bb qui voulait juste \u00ab\u00a0<em>poser la question de l\u2019islam de fa\u00e7on la\u00efque<\/em>\u00a0\u00bb&#8230; Sauf que penser\u00a0 la\u00efc c\u2019est penser fran\u00e7ais, comme lui souffle ce diable d\u2019Eric, puisqu\u2019aussi bien la \u00ab\u00a0la\u00efcit\u00e9 \u00e0 la fran\u00e7aise\u00a0\u00bb n\u2019a pas d\u2019\u00e9quivalent dans le monde.<\/p>\n<p style=\"text-align: left\">\u00a0\u00a0\u00a0\u00a0\u00a0\u00a0\u00a0\u00a0 Ce qui inqui\u00e8te ses ex-amies chenilles, c\u2019est de voir Onfray se transformer en papillon. Dieu sait qu\u2019il a boug\u00e9 dans son cocon, et dans le bon sens, depuis ses premi\u00e8res contorsions de rebelle cynique ou d\u2019ath\u00e9e int\u00e9griste. Et pourtant, il reste emp\u00eatr\u00e9 dans son r\u00eave de \u00ab\u00a0<em>3<sup>e<\/sup> gauche<\/em> <em>libertaire, fouri\u00e9riste et proudhonienne\u2026<\/em>\u00a0\u00bb &#8211; \u00ab\u00a0<em>Celle qui perd toutes ses guerres, toujours \u00e9cras\u00e9e par d\u2019autres gauches\u00a0!\u00a0\u00bb <\/em>ironise m\u00e9chamment Zemmour.<\/p>\n<p style=\"text-align: left\">\u00a0\u00a0\u00a0\u00a0\u00a0\u00a0\u00a0\u00a0 Un de ces jours, Onfray finira bien par se l\u2019avouer\u00a0: par les temps qui courent, il devient difficile d\u2019\u00eatre \u00e0 la fois intelligent, honn\u00eate et de gauche.<\/p>\n<p style=\"text-align: left\">\n<p style=\"text-align: left\">Publi\u00e9 dans Valeurs Actuelles<\/p>\n","protected":false},"excerpt":{"rendered":"<p>Th\u00e9orie du genre, \u00ab\u00a0islamophobie\u00a0\u00bb\u00a0: Onfray prouve qu\u2019on peut \u00eatre de gauche et rebelle au d\u00e9sordre \u00e9tabli\u2026 Au lendemain des massacres djihadistes, j\u2019ai suivi avec int\u00e9r\u00eat, entre autres, les r\u00e9actions de Michel Onfray, qu\u2019on a pu voir successivement chez Zemmour &amp; Naulleau puis dans On n\u2019est pas couch\u00e9. \u00a0\u00a0\u00a0\u00a0\u00a0\u00a0\u00a0\u00a0 Chez Ruquier, que vous raconter\u00a0? Notre philosophe [&hellip;]<\/p>\n","protected":false},"author":9,"featured_media":0,"comment_status":"open","ping_status":"open","sticky":false,"template":"","format":"standard","meta":{"footnotes":""},"categories":[1],"tags":[150],"class_list":{"0":"post-2159","1":"post","2":"type-post","3":"status-publish","4":"format-standard","6":"category-non-classe","7":"tag-michel-onfray"},"_links":{"self":[{"href":"https:\/\/blog.causeur.fr\/asiledeblog\/wp-json\/wp\/v2\/posts\/2159","targetHints":{"allow":["GET"]}}],"collection":[{"href":"https:\/\/blog.causeur.fr\/asiledeblog\/wp-json\/wp\/v2\/posts"}],"about":[{"href":"https:\/\/blog.causeur.fr\/asiledeblog\/wp-json\/wp\/v2\/types\/post"}],"author":[{"embeddable":true,"href":"https:\/\/blog.causeur.fr\/asiledeblog\/wp-json\/wp\/v2\/users\/9"}],"replies":[{"embeddable":true,"href":"https:\/\/blog.causeur.fr\/asiledeblog\/wp-json\/wp\/v2\/comments?post=2159"}],"version-history":[{"count":0,"href":"https:\/\/blog.causeur.fr\/asiledeblog\/wp-json\/wp\/v2\/posts\/2159\/revisions"}],"wp:attachment":[{"href":"https:\/\/blog.causeur.fr\/asiledeblog\/wp-json\/wp\/v2\/media?parent=2159"}],"wp:term":[{"taxonomy":"category","embeddable":true,"href":"https:\/\/blog.causeur.fr\/asiledeblog\/wp-json\/wp\/v2\/categories?post=2159"},{"taxonomy":"post_tag","embeddable":true,"href":"https:\/\/blog.causeur.fr\/asiledeblog\/wp-json\/wp\/v2\/tags?post=2159"}],"curies":[{"name":"wp","href":"https:\/\/api.w.org\/{rel}","templated":true}]}}