{"id":2170,"date":"2015-02-24T10:12:53","date_gmt":"2015-02-24T10:12:53","guid":{"rendered":"http:\/\/blog.causeur.fr\/asiledeblog\/?p=2170"},"modified":"2021-04-26T12:57:03","modified_gmt":"2021-04-26T10:57:03","slug":"regression-du-progressisme","status":"publish","type":"post","link":"https:\/\/blog.causeur.fr\/asiledeblog\/regression-du-progressisme-2170","title":{"rendered":"R\u00e9gression du progressisme"},"content":{"rendered":"<p style=\"text-align: left\" align=\"center\"><strong>\u00ab\u00a0Retour du sacr\u00e9\u00a0\u00bb, ou pas\u00a0? Rien de tel qu\u2019un petit topo de R\u00e9gis Debray pour se faire une religion.<\/strong><\/p>\n<p><a href=\"http:\/\/blog.causeur.fr\/asiledeblog\/regression-du-progressisme-002170.html\/telesubjectif\" rel=\"attachment wp-att-2171\"><img loading=\"lazy\" decoding=\"async\" class=\"alignleft size-medium wp-image-2171\" src=\"http:\/\/blog.causeur.fr\/asiledeblog\/files\/2015\/02\/telesubjectif-300x168.jpg\" alt=\"\" width=\"300\" height=\"168\" srcset=\"https:\/\/blog.causeur.fr\/asiledeblog\/wp-content\/uploads\/sites\/10\/2015\/02\/telesubjectif-300x168.jpg 300w, https:\/\/blog.causeur.fr\/asiledeblog\/wp-content\/uploads\/sites\/10\/2015\/02\/telesubjectif.jpg 638w\" sizes=\"auto, (max-width: 300px) 100vw, 300px\" \/><\/a>R\u00e9cemment, ici-m\u00eame, je vous entretenais du R\u00e9gis Debray politique, \u00e0 propos d\u2019un court pamphlet sur l\u2019\u00e9conomisme et la R\u00e9publique (<em>L\u2019Erreur de calcul<\/em>). Le voici de retour \u00e0 l\u2019anthropologie, son refuge d\u2019altitude depuis trente ans, avec la parution d<em>\u2019Un Candide \u00e0 sa fen\u00eatre<\/em>. Dans ce deuxi\u00e8me tome d\u2019une s\u00e9rie intitul\u00e9e \u00ab\u00a0D\u00e9gagements<em>\u00a0\u00bb<\/em> il analyse, sans enthousiasme excessif, le\u00a0\u00ab\u00a0retour du religieux\u00a0\u00bb &#8211; \u00a0dans une \u00e9poque qui croyait au moins en une chose\u00a0 : s\u2019en \u00eatre d\u00e9finitivement d\u00e9barrass\u00e9e.<!--more--><\/p>\n<p>Pour l\u2019occasion Michel Field consacre \u00e0 l\u2019auteur, sur la cha\u00eene <em>Histoire,<\/em> un num\u00e9ro sp\u00e9cial de son \u00e9mission \u00ab\u00a0Historiquement show\u00a0\u00bb o\u00f9, en compagnie du th\u00e9ologien Jean-Fran\u00e7ois Colosimo, il \u00ab\u00a0accouche\u00a0\u00bb Debray. &#8211; \u00ab\u00a0<em>L\u2019\u00a0<\/em>\u00ab\u00a0intellectuel engag\u00e9\u00a0\u00bb <em>est-il vraiment devenu un intellectuel d\u00e9gag\u00e9\u00a0?\u00a0<\/em>\u00bb entame Field. \u00ab\u00a0<em>Difficile d\u2019y croire\u2026\u00a0<\/em>\u00bb De fait, l\u2019ami Debray n\u2019est pas devenu zutiste\u00a0; toujours aussi grave et ronchon, mais non sans raison.<\/p>\n<p>Entre engagement et d\u00e9gagement, il n\u2019y a d\u2019ailleurs pas contradiction pour lui. Plut\u00f4t une dialectique, tir\u00e9e de ses observations comme de son exp\u00e9rience personnelle\u00a0: impossible de s\u2019engager intelligemment sans savoir se d\u00e9gager des rumeurs de la ville et de l\u2019\u00e9poque. \u00ab\u00a0<em>Se retirer du brouhaha pour comprendre ce qui se passe.\u00a0<\/em>\u00bb<\/p>\n<p>Jusque-l\u00e0 on est d\u2019accord, j\u2019imagine. Quant au fond, Debray encha\u00eene sto\u00efquement des constats de plus en plus d\u00e9plaisants pour lui. Et d\u2019abord le plus \u00e9vident\u00a0: le religieux, \u00ab\u00a0de retour\u00a0\u00bb, ne fait que reprendre sa place. Il comble ainsi le vide laiss\u00e9 par le politique, qui lui-m\u00eame l\u2019avait remplac\u00e9 triomphalement &#8211; avant de perdre peu \u00e0 peu toute cr\u00e9dibilit\u00e9 (id\u00e9ologies \u00e0 court d\u2019id\u00e9es, pouvoirs impuissants\u2026 Je ne vous raconte pas tout.)<\/p>\n<p>Le vrai paradoxe, pour R\u00e9gis, c\u2019est la fa\u00e7on dont le progr\u00e8s technique et scientifique a \u00ab\u00a0<em>balkanis\u00e9<\/em>\u00a0\u00bb le monde \u00e0 force de l\u2019uniformiser\u00a0: \u00ab\u00a0<em>Plus on est d\u00e9racin\u00e9, plus on se recherche une identit\u00e9 -quitte \u00e0 fantasmer un retour aux origines\u00a0<\/em>\u00bb, explique- t-il\u00a0; et si vous trouvez \u00e7a banal, c\u2019est juste que vous \u00eates plus r\u00e9ac que lui.<\/p>\n<p>Quand m\u00eame, notre chercheur est accabl\u00e9 par ses propres d\u00e9couvertes. Il fait son \u00ab\u00a0travail de deuil\u00a0\u00bb, avec une rigueur intellectuelle peu commune chez ses coll\u00e8gues en cour. Attali et\u00a0Minc, par exemple, n\u2019ont jamais eu tort, du moins \u00e0 leur connaissance. Debray, lui, reconna\u00eet ses erreurs et les \u00ab\u00a0<em>d\u00e9sillusions du progr\u00e8s\u00a0<\/em>\u00bb, comme disait Aron.<\/p>\n<p>Un petit reproche quand m\u00eame\u00a0: \u00e0 force de n\u00e9gliger le qu\u2019en-dira-t-on, ce misanthropologue place parfois la barre un peu haut. Ainsi quand il explique (\u00a0?)\u00a0: \u00ab\u00a0<em>Le religieux est<\/em> <em>un point de fuite qui, en nous \u00e9levant, nous permet de nous coordonner\u00a0<\/em>\u00bb. C\u2019est dans ce genre de circonstances qu\u2019on est content quand m\u00eame de profiter du Progr\u00e8s, ne serait-ce qu\u2019en appuyant sur la touche \u00ab\u00a0Replay\u00a0\u00bb pour \u00eatre s\u00fbr d\u2019avoir compris.<\/p>\n<p>La suite du raisonnement en revanche, je l\u2019ai saisie instantan\u00e9ment\u00a0: \u00ab\u00a0<em>Toute coordination suppose une subordination\u00a0<\/em>; <em>l\u2019assujettissement \u00e0 quelqu\u2019un ou quelque chose qu\u2019il est convenu d\u2019appeler <\/em>\u00ab\u00a0sacr\u00e9\u00a0\u00bb. Mais surtout, j\u2019ai surtout appr\u00e9ci\u00e9 la chute\u00a0: \u00ab\u00a0<em>C\u2019est une tr\u00e8s mauvaise nouvelle, pour un homme de gauche comme moi\u00a0!\u00a0<\/em>\u00bb<\/p>\n<p>Dans un one man show de Gaspard Proust, \u00e7a ferait un tabac. Mais R\u00e9gis ne plaisante pas, et \u00e7a peut se comprendre. Pour un intellectuel ath\u00e9e progressiste, perdre <em>en plus<\/em> la foi dans le salut terrestre, c\u2019est la double peine. Avant moi d\u00e9j\u00e0, le R.P. de Lubac appelait \u00e7a\u00a0<em>Le drame de l\u2019humanisme ath\u00e9e<\/em>.<\/p>\n<p>Au moins Debray l\u2019assume-t-il comme une trag\u00e9die grecque, pour nous changer des com\u00e9dies germanopratines. Au fond de l\u2019impasse o\u00f9 l\u2019autocar fou du Progr\u00e8s s\u2019est encastr\u00e9 dans le\u00a0mur de la R\u00e9alit\u00e9, il fait avec celle-ci ce qu\u2019on fait dans ce cas-l\u00e0\u00a0: un constat.<\/p>\n<p>Et de prouver d\u00e9finitivement qu\u2019il est sur la bonne voie, avec une jolie conclusion sur l\u2019\u00e9mission de Field, pour laquelle il sugg\u00e8re m\u00eame un slogan\u00a0: \u00ab\u00a0<em>Int\u00e9ressez-vous \u00e0 ce qu\u2019il y avait avant, parce que c\u2019est ce qu\u2019il y aura apr\u00e8s\u00a0!<\/em>\u00a0\u00bb<\/p>\n<p>[Publi\u00e9 dans <em>Valeurs Actuelles<\/em>]<\/p>\n","protected":false},"excerpt":{"rendered":"<p>\u00ab\u00a0Retour du sacr\u00e9\u00a0\u00bb, ou pas\u00a0? Rien de tel qu\u2019un petit topo de R\u00e9gis Debray pour se faire une religion. R\u00e9cemment, ici-m\u00eame, je vous entretenais du R\u00e9gis Debray politique, \u00e0 propos d\u2019un court pamphlet sur l\u2019\u00e9conomisme et la R\u00e9publique (L\u2019Erreur de calcul). Le voici de retour \u00e0 l\u2019anthropologie, son refuge d\u2019altitude depuis trente ans, avec la [&hellip;]<\/p>\n","protected":false},"author":9,"featured_media":0,"comment_status":"open","ping_status":"open","sticky":false,"template":"","format":"standard","meta":{"footnotes":""},"categories":[1],"tags":[186],"class_list":{"0":"post-2170","1":"post","2":"type-post","3":"status-publish","4":"format-standard","6":"category-non-classe","7":"tag-regis-debray"},"_links":{"self":[{"href":"https:\/\/blog.causeur.fr\/asiledeblog\/wp-json\/wp\/v2\/posts\/2170","targetHints":{"allow":["GET"]}}],"collection":[{"href":"https:\/\/blog.causeur.fr\/asiledeblog\/wp-json\/wp\/v2\/posts"}],"about":[{"href":"https:\/\/blog.causeur.fr\/asiledeblog\/wp-json\/wp\/v2\/types\/post"}],"author":[{"embeddable":true,"href":"https:\/\/blog.causeur.fr\/asiledeblog\/wp-json\/wp\/v2\/users\/9"}],"replies":[{"embeddable":true,"href":"https:\/\/blog.causeur.fr\/asiledeblog\/wp-json\/wp\/v2\/comments?post=2170"}],"version-history":[{"count":0,"href":"https:\/\/blog.causeur.fr\/asiledeblog\/wp-json\/wp\/v2\/posts\/2170\/revisions"}],"wp:attachment":[{"href":"https:\/\/blog.causeur.fr\/asiledeblog\/wp-json\/wp\/v2\/media?parent=2170"}],"wp:term":[{"taxonomy":"category","embeddable":true,"href":"https:\/\/blog.causeur.fr\/asiledeblog\/wp-json\/wp\/v2\/categories?post=2170"},{"taxonomy":"post_tag","embeddable":true,"href":"https:\/\/blog.causeur.fr\/asiledeblog\/wp-json\/wp\/v2\/tags?post=2170"}],"curies":[{"name":"wp","href":"https:\/\/api.w.org\/{rel}","templated":true}]}}