{"id":2175,"date":"2015-03-03T10:38:55","date_gmt":"2015-03-03T10:38:55","guid":{"rendered":"http:\/\/blog.causeur.fr\/asiledeblog\/?p=2175"},"modified":"2021-04-26T12:57:03","modified_gmt":"2021-04-26T10:57:03","slug":"marine-a-front-renverse","status":"publish","type":"post","link":"https:\/\/blog.causeur.fr\/asiledeblog\/marine-a-front-renverse-2175","title":{"rendered":"Marine \u00e0 front renvers\u00e9"},"content":{"rendered":"<p style=\"text-align: left\" align=\"center\"><strong><em>Habitu\u00e9e \u00e0 se garder \u00e0 gauche, Mme Le Pen a \u00e9t\u00e9 surprise par l\u2019offensive de Zemmour sur son flanc droit\u2026<\/em><\/strong><\/p>\n<p><a href=\"http:\/\/blog.causeur.fr\/asiledeblog\/marine-a-front-renverse-002175.html\/zn\" rel=\"attachment wp-att-2176\"><img loading=\"lazy\" decoding=\"async\" class=\"alignleft size-medium wp-image-2176\" src=\"http:\/\/blog.causeur.fr\/asiledeblog\/files\/2015\/03\/zn-300x177.jpg\" alt=\"\" width=\"300\" height=\"177\" srcset=\"https:\/\/blog.causeur.fr\/asiledeblog\/wp-content\/uploads\/sites\/10\/2015\/03\/zn-300x177.jpg 300w, https:\/\/blog.causeur.fr\/asiledeblog\/wp-content\/uploads\/sites\/10\/2015\/03\/zn.jpg 638w\" sizes=\"auto, (max-width: 300px) 100vw, 300px\" \/><\/a>Forc\u00e9ment int\u00e9ressant, comme dirait l\u2019autre, un d\u00e9bat entre Marine Le Pen et \u00c9ric Zemmour \u2013 les\u00a0deux grands Satans de la vie politique fran\u00e7aise. On en a encore eu la preuve l\u2019autre vendredi sur Paris Premi\u00e8re, chez <em>Zemmour &amp; Naulleau<\/em>. Il y fut question du Front national, bien s\u00fbr\u00a0; mais pas exactement comme d\u2019habitude&#8230;<\/p>\n<p>Depuis trente ans, la m\u00eame question n\u2019en finit pas d\u2019agiter nos m\u00e9dias ordinaires\u00a0: <em>par o\u00f9 attaquer le FN\u00a0?<\/em> L\u2019\u00e9thique\u00a0? Le programme\u00a0? Les \u00ab\u00a0affaires\u00a0\u00bb, ou ce qui en tient lieu\u00a0? On aura tout essay\u00e9, tour \u00e0 tour puis simultan\u00e9ment. Le hic c\u2019est qu\u2019entretemps, l\u2019entreprise Le Pen &amp; Le Pen est pass\u00e9e de 1 \u00e0 30 % des parts de march\u00e9 politique.<\/p>\n<p>M\u00eame le fameux\u00a0\u00ab\u00a0Esprit-du-11-Janvier\u00a0\u00bb n\u2019aura pas emp\u00each\u00e9 le FN, l\u2019autre semaine dans le Doubs, de fr\u00f4ler la victoire seul contre tous. Comme le r\u00e9sumait le soir m\u00eame l\u2019excellent Jean-Christophe Cambad\u00e9lis,\u00a0 \u00ab\u00a0<em>Le PS a gagn\u00e9, le Front national a \u00e9t\u00e9 battu, mais il y a le feu au lac\u00a0!\u00a0<\/em>\u00bb D\u2019o\u00f9 une certaine anxi\u00e9t\u00e9 qui monte dans la classe politico-m\u00e9diatique\u00a0: pour \u00e9teindre ce feu, \u00ab\u00a0<em>o\u00f9 courir\u00a0? O\u00f9 ne pas courir\u00a0?\u00a0<\/em>\u00bb<\/p>\n<p>Zemmour, lui, n\u2019a pas l\u2019air plus angoiss\u00e9 que \u00e7a. La preuve\u00a0: pour interviewer Marine Le Pen, \u00a0il l\u2019attaque sur sa droite, tout simplement\u00a0! Pas question de remettre en cause les \u00ab\u00a0fondamentaux\u00a0\u00bb du FN,\u00a0; au contraire, le voil\u00e0 qui se fait le porte-voix de la \u00ab\u00a0<em>grogne\u00a0<\/em>\u00bb qui, selon lui, gagnerait le mouvement face \u00e0 une certaine d\u00e9rive \u00ab\u00a0gauchisante\u00a0\u00bb (mais oui.)<\/p>\n<p>C\u2019est ce que Zemmour appelle \u00ab\u00a0<em>la<\/em> <em>question Philippot\u00a0<\/em>\u00bb. \u00a0\u00ab\u00a0<em>Ce qu\u2019on lui reproche notamment<\/em>, dit \u00c9ric \u00e0 Marine zyeux-dans-les-yeux, <em>c\u2019est d\u2019avoir trop d\u2019influence sur vous, d\u2019avoir gauchis\u00e9 le programme \u00e9conomique du FN et aseptis\u00e9 votre discours sur l\u2019islam et l\u2019immigration<\/em> (\u2026) <em>On a l\u2019impression que bient\u00f4t, vous pourriez cosigner avec Alain Jupp\u00e9 un livre sur<\/em> L\u2019identit\u00e9 heureuse\u00a0!\u00a0\u00bb<\/p>\n<p>Sur le coup, la cheftaine du FN est un peu d\u00e9stabilis\u00e9e. De par sa fonction, elle est rompue \u00e0 l\u2019art d\u2019esquiver les charges \u00e9l\u00e9phantesques \u00e0 coup de d\u00e9fenses (des droidloms, des valeurs-r\u00e9publicaines, etc.) Mais que faire face\u00a0 \u00e0 ce dr\u00f4le de moustique qui pique <em>de l\u2019int\u00e9rieur\u00a0<\/em>? Marine est piqu\u00e9e au vif, et \u00e7a donne un \u00e9change lui-m\u00eame vif, quoi que courtois \u2013 et toujours plus int\u00e9ressant qu\u2019un vain d\u00e9bat avec le vain Jean-Michel Aphatie\u2026<\/p>\n<p>Ce qui irrite surtout la pr\u00e9sidente, dans cette avalanche de critiques contre Philippot, c\u2019est qu\u2019elle remet en cause sa propre autorit\u00e9 dans et sur son mouvement. D\u2019o\u00f9 une certaine vivacit\u00e9 dans sa r\u00e9ponse\u00a0(\u00e0 usage interne) : \u00ab\u00a0<em>Au lieu de s\u2019en prendre \u00e0 lui, qu\u2019on ait le courage de s\u2019en prendre \u00e0 MOI\u00a0!\u00a0<\/em>\u00bb<\/p>\n<p>Quant au camarade Florian, \u00ab\u00a0<em>on lui accorde beaucoup plus de responsabilit\u00e9s qu\u2019il n\u2019en a\u00a0!\u00a0\u00bb (<\/em>Il va \u00eatre content, le vice-pr\u00e9sident\u00a0!<em>) \u00ab\u00a0 Si J\u2019AI d\u00e9cid\u00e9 de travailler avec lui<\/em>, poursuit Mme Le Pen<em>, c\u2019est que nous partageons les m\u00eames convictions\u00a0\u2013 qui d\u2019ailleurs sont les MIENNES depuis plus de dix ans !\u00a0<\/em>\u00bb<\/p>\n<p>\u2013 \u00ab\u00a0<em>Donc, vous \u00eates une femme de gauche\u00a0!\u00a0<\/em>\u00bb ose Zemmour.<\/p>\n<p>\u2013 \u00ab\u00a0<em>Si \u00e7a peut vous faire plaisir\u00a0!<\/em> r\u00e9torque Marine\u00a0;<em> mais ces vieux clivages sont bien d\u00e9pass\u00e9s\u2026\u00a0\u00bb<\/em><\/p>\n<p>\u2013 \u00ab<em> N\u2019emp\u00eache\u00a0! J\u2019ai suivi la campagne de Chev\u00e8nement en 2002, et je sais ce qui l\u2019a plant\u00e9\u00a0: exactement ce que Philippot<\/em> ( ex-chev\u00e8nementiste<em>) vous a ramen\u00e9 au FN\u00a0!<\/em>\u00a0\u00bb<\/p>\n<p>\u00c0 ces mots, la grande blonde prend le petit brun de haut\u00a0: \u00ab\u00a0<em>Si on a besoin de vous comme conseiller, Monsieur Zemmour, on viendra vous chercher\u00a0!\u00a0<\/em>\u00bb<\/p>\n<p>Ainsi \u00ab\u00a0remis \u00e0 sa place\u00a0\u00bb, \u00c9ric n\u2019en semble gu\u00e8re affect\u00e9. Si \u00e7a se trouve, il n\u2019entre m\u00eame pas dans son plan de carri\u00e8re de devenir le Buisson de Marine&#8230; Simplement, en tant qu\u2019observateur engag\u00e9, il s\u2019inqui\u00e8te que le slogan \u00ab\u00a0<em>Ni droite \u2013 ni gauche<\/em>\u00a0\u00bb ne finisse en \u00ab\u00a0<em>Ni droite \u2013 ni droite\u00a0<\/em>\u00bb.<\/p>\n<p>Reste \u00e0 savoir s\u2019il partage aussi \u2013 infiniment plus grave \u2013 l\u2019opinion selon laquelle Florian aurait marionnettis\u00e9 Marine\u2026 On veut croire que la misogynie l\u00e9gendaire d\u2019\u00c9ric ne va pas jusque-l\u00e0.<\/p>\n<p>[Publi\u00e9 dans<em> Valeurs Actuelles<\/em>]<\/p>\n","protected":false},"excerpt":{"rendered":"<p>Habitu\u00e9e \u00e0 se garder \u00e0 gauche, Mme Le Pen a \u00e9t\u00e9 surprise par l\u2019offensive de Zemmour sur son flanc droit\u2026 Forc\u00e9ment int\u00e9ressant, comme dirait l\u2019autre, un d\u00e9bat entre Marine Le Pen et \u00c9ric Zemmour \u2013 les\u00a0deux grands Satans de la vie politique fran\u00e7aise. On en a encore eu la preuve l\u2019autre vendredi sur Paris Premi\u00e8re, [&hellip;]<\/p>\n","protected":false},"author":9,"featured_media":0,"comment_status":"open","ping_status":"open","sticky":false,"template":"","format":"standard","meta":{"footnotes":""},"categories":[1],"tags":[77,141],"class_list":{"0":"post-2175","1":"post","2":"type-post","3":"status-publish","4":"format-standard","6":"category-non-classe","7":"tag-eric-zemmour","8":"tag-marine-le-pen"},"_links":{"self":[{"href":"https:\/\/blog.causeur.fr\/asiledeblog\/wp-json\/wp\/v2\/posts\/2175","targetHints":{"allow":["GET"]}}],"collection":[{"href":"https:\/\/blog.causeur.fr\/asiledeblog\/wp-json\/wp\/v2\/posts"}],"about":[{"href":"https:\/\/blog.causeur.fr\/asiledeblog\/wp-json\/wp\/v2\/types\/post"}],"author":[{"embeddable":true,"href":"https:\/\/blog.causeur.fr\/asiledeblog\/wp-json\/wp\/v2\/users\/9"}],"replies":[{"embeddable":true,"href":"https:\/\/blog.causeur.fr\/asiledeblog\/wp-json\/wp\/v2\/comments?post=2175"}],"version-history":[{"count":0,"href":"https:\/\/blog.causeur.fr\/asiledeblog\/wp-json\/wp\/v2\/posts\/2175\/revisions"}],"wp:attachment":[{"href":"https:\/\/blog.causeur.fr\/asiledeblog\/wp-json\/wp\/v2\/media?parent=2175"}],"wp:term":[{"taxonomy":"category","embeddable":true,"href":"https:\/\/blog.causeur.fr\/asiledeblog\/wp-json\/wp\/v2\/categories?post=2175"},{"taxonomy":"post_tag","embeddable":true,"href":"https:\/\/blog.causeur.fr\/asiledeblog\/wp-json\/wp\/v2\/tags?post=2175"}],"curies":[{"name":"wp","href":"https:\/\/api.w.org\/{rel}","templated":true}]}}