{"id":2178,"date":"2015-03-10T09:08:19","date_gmt":"2015-03-10T09:08:19","guid":{"rendered":"http:\/\/blog.causeur.fr\/asiledeblog\/?p=2178"},"modified":"2021-04-26T12:57:03","modified_gmt":"2021-04-26T10:57:03","slug":"karl-ne-se-defile-pas","status":"publish","type":"post","link":"https:\/\/blog.causeur.fr\/asiledeblog\/karl-ne-se-defile-pas-2178","title":{"rendered":"Karl ne se d\u00e9file pas !"},"content":{"rendered":"<p style=\"text-align: left\" align=\"center\"><strong>Sur le \u00ab\u00a0divan\u00a0\u00bb de Fogiel, Lagerfeld fut, comme d\u2019habitude, impeccable sous toutes les coutures\u2026<\/strong><\/p>\n<p><a href=\"http:\/\/blog.causeur.fr\/asiledeblog\/karl-ne-se-defile-pas-002178.html\/karl-lagerfeld-allonge-sur-le-divan-de-marc-olivier-fogiel-best-of\" rel=\"attachment wp-att-2179\"><img loading=\"lazy\" decoding=\"async\" class=\"alignleft size-medium wp-image-2179\" src=\"http:\/\/blog.causeur.fr\/asiledeblog\/files\/2015\/03\/karl-lagerfeld-allonge-sur-le-divan-de-marc-olivier-fogiel-best-of-300x209.jpg\" alt=\"\" width=\"300\" height=\"209\" srcset=\"https:\/\/blog.causeur.fr\/asiledeblog\/wp-content\/uploads\/sites\/10\/2015\/03\/karl-lagerfeld-allonge-sur-le-divan-de-marc-olivier-fogiel-best-of-300x209.jpg 300w, https:\/\/blog.causeur.fr\/asiledeblog\/wp-content\/uploads\/sites\/10\/2015\/03\/karl-lagerfeld-allonge-sur-le-divan-de-marc-olivier-fogiel-best-of.jpg 638w\" sizes=\"auto, (max-width: 300px) 100vw, 300px\" \/><\/a>Pour son retour \u00e0 la t\u00e9l\u00e9, apr\u00e8s dix ans d\u2019absence, Marc-Olivier Fogiel a choisi de reprendre une \u00e9mission cr\u00e9\u00e9e en 1987 par Henry Chapier\u00a0: <em>Le divan<\/em>. L\u2019autre mardi, c\u2019est Karl Lagerfeld qui s\u2019y allongeait, sans se d\u00e9partir de cette raideur surjou\u00e9e qui fait son charme, face aux questions forc\u00e9ment indiscr\u00e8tes de l\u2019animateur.<!--more--><\/p>\n<p>Gu\u00e8re de risque chez Karl d\u2019une perte de contr\u00f4le ou d\u2019un quelconque \u00ab\u00a0<em>l\u00e2cher prise\u00a0<\/em>\u00bb, comme on dit chez les psys\u00a0; d\u2019\u00e9vidence, il n\u2019est pas le client id\u00e9al pour un vrai divan. En revanche, c\u2019est ce qu\u2019on appelle dans les m\u00e9dias un \u00ab\u00a0bon client\u00a0\u00bb tout court, capable de faire le show en toutes circonstances \u2013 pourvu que ce soit le sien.<\/p>\n<p>D\u2019embl\u00e9e Lagerfeld met les choses au point avec Fogiel, rebaptis\u00e9 pour l\u2019occasion \u00ab\u00a0<em>Freud de petit \u00e9cran\u00a0<\/em>\u00bb\u00a0: <em>\u00ab\u00a0Je n\u2019ai jamais fait d\u2019analyse, contrairement \u00e0 vous s\u00fbrement\u00a0!<\/em>\u00a0\u00bb Pour lui, la psychanalyse \u00e9voque irr\u00e9sistiblement un dessin du <em>New Yorker<\/em> avec ce dialogue entre un psy et son patient\u00a0:\u00a0 \u00ab \u2013 Docteur, j\u2019ai l\u2019impression d\u2019\u00eatre m\u00e9diocre\u2026\u00a0\u00bb\u00a0 \u00ab \u2013 Mais vous <em>\u00eates<\/em> m\u00e9diocre\u00a0!\u00a0\u00bb.<\/p>\n<p>Mais puisque ce n\u2019est qu\u2019un jeu, t\u00e9l\u00e9vis\u00e9 de surcro\u00eet, Karl s\u2019y pr\u00eate volontiers \u2013 aux conditions fix\u00e9es jadis par Georges Marchais : \u00ab\u00a0<em>Vous venez avec vos questions, moi avec mes r\u00e9ponses\u2026\u00a0<\/em>\u00bb Au fil de sa conversation avec Fogiel, il se livrera m\u00eame \u00e0 quelques confidences sur les trois personnes les plus importantes de sa vie.<\/p>\n<p>La premi\u00e8re c\u2019est incontestablement sa m\u00e8re, aussi omnipr\u00e9sente que son p\u00e8re semble avoir \u00e9t\u00e9 absent, ou du moins effac\u00e9. \u00c0 entendre Karl parler d\u2019elle, on comprend mieux d\u2019o\u00f9 lui viennent son ind\u00e9pendance d\u2019esprit et son humour, voire son port altier. Ne lui disait-elle pas, en guise de compliment\u00a0: \u00ab\u00a0<em>Tu me ressembles en moins bien<\/em>\u00a0\u00bb\u00a0?<\/p>\n<p>Et puis il y a ce Jacques De Bascher, \u00ab\u00a0sulfureux\u00a0\u00bb ami d\u2019Yves Saint Laurent\u2026 \u00ab\u00a0<em>On peut en parler\u00a0?<\/em>\u00a0\u00bb minaude Fogiel qui, sans l\u2019accord pr\u00e9alable du \u00ab\u00a0Kaiser\u00a0\u00bb, n\u2019aurait m\u00eame pas os\u00e9 prononcer ce nom. Karl, qui n\u2019a jamais fait myst\u00e8re de son homosexualit\u00e9, dit avec simplicit\u00e9 qu\u2019il a aim\u00e9 ce Jacques-l\u00e0 \u00ab\u00a0<em>d\u2019un amour absolu, insouciant et l\u00e9ger<\/em>\u00a0\u00bb. Au point de le veiller tout au long de son agonie avant qu\u2019il ne meure du sida en 1989 \u2013 et de ne l\u2019avoir jamais remplac\u00e9 depuis.<\/p>\n<p>D\u00e9sormais, qu\u2019on se le dise, Karl a report\u00e9 toute son affection sur Choupette, sa chatte angora blanche. Et d\u2019assumer cette tocade avec l\u2019autod\u00e9rision qui sied\u00a0: \u00ab\u00a0<em>J\u2019avais des amies, un couple de lesbiennes am\u00e9ricaines qui \u00e9taient folles de leur chat. Je les trouvais hyst\u00e9riques\u2026 Je suis pire\u00a0!\u00a0<\/em>\u00bb Manager de cette chatte superstar, qui a d\u00e9j\u00e0 fait la une de divers magazines de mode dont <em>Vogue<\/em>, Karl la fait tourner dans quelques pubs choisies \u2013 \u00ab\u00a0<em>pas de la bouffe pour chats<\/em>\u00a0\u00bb \u2013 et place \u00e0 son nom (?) l\u2019argent ainsi gagn\u00e9\u00a0: \u00ab\u00a0<em>Choupette est une fille riche\u00a0!\u00a0<\/em>\u00bb<\/p>\n<p>Bien s\u00fbr qu\u2019en nous racontant \u00e7a, Lagerfeld se paye un peu notre t\u00eate\u00a0; mais comment lui en vouloir, puisqu\u2019il commence par la sienne\u00a0? C\u2019est \u00e7a qu\u2019on appr\u00e9cie chez ce von Stroheim de d\u00e9fil\u00e9\u00a0: sa lucidit\u00e9 caustique, y compris dans le miroir, et un \u00e9go\u00efsme exigeant qui combat efficacement le laisser-aller.<\/p>\n<p>Ainsi, apr\u00e8s avoir consid\u00e9rablement grossi \u00e0 la mort de son ami, Karl a-t-il reperdu d\u2019un coup quarante-deux kilos, jamais repris depuis. \u00ab\u00a0<em>Comment avez-vous fait\u00a0?<\/em>\u00a0\u00bb s\u2019extasie Fogiel. &#8211; \u00ab\u00a0<em>C\u2019\u00e9tait pour pouvoir porter du Hedi Slimane\u00a0! <\/em>r\u00e9pond l\u2019autre sans rire<em>.\u00a0 Il me fallait un pr\u00e9texte futile, c\u2019est tout\u2026<\/em>\u00a0\u00bb<\/p>\n<p>Son travail le passionne, bien s\u00fbr\u00a0; \u00ab\u00a0<em>sinon, m\u00eame trente-cinq heures ce serait trop\u00a0!\u00a0<\/em>\u00bb La retraite\u00a0? Il n\u2019y a jamais song\u00e9 et ce n\u2019est pas \u00e0 son \u00e2ge, au fa\u00eete de sa gloire, qu\u2019il va commencer\u00a0! \u2013 \u00ab\u00a0<em>Et le moment o\u00f9 vous partirez, vous y avez pens\u00e9\u00a0?\u00a0<\/em>\u00bb euph\u00e9mise Fogiel. \u2013 \u00ab\u00a0<em>D\u00e8s que vous me lib\u00e9rerez\u00a0!\u00a0<\/em>\u00bb r\u00e9pond l\u2019autre du tac au tac.<\/p>\n<p>Mais le tableau serait incomplet sans l\u2019\u00e9change de politesses final\u00a0:<\/p>\n<p>\u00ab\u00a0<em><\/em>\u2013 <em>Merci beaucoup, Karl\u00a0!\u00a0<\/em><\/p>\n<p>\u2013 <em>Et comment on sort de cette baignoire\u00a0?\u00a0<\/em>\u00bb<\/p>\n<p>[Publi\u00e9 dans <em>Valeurs Actuelles<\/em>]<\/p>\n","protected":false},"excerpt":{"rendered":"<p>Sur le \u00ab\u00a0divan\u00a0\u00bb de Fogiel, Lagerfeld fut, comme d\u2019habitude, impeccable sous toutes les coutures\u2026 Pour son retour \u00e0 la t\u00e9l\u00e9, apr\u00e8s dix ans d\u2019absence, Marc-Olivier Fogiel a choisi de reprendre une \u00e9mission cr\u00e9\u00e9e en 1987 par Henry Chapier\u00a0: Le divan. L\u2019autre mardi, c\u2019est Karl Lagerfeld qui s\u2019y allongeait, sans se d\u00e9partir de cette raideur surjou\u00e9e [&hellip;]<\/p>\n","protected":false},"author":9,"featured_media":0,"comment_status":"open","ping_status":"open","sticky":false,"template":"","format":"standard","meta":{"footnotes":""},"categories":[1],"tags":[701],"class_list":{"0":"post-2178","1":"post","2":"type-post","3":"status-publish","4":"format-standard","6":"category-non-classe","7":"tag-karl-lagerfeld"},"_links":{"self":[{"href":"https:\/\/blog.causeur.fr\/asiledeblog\/wp-json\/wp\/v2\/posts\/2178","targetHints":{"allow":["GET"]}}],"collection":[{"href":"https:\/\/blog.causeur.fr\/asiledeblog\/wp-json\/wp\/v2\/posts"}],"about":[{"href":"https:\/\/blog.causeur.fr\/asiledeblog\/wp-json\/wp\/v2\/types\/post"}],"author":[{"embeddable":true,"href":"https:\/\/blog.causeur.fr\/asiledeblog\/wp-json\/wp\/v2\/users\/9"}],"replies":[{"embeddable":true,"href":"https:\/\/blog.causeur.fr\/asiledeblog\/wp-json\/wp\/v2\/comments?post=2178"}],"version-history":[{"count":0,"href":"https:\/\/blog.causeur.fr\/asiledeblog\/wp-json\/wp\/v2\/posts\/2178\/revisions"}],"wp:attachment":[{"href":"https:\/\/blog.causeur.fr\/asiledeblog\/wp-json\/wp\/v2\/media?parent=2178"}],"wp:term":[{"taxonomy":"category","embeddable":true,"href":"https:\/\/blog.causeur.fr\/asiledeblog\/wp-json\/wp\/v2\/categories?post=2178"},{"taxonomy":"post_tag","embeddable":true,"href":"https:\/\/blog.causeur.fr\/asiledeblog\/wp-json\/wp\/v2\/tags?post=2178"}],"curies":[{"name":"wp","href":"https:\/\/api.w.org\/{rel}","templated":true}]}}