{"id":2180,"date":"2015-03-16T10:07:42","date_gmt":"2015-03-16T10:07:42","guid":{"rendered":"http:\/\/blog.causeur.fr\/asiledeblog\/?p=2180"},"modified":"2021-04-26T12:57:03","modified_gmt":"2021-04-26T10:57:03","slug":"goldman-enfoire","status":"publish","type":"post","link":"https:\/\/blog.causeur.fr\/asiledeblog\/goldman-enfoire-2180","title":{"rendered":"Goldman, Enfoir\u00e9 !"},"content":{"rendered":"<p><strong>Certains chantent pour aider ceux qui ont faim\u00a0; d\u2019autres se contentent de d\u00e9nigrer\u2026 Qui sont les vrais \u00ab\u00a0enfoir\u00e9s\u00a0\u00bb\u00a0?<\/strong><\/p>\n<p><a href=\"http:\/\/blog.causeur.fr\/asiledeblog\/goldman-enfoire-002180.html\/les_enfoires_youtue\" rel=\"attachment wp-att-2181\"><img loading=\"lazy\" decoding=\"async\" class=\"alignleft size-medium wp-image-2181\" src=\"http:\/\/blog.causeur.fr\/asiledeblog\/files\/2015\/03\/les_enfoires_youtue-300x213.jpg\" alt=\"\" width=\"300\" height=\"213\" srcset=\"https:\/\/blog.causeur.fr\/asiledeblog\/wp-content\/uploads\/sites\/10\/2015\/03\/les_enfoires_youtue-300x213.jpg 300w, https:\/\/blog.causeur.fr\/asiledeblog\/wp-content\/uploads\/sites\/10\/2015\/03\/les_enfoires_youtue.jpg 638w\" sizes=\"auto, (max-width: 300px) 100vw, 300px\" \/><\/a>Demain soir (13 mars) sur TF1, diffusion du concert des <em>Enfoir\u00e9s\u00a0<\/em>; vous n\u2019\u00eates pas oblig\u00e9 de regarder, mais \u00e0 cette occasion, il m\u2019a paru utile de revenir sur l\u2019\u00a0\u00ab\u00a0<em>affaire<\/em>\u00a0\u00bb\u2026 Que vous le sachiez ou non, l\u2019hymne 2015 de cette troupe, sign\u00e9 Jean-Jacques Goldman, a d\u00e9clench\u00e9 une lev\u00e9e de boucliers aussi impressionnantes que risible.<!--more--><\/p>\n<p>Le clip incrimin\u00e9 met en sc\u00e8ne un dialogue entre g\u00e9n\u00e9rations. Des jeunes interpellent leurs a\u00een\u00e9s sur l\u2019\u00e9tat du monde qu\u2019ils leur laissent, et ceux-ci leur r\u00e9pondent en substance\u00a0: \u00e0 votre tour, t\u00e2chez de faire mieux\u00a0!<\/p>\n<p>Extrait\u00a0:<\/p>\n<p>\u2013 \u00ab\u00a0<em>Vous aviez tout\u00a0: paix, libert\u00e9, plein-emploi \/\u00a0 Nous c\u2019est ch\u00f4mage, violence et sida\u2026\u00a0\u00bb<\/em><\/p>\n<p>\u2013 \u00ab\u00a0<em>Tout ce qu\u2019on a, il a fallu le gagner \/ \u00c0 vous de jouer, mais faudrait vous bouger\u00a0!\u00a0<\/em>\u00bb<\/p>\n<p>Bref c\u2019est pas du Claudel &#8211; mais pas non plus de quoi fouetter un Enfoir\u00e9\u00a0! Pourtant, aussit\u00f4t le \u00ab\u00a0<em>bad buzz<\/em>\u00a0\u00bb, comme on dit, commence sur Twitter. Des hordes de trolls se ruent sur leurs claviers pour vilipender cette chanson \u00ab\u00a0anti-jeune\u00a0\u00bb\u00a0: \u00ab\u00a0<em>On se fait traiter de jeunes cons par de vieux r\u00e9acs\u00a0!<\/em>\u00a0\u00bb\u00a0 r\u00e9sume un chef troll dou\u00e9 de l\u2019esprit de synth\u00e8se.<\/p>\n<p>Premi\u00e8re personnalit\u00e9 \u00e0 relayer cette indignation, sans surprise\u00a0: Jacques Attali, qui d\u00e9nonce l\u2019\u00a0\u00ab\u00a0<em>incroyable mauvais go\u00fbt\u00a0<\/em>\u00bb de paroles opposant moins, selon lui, les jeunes aux vieux que les \u00ab\u00a0<em>nantis\u00a0<\/em>\u00bb aux autres.<\/p>\n<p>M\u00eame son de cloche chez les <em>Inrocks<\/em> qui, dans un jargon audacieusement post-marxiste, analysent\u00a0: <em>\u00ab\u00a0Sous couvert d\u2019un discours positif et bienveillant envers une jeunesse pr\u00e9caire, <\/em>[ce texte]<em> t\u00e9moigne d\u2019un m\u00e9pris de classe et d\u2019un culte de la r\u00e9ussite somme toute assez rance<\/em>.\u00a0\u00bb<\/p>\n<p>De \u00ab\u00a0r\u00e9ac\u00a0\u00bb \u00e0 \u00ab\u00a0facho\u00a0\u00bb il n\u2019y a qu\u2019un pas, que franchira all\u00e8grement le rappeur politologue JoeyStarr (en un seul mot s\u2019il vous pla\u00eet), indign\u00e9 par cette chanson \u00ab\u00a0<em>merdique\u00a0<\/em>\u00bb\u00a0: \u00ab\u00a0<em>Ecoutez les paroles, <\/em>\u00e9crit-il\u00a0; <em>on est presque sur les traces du FN.\u00a0<\/em>\u00bb Ben voyons\u00a0!<\/p>\n<p>Face \u00e0 cet assaut violemment cr\u00e9tin, quelques enfoir\u00e9s montent au cr\u00e9neau pour d\u00e9fendre leur coll\u00e8gue. On citera en particulier Maxime Le Forestier, qui dit sobrement \u00ab\u00a0<em>ne pas comprendre\u00a0<\/em>\u00bb cette pol\u00e9mique\u00a0: \u00ab\u00a0<em>C\u2019est plut\u00f4t la mont\u00e9e de la connerie qui m\u2019affecte\u2026\u00a0<\/em>\u00bb<\/p>\n<p>Dans une tribune du <em>Figaro.fr,<\/em> et un style plus universitaire, le Pr Alain Bentolila ne dit pas autre chose\u00a0: \u00ab\u00a0<em>Inciter des jeunes \u00e0 aller plus haut, c\u2019est avoir du respect et de l\u2019ambition pour eux. Leur raconter les difficult\u00e9s de nos propres parcours, ce n\u2019est pas n\u00e9cessairement jouer au vieux con. Alors, Jean-Jacques Goldman, surtout n\u2019allez pas vous excuser sur les plateaux de t\u00e9l\u00e9vision\u00a0!\u00a0<\/em>\u00bb<\/p>\n<p>Un conseil manifestement entendu par l\u2019int\u00e9ress\u00e9. Sa r\u00e9ponse, pleine d\u2019ironie, viendra sous la forme d\u2019une vraie-fausse interview au <em>Petit Journal.<\/em> Harcel\u00e9 par deux brindezingues qui le somment de se justifier sur sa chanson \u00ab\u00a0<em>r\u00e9ac<\/em>\u00a0\u00bb, c\u2019est un Goldman tout contrit qui avoue\u00a0: \u00ab\u00a0<em>Je ne me suis pas rendu compte de la port\u00e9e de ces paroles\u2026\u00a0<\/em>\u00bb<\/p>\n<p>\u2013 \u00ab\u00a0<em>Ah vraiment\u00a0?<\/em> insistent les deux autres. <em>Et dire aux jeunes qu\u2019il faut<\/em> \u00ab\u00a0se bouger\u00a0\u00bb, <em>c\u2019est pas r\u00e9ac \u00e7a\u00a0?<\/em>\u00a0\u00bb<\/p>\n<p>\u2013 \u00ab\u00a0<em>Euh, je ne savais pas\u00a0\u00bb, <\/em>bafouille Jean-Jacques. Et l\u2019un des \u00ab\u00a0journalistes\u00a0\u00bb de se tourner triomphalement vers l\u2019autre\u00a0: \u00ab\u00a0<em>Ha, tu vois bien<\/em> <em>qu\u2019il est r\u00e9ac\u00a0! Ils ne savent jamais qu\u2019ils le sont, c\u2019est m\u00eame \u00e0 \u00e7a qu\u2019on les reconna\u00eet\u00a0!<\/em>\u00a0\u00bb<\/p>\n<p>Compliments pour ce sketch \u00e0 Goldman et surtout au <em>Petit Journal<\/em>, qui pour une fois n\u2019a pas hurl\u00e9 avec les loups empaill\u00e9s. Il est vrai qu\u2019en l\u2019occurrence, l\u2019appel au boycott lanc\u00e9 par Attali &amp; Co. \u00e9tait particuli\u00e8rement ind\u00e9cent, sachant que les Enfoir\u00e9s, c\u2019est 15 \u00e0 20 % du budget des Restos du C\u0153ur.<\/p>\n<p>Par bonheur l\u2019effet du buzz, aussi \u00ab\u00a0bad\u00a0\u00bb soit-il, aura finalement \u00e9t\u00e9 inverse. Gr\u00e2ce \u00e0 cette pol\u00e9mique, en trois jours le clip avait \u00e9t\u00e9 vu un million de fois, et depuis lors les ventes du disque ont augment\u00e9 de 80 %. Qu\u2019est-ce qu\u2019on dit\u00a0? Merci Twitter\u00a0! Merci les Inrocks\u00a0! Merci, Monsieur Attali\u00a0!<\/p>\n<p>[Publi\u00e9 dans <em>Valeurs Actuelles<\/em>]<\/p>\n","protected":false},"excerpt":{"rendered":"<p>Certains chantent pour aider ceux qui ont faim\u00a0; d\u2019autres se contentent de d\u00e9nigrer\u2026 Qui sont les vrais \u00ab\u00a0enfoir\u00e9s\u00a0\u00bb\u00a0? Demain soir (13 mars) sur TF1, diffusion du concert des Enfoir\u00e9s\u00a0; vous n\u2019\u00eates pas oblig\u00e9 de regarder, mais \u00e0 cette occasion, il m\u2019a paru utile de revenir sur l\u2019\u00a0\u00ab\u00a0affaire\u00a0\u00bb\u2026 Que vous le sachiez ou non, l\u2019hymne 2015 [&hellip;]<\/p>\n","protected":false},"author":9,"featured_media":0,"comment_status":"open","ping_status":"open","sticky":false,"template":"","format":"standard","meta":{"footnotes":""},"categories":[1],"tags":[703,702],"class_list":{"0":"post-2180","1":"post","2":"type-post","3":"status-publish","4":"format-standard","6":"category-non-classe","7":"tag-enfoires","8":"tag-jean-jacques-goldman"},"_links":{"self":[{"href":"https:\/\/blog.causeur.fr\/asiledeblog\/wp-json\/wp\/v2\/posts\/2180","targetHints":{"allow":["GET"]}}],"collection":[{"href":"https:\/\/blog.causeur.fr\/asiledeblog\/wp-json\/wp\/v2\/posts"}],"about":[{"href":"https:\/\/blog.causeur.fr\/asiledeblog\/wp-json\/wp\/v2\/types\/post"}],"author":[{"embeddable":true,"href":"https:\/\/blog.causeur.fr\/asiledeblog\/wp-json\/wp\/v2\/users\/9"}],"replies":[{"embeddable":true,"href":"https:\/\/blog.causeur.fr\/asiledeblog\/wp-json\/wp\/v2\/comments?post=2180"}],"version-history":[{"count":0,"href":"https:\/\/blog.causeur.fr\/asiledeblog\/wp-json\/wp\/v2\/posts\/2180\/revisions"}],"wp:attachment":[{"href":"https:\/\/blog.causeur.fr\/asiledeblog\/wp-json\/wp\/v2\/media?parent=2180"}],"wp:term":[{"taxonomy":"category","embeddable":true,"href":"https:\/\/blog.causeur.fr\/asiledeblog\/wp-json\/wp\/v2\/categories?post=2180"},{"taxonomy":"post_tag","embeddable":true,"href":"https:\/\/blog.causeur.fr\/asiledeblog\/wp-json\/wp\/v2\/tags?post=2180"}],"curies":[{"name":"wp","href":"https:\/\/api.w.org\/{rel}","templated":true}]}}