{"id":2183,"date":"2015-03-23T15:29:07","date_gmt":"2015-03-23T15:29:07","guid":{"rendered":"http:\/\/blog.causeur.fr\/asiledeblog\/?p=2183"},"modified":"2021-04-26T12:57:03","modified_gmt":"2021-04-26T10:57:03","slug":"mon-amie-la-rosse","status":"publish","type":"post","link":"https:\/\/blog.causeur.fr\/asiledeblog\/mon-amie-la-rosse-2183","title":{"rendered":"Mon amie la rosse"},"content":{"rendered":"<p style=\"text-align: left\" align=\"center\"><strong>Elle m\u00e9prise la gauche bien pensante, et ne l\u2019envoie pas dire \u00e0 Aymeric Caron\u2026 Hardi, Fran\u00e7oise\u00a0!<\/strong><\/p>\n<p><a href=\"http:\/\/blog.causeur.fr\/asiledeblog\/mon-amie-la-rosse-002183.html\/on-n-est-pas-couche-francoise-hardy-critique-l-album-de-louane-emera_reference\" rel=\"attachment wp-att-2184\"><img loading=\"lazy\" decoding=\"async\" class=\"alignleft size-medium wp-image-2184\" src=\"http:\/\/blog.causeur.fr\/asiledeblog\/files\/2015\/03\/On-n-est-pas-couche-Francoise-Hardy-critique-l-album-de-Louane-Emera_reference-300x197.jpg\" alt=\"\" width=\"300\" height=\"197\" srcset=\"https:\/\/blog.causeur.fr\/asiledeblog\/wp-content\/uploads\/sites\/10\/2015\/03\/On-n-est-pas-couche-Francoise-Hardy-critique-l-album-de-Louane-Emera_reference-300x197.jpg 300w, https:\/\/blog.causeur.fr\/asiledeblog\/wp-content\/uploads\/sites\/10\/2015\/03\/On-n-est-pas-couche-Francoise-Hardy-critique-l-album-de-Louane-Emera_reference.jpg 532w\" sizes=\"auto, (max-width: 300px) 100vw, 300px\" \/><\/a>Fran\u00e7oise Hardy d\u00e9tonnait quelque peu, l\u2019autre samedi sur le plateau d<em>\u2019On n\u2019est pas couch\u00e9<\/em>. Au milieu de ce divertissement un peu plus superficiel et convenu chaque saison, la pr\u00e9sence de cette femme au visage p\u00e2le, \u00e9maci\u00e9, grave avait quelque chose d\u2019irr\u00e9el.<!--more--><\/p>\n<p>Fran\u00e7oise \u00e9tait invit\u00e9e \u00e0 l\u2019occasion de la parution de son livre <em>Avis non autoris\u00e9s<\/em> (\u00e9d. Equateurs). Autant, dans la chanson, son r\u00e9pertoire \u00e9tait romantique et tendre, autant ici sa pointe est s\u00e8che pour croquer le monde qui l\u2019entoure, sans concession aux modes du moment.<\/p>\n<p>Lucidit\u00e9 bien ordonn\u00e9e commence par soi-m\u00eame, et c\u2019est sans fard que l\u2019auteur, dans son livre comme sur ce plateau, se d\u00e9peint elle-m\u00eame, confront\u00e9e \u00e0 la maladie qui la ronge. Diagnostiqu\u00e9e il y a dix ans d\u2019un lymphome qui s\u2019est aggrav\u00e9 ces trois derni\u00e8res ann\u00e9es, elle en expose cliniquement les souffrances et les handicaps\u00a0: d\u00e9gradation physique, traitements p\u00e9nibles, examens humiliants\u2026 \u00ab\u00a0<em>Ind\u00e9cence<\/em>\u00a0\u00bb, commente dans sa critique t\u00e9l\u00e9 un Tartuffe de <em>L\u2019Obs<\/em> \u2013 qui d\u00e9cid\u00e9ment n\u2019en rate pas une. \u00ab\u00a0<em>Couvrez cette plaie que je ne saurais voir\u2026\u00a0<\/em>\u00bb Au contraire, le courage que manifeste Mlle Hardy face \u00e0 ce sort adverse ne peut que servir de mod\u00e8le \u00e0 tous ceux qui vivent une \u00e9preuve comparable, ou y sont appel\u00e9s\u2026<\/p>\n<p>Quant aux autres \u2013 y compris ces messieurs de <em>L\u2019Obs<\/em>, qui apparemment p\u00e8tent toujours la sant\u00e9 \u2013 qu\u2019ils se rem\u00e9morent juste le mot de Jules Romains dans <em>Knock<\/em>\u00a0: \u00ab\u00a0<em>La sant\u00e9 est un \u00e9tat pr\u00e9caire qui ne pr\u00e9sage rien de bon.\u00a0<\/em>\u00bb<\/p>\n<p>Politiquement, \u00e0 en croire Fran\u00e7oise Hardy, c\u2019est tout le pays qui est malade. \u00c0 contre-courant du discours dominant, particuli\u00e8rement chez les artistes en cour, elle ne se g\u00eane pas pour d\u00e9noncer une gauche \u00ab\u00a0<em>convaincue de d\u00e9tenir la V\u00e9rit\u00e9\u00a0<\/em>\u00bb, o\u00f9 par cons\u00e9quent l\u2019id\u00e9ologie l\u2019emporte un peu souvent sur le r\u00e9el. Et notre pol\u00e9miste de d\u00e9noncer tour \u00e0 tour les exc\u00e8s de la d\u00e9pense publique, le \u00ab\u00a0<em>travailler moins et imposer plus<\/em>\u00a0\u00bb et m\u00eame l\u2019ISF, <em>\u00ab\u00a0imp\u00f4t inique et inutile <\/em>\u00bb.<\/p>\n<p>Ce credo lib\u00e9ral lui vaudra m\u00eame un hommage de L\u00e9a Salam\u00e9 qui, \u00ab\u00a0sans partager toutes ses id\u00e9es\u00a0\u00bb tient elle \u00e0 pr\u00e9ciser, salue dans ce livre le baudelairien \u00ab\u00a0<em>plaisir aristocratique de d\u00e9plaire<\/em>\u00a0\u00bb. Aymeric Caron n\u2019en dirait pas tant\u00a0; lui n\u2019y a vu que \u00ab\u00a0<em>contre-v\u00e9rit\u00e9s\u00a0<\/em>\u00bb et \u00ab\u00a0<em>sectarisme<\/em>\u00a0\u00bb, et il est orf\u00e8vre.<\/p>\n<p>C\u2019est le moment ou jamais de citer le portrait, anonyme mais transparent, que Fran\u00e7oise fait d\u2019Aymeric dans son bouquin. En vrai pro, Ruquier ne le laisse pas passer (moi non plus, d\u2019ailleurs)\u00a0: \u00ab\u00a0<em>Un journaliste qui agresse d\u2019autant plus durement ses interlocuteurs qu\u2019il s ne sont pas de gauche comme lui (\u2026) L\u2019autosatisfaction qui allume son regard \u00e0 la fin de ses charges t\u00e9l\u00e9vis\u00e9es, quand il croit avoir d\u00e9finitivement accul\u00e9 une victime parfois plus subtile qu\u2019il ne l\u2019imagine, \u00e9voque la jouissance sadique ressentie par certains \u00e0 tuer avec des mots.\u00a0<\/em>\u00bb<\/p>\n<p>Et l\u2019animateur de ponctuer ce portrait crach\u00e9 en s\u2019interrogeant tout haut\u00a0: \u00ab\u00a0<em>Depuis toutes ces ann\u00e9es, comment n\u2019ai-je pas eu l\u2019id\u00e9e de remplacer Eric Zemmour ou Natacha Polony par Fran\u00e7oise Hardy\u00a0?<\/em>\u00a0\u00bb Chiche\u00a0! Mais la vraie bonne id\u00e9e, \u00e0 mes yeux, ce serait qu\u2019elle prenne la place de ce Caron-l\u00e0, dont c\u2019est justement la derni\u00e8re saison\u2026<\/p>\n<p>Avec tout \u00e7a h\u00e9las, il ne reste plus que quelques instants pour \u00e9voquer la litt\u00e9rature, si ch\u00e8re pourtant \u00e0 Fran\u00e7oise Hardy. Depuis <em>La petite sir\u00e8ne<\/em> d\u2019Andersen, qui l\u2019avait boulevers\u00e9e enfant, la lecture a toujours \u00e9t\u00e9 et reste, dit-elle, \u00ab\u00a0<em>mon seul refuge, ma seule source d\u2019inspiration et de r\u00eave<\/em>\u00a0\u00bb. Mais que voulez-vous\u00a0? Henry James, Colette et m\u00eame Modiano, c\u2019est pas assez croustillant pour Ruquier\u00a0!<\/p>\n<p>Le mieux, pour d\u00e9couvrir le panth\u00e9on litt\u00e9raire de Fran\u00e7oise, c\u2019est donc d\u2019acheter son bouquin\u2026 Et s\u2019il fallait un ultime argument de vente, je ne vois pas mieux que le titre du papier de <em>L\u2019Obs \u00e0 Mo\u00eblle,<\/em> d\u00e9j\u00e0 cit\u00e9\u00a0: \u00ab\u00a0<em>B\u00eatise, ind\u00e9cence et malaise\u00a0: un suicide m\u00e9diatique\u00a0<\/em>\u00bb. Si j\u2019\u00e9tais l\u2019\u00e9diteur, j\u2019en ferais un bandeau rouge sur la couverture.<\/p>\n<p>[Publi\u00e9 dans <em>Valeurs Actuelles<\/em>]<\/p>\n","protected":false},"excerpt":{"rendered":"<p>Elle m\u00e9prise la gauche bien pensante, et ne l\u2019envoie pas dire \u00e0 Aymeric Caron\u2026 Hardi, Fran\u00e7oise\u00a0! Fran\u00e7oise Hardy d\u00e9tonnait quelque peu, l\u2019autre samedi sur le plateau d\u2019On n\u2019est pas couch\u00e9. Au milieu de ce divertissement un peu plus superficiel et convenu chaque saison, la pr\u00e9sence de cette femme au visage p\u00e2le, \u00e9maci\u00e9, grave avait quelque [&hellip;]<\/p>\n","protected":false},"author":9,"featured_media":0,"comment_status":"open","ping_status":"open","sticky":false,"template":"","format":"standard","meta":{"footnotes":""},"categories":[1],"tags":[704],"class_list":{"0":"post-2183","1":"post","2":"type-post","3":"status-publish","4":"format-standard","6":"category-non-classe","7":"tag-francoise-hardy"},"_links":{"self":[{"href":"https:\/\/blog.causeur.fr\/asiledeblog\/wp-json\/wp\/v2\/posts\/2183","targetHints":{"allow":["GET"]}}],"collection":[{"href":"https:\/\/blog.causeur.fr\/asiledeblog\/wp-json\/wp\/v2\/posts"}],"about":[{"href":"https:\/\/blog.causeur.fr\/asiledeblog\/wp-json\/wp\/v2\/types\/post"}],"author":[{"embeddable":true,"href":"https:\/\/blog.causeur.fr\/asiledeblog\/wp-json\/wp\/v2\/users\/9"}],"replies":[{"embeddable":true,"href":"https:\/\/blog.causeur.fr\/asiledeblog\/wp-json\/wp\/v2\/comments?post=2183"}],"version-history":[{"count":0,"href":"https:\/\/blog.causeur.fr\/asiledeblog\/wp-json\/wp\/v2\/posts\/2183\/revisions"}],"wp:attachment":[{"href":"https:\/\/blog.causeur.fr\/asiledeblog\/wp-json\/wp\/v2\/media?parent=2183"}],"wp:term":[{"taxonomy":"category","embeddable":true,"href":"https:\/\/blog.causeur.fr\/asiledeblog\/wp-json\/wp\/v2\/categories?post=2183"},{"taxonomy":"post_tag","embeddable":true,"href":"https:\/\/blog.causeur.fr\/asiledeblog\/wp-json\/wp\/v2\/tags?post=2183"}],"curies":[{"name":"wp","href":"https:\/\/api.w.org\/{rel}","templated":true}]}}