{"id":2190,"date":"2015-04-07T13:07:05","date_gmt":"2015-04-07T13:07:05","guid":{"rendered":"http:\/\/blog.causeur.fr\/asiledeblog\/?p=2190"},"modified":"2021-04-26T12:57:03","modified_gmt":"2021-04-26T10:57:03","slug":"interruption-volontaire-de-pensee","status":"publish","type":"post","link":"https:\/\/blog.causeur.fr\/asiledeblog\/interruption-volontaire-de-pensee-2190","title":{"rendered":"Interruption volontaire de pens\u00e9e"},"content":{"rendered":"<p style=\"text-align: left\" align=\"center\"><strong>Pour avoir \u00e9voqu\u00e9 l\u2019avortement de fa\u00e7on \u00e9quilibr\u00e9e, Arte est vou\u00e9e aux g\u00e9monies par les f\u00e9ministes\u2026<\/strong><\/p>\n<p><a href=\"http:\/\/blog.causeur.fr\/asiledeblog\/interruption-volontaire-de-pensee-002190.html\/echographie\" rel=\"attachment wp-att-2191\"><img loading=\"lazy\" decoding=\"async\" class=\"alignleft size-medium wp-image-2191\" src=\"http:\/\/blog.causeur.fr\/asiledeblog\/files\/2015\/04\/echographie-300x169.jpg\" alt=\"\" width=\"300\" height=\"169\" srcset=\"https:\/\/blog.causeur.fr\/asiledeblog\/wp-content\/uploads\/sites\/10\/2015\/04\/echographie-300x169.jpg 300w, https:\/\/blog.causeur.fr\/asiledeblog\/wp-content\/uploads\/sites\/10\/2015\/04\/echographie.jpg 360w\" sizes=\"auto, (max-width: 300px) 100vw, 300px\" \/><\/a>L\u2019autre mardi, Arte consacrait une de ses fameuses soir\u00e9es <em>Thema<\/em> \u00e0 l\u2019avortement, sous le titre <em>vintage <\/em>\u00ab\u00a0Mon ventre m\u2019appartient\u00a0\u00bb. Au programme, deux documentaires allemands in\u00e9dits, mais tout ce qu\u2019il y a de plus compl\u00e9mentaires, voire contradictoires.<!--more--><\/p>\n<p>Le premier tient tout entier dans son intitul\u00e9 militant\u00a0: <em>Droit \u00e0 l\u2019avortement, le combat continue\u00a0! <\/em>Apr\u00e8s enqu\u00eate en France, en Allemagne et en Pologne, l\u2019auteur a fini par trouver ce qu\u2019il cherchait\u00a0: la preuve que ce \u00ab\u00a0droit\u00a0\u00bb-l\u00e0 est aujourd\u2019hui \u00ab\u00a0<em>gravement menac\u00e9 en Europe\u00a0<\/em>\u00bb Plus que jamais, apprend-on, sur fond de crise \u00e9conomique et de mont\u00e9e-des-populismes \u00a0(sans oublier l\u2019influence d\u00e9l\u00e9t\u00e8re de l\u2019Eglise), l\u2019acc\u00e8s \u00e0 l\u2019avortement reste un \u00ab\u00a0<em>parcours du combattant\u00a0<\/em>\u00bb.<\/p>\n<p>Fid\u00e8le \u00e0 lui-m\u00eame, <em>T\u00e9l\u00e9rama<\/em> d\u00e9cerne \u00e0 ce doc de\u00a0combat son label \u00ab\u00a02 T\u00a0\u00bb (Recommand\u00e9 par la maison.) Quant au Planning familial, il applaudit avec d\u2019autant plus d\u2019enthousiasme qu\u2019on lui donne ici g\u00e9n\u00e9reusement la parole.<\/p>\n<p>Avec le deuxi\u00e8me documentaire (diffus\u00e9 h\u00e9las \u00e0 minuit), changement de ton radical\u00a0: intitul\u00e9 <em>Avortement, la loi du silence<\/em>, il met en lumi\u00e8re le c\u00f4t\u00e9 obscur et les drames cach\u00e9s d\u2019un acte d\u00e9sormais banalis\u00e9. La r\u00e9alisatrice elle-m\u00eame confie avoir avort\u00e9 \u00e0 vingt-cinq ans, sans l\u2019avoir vraiment \u00ab\u00a0<em>choisi<\/em>\u00a0\u00bb. C\u2019est bien plus tard, en revenant sur les lieux de l\u2019intervention, qu\u2019elle prendra enfin conscience des \u00ab\u00a0<em>s\u00e9quelles<\/em>\u00a0\u00bb qu\u2019elle trimballait depuis.<\/p>\n<p>D\u00e8s lors, la cin\u00e9aste n\u2019a de cesse de rencontrer d\u2019autres femmes traumatis\u00e9es par leur IVG. Dans son reportage, quatre d\u2019entre elles racontent leur exp\u00e9rience et ses cons\u00e9quences\u00a0; toutes t\u00e9moignent d\u2019un manque g\u00e9n\u00e9ral d\u2019information, tant sur l\u2019avortement lui-m\u00eame et ses \u00e9ventuelles cons\u00e9quences psychologiques que sur les alternatives possibles.<\/p>\n<p>\u00ab\u00a0<em>J\u2019aurais tellement aim\u00e9 que quelqu\u2019un autour de moi m\u2019explique les autres choix qui s\u2019offraient \u00e0 moi<\/em>, dit une quadrag\u00e9naire qui a avort\u00e9 \u00e0 l\u2019\u00e2ge de 17 ans. <em>Mais j\u2019\u00e9tais entour\u00e9e de gens persuad\u00e9s qu\u2019il fallait se d\u00e9barrasser de l\u2019enfant.<\/em> <em>\u00c0 les entendre, c\u2019\u00e9tait aussi anodin que de se faire op\u00e9rer de l\u2019appendicite<\/em>\u2026\u00a0\u00bb<\/p>\n<p>\u00ab\u00a0<em>Tu vas g\u00e2cher ton avenir<\/em>\u00a0\u00bb, avertissaient famille et amis, tandis que le m\u00e9decin se faisait rassurant\u00a0: qu\u2019est-ce qu\u2019un f\u0153tus, apr\u00e8s tout, sinon \u00ab<em>\u00a0un<\/em> <em>amas de cellules embryonnaires\u00a0<\/em>\u00bb\u00a0?<\/p>\n<p>\u00ab\u00a0<em>J\u2019ai tu\u00e9 un enfant\u00a0<\/em>\u00bb s\u2019exclame une autre de ces femmes, qui a pourtant fini par trouver le chemin de l\u2019apaisement int\u00e9rieur. M\u00e8re de famille, elle se consacre d\u00e9sormais \u00e0 la pr\u00e9vention en milieu scolaire.<\/p>\n<p>Compliments \u00e0 Arte d\u2019avoir ainsi r\u00e9\u00e9quilibr\u00e9, m\u00eame tardivement, sa \u00ab\u00a0Soir\u00e9e avortement\u00a0\u00bb avec\u00a0ce <em>\u00ab\u00a0documentaire salutaire sur les s\u00e9quelles occult\u00e9es de l\u2019IVG\u00a0<\/em>\u00bb, comme l\u2019\u00e9crit le dossier de presse. Le hic c\u2019est que, dans les milieux f\u00e9mino-progressistes, on ne l\u2019a pas entendu de cette oreille.<\/p>\n<p>\u00c0 ce programme-l\u00e0, <em>T\u00e9l\u00e9rama <\/em>colle un infamant \u00ab\u00a0Moins\u00a0\u00bb en forme de sens interdit, et son principal argument vaut le d\u00e9tour\u00a0: \u00ab\u00a0<em>Ce documentaire marque cruellement de contrepoids\u00a0!<\/em>\u00a0\u00bb Elle est pas bonne, celle-l\u00e0\u00a0? Et le doc pr\u00e9c\u00e9dent, dix fois plus vu, c\u2019\u00e9tait quoi\u00a0? <em>Intervilles\u00a0<\/em>?<\/p>\n<p>De son c\u00f4t\u00e9, le Planning familial se fend d\u2019un long et accablant communiqu\u00e9. Il y accuse Arte de s\u2019\u00eatre \u00ab\u00a0<em>d\u00e9cr\u00e9dibilis\u00e9e avec ce deuxi\u00e8me documentaire, qui tranche radicalement avec la ligne habituelle de la cha\u00eene\u00a0<\/em>\u00bb\u00a0! Int\u00e9ressant, \u00e7a\u2026 Arte serait donc <em>sortie des clous<\/em> en propageant un \u00ab<em> discours manipulatoire, pr\u00f4nant la culpabilisation des femmes et la stigmatisation de l\u2019acte de l\u2019IVG\u00a0<\/em>\u00bb (sic).<\/p>\n<p>Face \u00e0 tant de mauvaise foi, ma plume reste sans voix. Par bonheur la r\u00e9plique qui tue, je la trouve tout \u00e9crite dans le dernier <em>Causeur<\/em> sous la signature d\u2019Eug\u00e9nie Basti\u00e9, qui elle aussi a vu le doc incrimin\u00e9\u00a0: \u00ab\u00a0<em>Pour ces f\u00e9ministes-l\u00e0, on avorte toujours le sourire aux l\u00e8vres\u00a0!\u00a0<\/em>\u00bb<\/p>\n<p>D\u2019ailleurs c\u2019est bien simple\u00a0: aux yeux de nos Plan(n)euses, \u00a0tout ce qui n\u2019est pas rationnel n\u2019est pas r\u00e9el\u2026 De quoi s\u2019inqui\u00e9ter pour leur mouvement, non\u00a0?<\/p>\n<p>[Article publi\u00e9 dans <em>Valeurs Actuelles<\/em>]<\/p>\n","protected":false},"excerpt":{"rendered":"<p>Pour avoir \u00e9voqu\u00e9 l\u2019avortement de fa\u00e7on \u00e9quilibr\u00e9e, Arte est vou\u00e9e aux g\u00e9monies par les f\u00e9ministes\u2026 L\u2019autre mardi, Arte consacrait une de ses fameuses soir\u00e9es Thema \u00e0 l\u2019avortement, sous le titre vintage \u00ab\u00a0Mon ventre m\u2019appartient\u00a0\u00bb. Au programme, deux documentaires allemands in\u00e9dits, mais tout ce qu\u2019il y a de plus compl\u00e9mentaires, voire contradictoires.<\/p>\n","protected":false},"author":9,"featured_media":0,"comment_status":"open","ping_status":"open","sticky":false,"template":"","format":"standard","meta":{"footnotes":""},"categories":[1],"tags":[706,707],"class_list":{"0":"post-2190","1":"post","2":"type-post","3":"status-publish","4":"format-standard","6":"category-non-classe","7":"tag-ivg","8":"tag-planning-familial"},"_links":{"self":[{"href":"https:\/\/blog.causeur.fr\/asiledeblog\/wp-json\/wp\/v2\/posts\/2190","targetHints":{"allow":["GET"]}}],"collection":[{"href":"https:\/\/blog.causeur.fr\/asiledeblog\/wp-json\/wp\/v2\/posts"}],"about":[{"href":"https:\/\/blog.causeur.fr\/asiledeblog\/wp-json\/wp\/v2\/types\/post"}],"author":[{"embeddable":true,"href":"https:\/\/blog.causeur.fr\/asiledeblog\/wp-json\/wp\/v2\/users\/9"}],"replies":[{"embeddable":true,"href":"https:\/\/blog.causeur.fr\/asiledeblog\/wp-json\/wp\/v2\/comments?post=2190"}],"version-history":[{"count":0,"href":"https:\/\/blog.causeur.fr\/asiledeblog\/wp-json\/wp\/v2\/posts\/2190\/revisions"}],"wp:attachment":[{"href":"https:\/\/blog.causeur.fr\/asiledeblog\/wp-json\/wp\/v2\/media?parent=2190"}],"wp:term":[{"taxonomy":"category","embeddable":true,"href":"https:\/\/blog.causeur.fr\/asiledeblog\/wp-json\/wp\/v2\/categories?post=2190"},{"taxonomy":"post_tag","embeddable":true,"href":"https:\/\/blog.causeur.fr\/asiledeblog\/wp-json\/wp\/v2\/tags?post=2190"}],"curies":[{"name":"wp","href":"https:\/\/api.w.org\/{rel}","templated":true}]}}