{"id":2193,"date":"2015-04-14T09:33:38","date_gmt":"2015-04-14T09:33:38","guid":{"rendered":"http:\/\/blog.causeur.fr\/asiledeblog\/?p=2193"},"modified":"2021-04-26T12:57:02","modified_gmt":"2021-04-26T10:57:02","slug":"luchini-ca-decoiffe","status":"publish","type":"post","link":"https:\/\/blog.causeur.fr\/asiledeblog\/luchini-ca-decoiffe-2193","title":{"rendered":"Luchini, \u00e7a d\u00e9coiffe !"},"content":{"rendered":"<p style=\"text-align: left\" align=\"center\"><strong>L\u2019ex-apprenti coiffeur n\u2019a pas son pareil pour \u00e9bouriffer les plateaux t\u00e9l\u00e9 \u00e0 coups de phrases cisel\u00e9es.<\/strong><\/p>\n<p><a href=\"http:\/\/blog.causeur.fr\/asiledeblog\/luchini-ca-decoiffe-002193.html\/luchinionpc\" rel=\"attachment wp-att-2194\"><img loading=\"lazy\" decoding=\"async\" class=\"alignleft size-medium wp-image-2194\" src=\"http:\/\/blog.causeur.fr\/asiledeblog\/files\/2015\/04\/luchinionpc-300x223.jpg\" alt=\"\" width=\"300\" height=\"223\" srcset=\"https:\/\/blog.causeur.fr\/asiledeblog\/wp-content\/uploads\/sites\/10\/2015\/04\/luchinionpc-300x223.jpg 300w, https:\/\/blog.causeur.fr\/asiledeblog\/wp-content\/uploads\/sites\/10\/2015\/04\/luchinionpc.jpg 567w\" sizes=\"auto, (max-width: 300px) 100vw, 300px\" \/><\/a>On ne pr\u00e9sente plus Fabrice Luchini, surtout aux lecteurs de <em>Valeurs Actuelles<\/em> et aux amateurs de Philippe Muray. Tant mieux\u00a0! \u00c7a me permet d\u2019en venir d\u2019embl\u00e9e \u00e0 son sketch de l\u2019autre samedi \u00e0 <em>On n\u2019est pas couch\u00e9<\/em>, qui \u00e9tait fameux (le sketch).<!--more--><\/p>\n<p>Avec son bagou, son culot et sa culture, Luchini laisse aussi peu de prise aux blagounettes de Ruquier qu\u2019aux critiques de L\u00e9a Salam\u00e9, sans parler des mordillements de Caron, l\u2019\u00e9pagneul enrag\u00e9. Il court il court le Fabrice, toujours avec deux longueurs d\u2019avance \u2013 et n\u2019aime rien tant que de prendre ses interlocuteurs \u00e0 contre pied, passant sans pr\u00e9venir du badinage \u00e0 la gravit\u00e9 et de la litt\u00e9rature \u00e0 la grivoiserie.<\/p>\n<p>Il faut l\u2019entendre citer dans la m\u00eame phrase Pascal, Nietzsche et Val\u00e9ry avant d\u2019encha\u00eener sur sa carri\u00e8re de coiffeur\u00a0: \u00ab\u00a0<em>Savez-vous que j\u2019ai fait la nuque de Joe Dassin et le \u00ab\u00a0maillot\u00a0\u00bb de Marl\u00e8ne Jobert\u00a0?\u00a0<\/em>\u00bb raconte-t-il avec d\u00e9lice, avant de conclure sur un \u00e9loge enflamm\u00e9 des formes f\u00e9minines\u2026<\/p>\n<p>Par une plaisante inversion des r\u00f4les, c\u2019est Ruquier l\u2019amuseur qui tente \u00e0 plusieurs reprises de recadrer son h\u00f4te. Mais c\u2019est mission impossible avec Luchini, qui ne joue qu\u2019\u00e0 ses propres r\u00e8gles. Ses prestations t\u00e9l\u00e9, rappelle-t-il, c\u2019est juste un deal\u00a0: il \u00ab\u00a0assure le show\u00a0\u00bb en \u00e9change de sa promo, un point c\u2019est tout. \u00ab\u00a0<em>J\u2019ai 63 ans, et je ne me r\u00e9duis pas \u00e0 ce personnage hyst\u00e9rique que je fais l\u00e0 pour vous amuser<\/em>.\u00a0\u00bb<\/p>\n<p>L\u2019essentiel, pour Fabrice, est ailleurs\u00a0: dans sa double vocation d\u2019acteur qui, nous dit-il, s\u2019\u00e9panouit de fa\u00e7on compl\u00e9mentaire sur les planches et \u00e0 l\u2019\u00e9cran. \u00ab\u00a0<em>Pour satisfaire mon ego, ma carri\u00e8re au cin\u00e9ma me suffit amplement. Au th\u00e9\u00e2tre, je me mets tout entier au service des grands textes<\/em>.\u00a0\u00bb<\/p>\n<p>Dans son spectacle <em>Po\u00e9sie\u00a0?<\/em> il ponctue, comme souvent, de consid\u00e9rations personnelles ses morceaux choisis\u00a0; rien que des auteurs fran\u00e7ais mais vari\u00e9s quand m\u00eame, de Moli\u00e8re \u00e0 C\u00e9line en passant par Rimbaud, Proust et m\u00eame Labiche\u00a0! Apr\u00e8s tout c\u2019est son spectacle, il fait bien ce qu\u2019il veut\u2026 Et en plus, le public en redemande. C\u2019est complet jusqu\u2019\u00e0 l\u2019\u00e9t\u00e9, et \u00e7a reprendra fin septembre\u00a0; autant dire que pour la promo, y a pas le feu\u00a0!<\/p>\n<p>La libert\u00e9 de ton et d\u2019esprit de l\u2019ami Fabrice nous vaut naturellement quelques \u00e9changes savoureux avec la bande des <em>Pas-couch\u00e9s<\/em>. Allez, rien qu\u2019un ou deux, par gourmandise\u2026<\/p>\n<p>Voici Ruquier accueillant son h\u00f4te sous les ovations d\u2019un public debout\u00a0: \u00ab\u00a0<em>Vous voyez, Fabrice\u00a0? C\u2019est un triomphe\u00a0!\u00a0<\/em>\u00bb\u00a0 \u00ab <em>\u2013 Je pr\u00e9f\u00e8re quand m\u00eame le public payant\u00a0! Ceux-l\u00e0,<\/em> <em>ils pourraient aussi bien \u00eatre chez Drucker\u2026<\/em>\u00a0\u00bb<\/p>\n<p>\u00c0 propos d\u2019ovations, Caron rebondit en balan\u00e7ant \u00e0 la face de l\u2019invit\u00e9 une r\u00e9f\u00e9rence cens\u00e9ment tueuse\u00a0: \u00ab\u00a0<em>Cioran, que vous aimez citer, \u00e9crit\u00a0<\/em>: \u00ab\u00a0Tout homme qui se laisse applaudir est une abomination humaine\u00a0\u00bb. Et Luchini de r\u00e9pondre avec un bon sourire\u00a0: \u00ab\u00a0<em>L\u00e0<\/em>, <em>Cioran va tr\u00e8s loin contre la gloire, qu\u2019il n\u2019avait d\u2019ailleurs pas \u00e0 l\u2019\u00e9poque<\/em> (\u2026)\u00a0 <em>Moi \u00e7a m\u2019a fait du bien, surtout avec les filles\u00a0!\u00a0<\/em>\u00bb<\/p>\n<p>C\u2019est L\u00e9a Salam\u00e9 qui, avec une question pertinente, obtiendra de l\u2019acteur la r\u00e9ponse la plus spontan\u00e9e, comme un cri du c\u0153ur. \u2013 \u00ab\u00a0<em>Dire ces textes, est-ce toujours un plaisir pour vous, ou bien est-ce devenu une forme de rente\u00a0?\u00a0<\/em>\u00bb &#8211; \u00ab\u00a0<em>Ma vie n\u2019a aucun sens<\/em>, r\u00e9plique-t-il sur un ton inhabituellement grave, <em>si je ne fais pas cet exercice\u00a0: tenter de restituer le g\u00e9nie des \u00e9crivains.\u00a0<\/em>\u00bb<\/p>\n<p>L\u2019ultime palinodie revient de droit \u00e0 Caron. Faute d\u2019avoir coinc\u00e9 Luchini, voil\u00e0 qu\u2019il s\u2019est mis en t\u00eate de le recruter pour le camp du Bien\u00a0: \u00ab\u00a0<em>Quand direz-vous enfin qu\u2019en fait, vous \u00eates un homme de gauche\u00a0?<\/em>\u00a0\u00bb Grand rire dionysiaque de Fabrice\u00a0: \u00ab\u00a0<em>En quarante ans de carri\u00e8re, c\u2019est la premi\u00e8re fois qu\u2019on me dit \u00e7a\u00a0! Tu peux argumenter\u00a0?<\/em>\u00a0\u00bb Et l\u2019autre de bafouiller\u00a0: \u00ab\u00a0<em>Ben, d\u00e9j\u00e0, quand on est nietzsch\u00e9en, on peut pas \u00eatre de droite\u2026<\/em>\u00a0\u00bb Il a \u00e9gar\u00e9 ses fiches, ou quoi\u00a0?<\/p>\n<p>Cela dit, au-del\u00e0 de l\u2019int\u00e9ressante personne de Caron, c\u2019est toute la gauche qui a perdu ses fiches, et la droite \u00ab\u00a0r\u00e9publicaine\u00a0\u00bb devrait commencer \u00e0 s\u2019en faire (des fiches).<\/p>\n<p>[Publi\u00e9 dans <em>Valeurs Actuelles<\/em>]<\/p>\n","protected":false},"excerpt":{"rendered":"<p>L\u2019ex-apprenti coiffeur n\u2019a pas son pareil pour \u00e9bouriffer les plateaux t\u00e9l\u00e9 \u00e0 coups de phrases cisel\u00e9es. On ne pr\u00e9sente plus Fabrice Luchini, surtout aux lecteurs de Valeurs Actuelles et aux amateurs de Philippe Muray. Tant mieux\u00a0! \u00c7a me permet d\u2019en venir d\u2019embl\u00e9e \u00e0 son sketch de l\u2019autre samedi \u00e0 On n\u2019est pas couch\u00e9, qui \u00e9tait [&hellip;]<\/p>\n","protected":false},"author":9,"featured_media":0,"comment_status":"open","ping_status":"open","sticky":false,"template":"","format":"standard","meta":{"footnotes":""},"categories":[1],"tags":[708],"class_list":{"0":"post-2193","1":"post","2":"type-post","3":"status-publish","4":"format-standard","6":"category-non-classe","7":"tag-luchini"},"_links":{"self":[{"href":"https:\/\/blog.causeur.fr\/asiledeblog\/wp-json\/wp\/v2\/posts\/2193","targetHints":{"allow":["GET"]}}],"collection":[{"href":"https:\/\/blog.causeur.fr\/asiledeblog\/wp-json\/wp\/v2\/posts"}],"about":[{"href":"https:\/\/blog.causeur.fr\/asiledeblog\/wp-json\/wp\/v2\/types\/post"}],"author":[{"embeddable":true,"href":"https:\/\/blog.causeur.fr\/asiledeblog\/wp-json\/wp\/v2\/users\/9"}],"replies":[{"embeddable":true,"href":"https:\/\/blog.causeur.fr\/asiledeblog\/wp-json\/wp\/v2\/comments?post=2193"}],"version-history":[{"count":0,"href":"https:\/\/blog.causeur.fr\/asiledeblog\/wp-json\/wp\/v2\/posts\/2193\/revisions"}],"wp:attachment":[{"href":"https:\/\/blog.causeur.fr\/asiledeblog\/wp-json\/wp\/v2\/media?parent=2193"}],"wp:term":[{"taxonomy":"category","embeddable":true,"href":"https:\/\/blog.causeur.fr\/asiledeblog\/wp-json\/wp\/v2\/categories?post=2193"},{"taxonomy":"post_tag","embeddable":true,"href":"https:\/\/blog.causeur.fr\/asiledeblog\/wp-json\/wp\/v2\/tags?post=2193"}],"curies":[{"name":"wp","href":"https:\/\/api.w.org\/{rel}","templated":true}]}}