{"id":2199,"date":"2015-04-27T08:42:38","date_gmt":"2015-04-27T08:42:38","guid":{"rendered":"http:\/\/blog.causeur.fr\/asiledeblog\/?p=2199"},"modified":"2021-04-26T12:57:02","modified_gmt":"2021-04-26T10:57:02","slug":"un-fils-de-pub-a-matignon","status":"publish","type":"post","link":"https:\/\/blog.causeur.fr\/asiledeblog\/un-fils-de-pub-a-matignon-2199","title":{"rendered":"Un fils de pub \u00e0 Matignon"},"content":{"rendered":"<p><strong>L\u2019homme politique se r\u00e9sume de plus en plus \u00e0 son image. Avec Valls, Giesbert nous en donne un fameux exemple.<!--more--><\/strong><\/p>\n<p><em><a href=\"http:\/\/blog.causeur.fr\/asiledeblog\/un-fils-de-pub-a-matignon-002199.html\/capture_decran_2015-04-20_a_16-00-00_france_3_valls\" rel=\"attachment wp-att-2200\"><img loading=\"lazy\" decoding=\"async\" class=\"alignleft size-medium wp-image-2200\" src=\"http:\/\/blog.causeur.fr\/asiledeblog\/files\/2015\/04\/capture_decran_2015-04-20_a_16.00.00_france_3_valls-300x174.jpg\" alt=\"\" width=\"300\" height=\"174\" srcset=\"https:\/\/blog.causeur.fr\/asiledeblog\/wp-content\/uploads\/sites\/10\/2015\/04\/capture_decran_2015-04-20_a_16.00.00_france_3_valls-300x174.jpg 300w, https:\/\/blog.causeur.fr\/asiledeblog\/wp-content\/uploads\/sites\/10\/2015\/04\/capture_decran_2015-04-20_a_16.00.00_france_3_valls.jpg 638w\" sizes=\"auto, (max-width: 300px) 100vw, 300px\" \/><\/a>Manuel\u00a0 Valls, le matador<\/em>. Dans ce documentaire diffus\u00e9 sur France 3, les amateurs de Franz-Olivier Giesbert le retrouveront au mieux de sa forme\u00a0: alerte, impertinent, voire insolent \u00e0 l\u2019\u00e9gard du troisi\u00e8me personnage de l\u2019\u00c9tat \u2013 qui sera bient\u00f4t le premier, si l\u2019en croyez\u00a0!<\/p>\n<p>Un beau sujet en somme, pour notre Alceste rigolard, que ce Rastignac aust\u00e8re \u2013 et FOG ne le rate pas\u00a0! Pour \u00eatre juste, il n\u2019avait gu\u00e8re \u00e9t\u00e9 plus tendre avec Sarko. Ce hooligan ne respecte rien.<\/p>\n<p>La recette de ce doc r\u00e9ussi : outre le recul amus\u00e9 de l\u2019auteur, qui chahute en voix off, une foule d\u2019images et d\u2019anecdotes \u00e9clairantes, et en fait de t\u00e9moins, la cr\u00e8me\u00a0! Sur Manuel, ce diable de Giesbert a r\u00e9ussi \u00e0 d\u00e9crocher, entre autres, les confidences de sa m\u00e8re, de son premier mentor Michel Rocard et de Fran\u00e7ois Hollande en personne\u00a0!<\/p>\n<p>Au commencement \u00e9tait donc un\u00a0 mini-\u00ab\u00a0<em>b\u00e9b\u00e9 Rocard<\/em>\u00a0\u00bb pas comme les autres\u00a0: avant m\u00eame d\u2019\u00eatre naturalis\u00e9 fran\u00e7ais celui-l\u00e0, voulait \u00eatre Pr\u00e9sident ou rien.<\/p>\n<p>D\u00e8s ses vingt ans Valls noue un \u00ab\u00a0Pacte d\u2019amiti\u00e9\u00a0\u00bb, jamais rompu, avec Alain Bauer, incontournable criminologue qui bossa aussi pour Sarkozy apr\u00e8s avoir \u00e9t\u00e9, comme il y aspirait tant, grand Ma\u00eetre du Grand Orient ; chacun son truc. Quant au troisi\u00e8me mousquetaire, St\u00e9phane Fouks, lui aussi est tr\u00e8s \u00ab\u00a0com\u2019\u00a0\u00bb, dans un genre carr\u00e9ment pubard. \u00c0 eux trois, ils se le sont promis, ils conquerront Paris\u00a0!<\/p>\n<p>Leur apprentissage, c\u2019est quand m\u00eame quinze ans \u00e0 contre\u2013courant dans la roue de Rocard \u2013 jusqu\u2019\u00e0 ce qu\u2019elle cr\u00e8ve sur un geste de Mitterrand. De cette am\u00e8re exp\u00e9rience, nos trois amis sortiront renforc\u00e9s dans l\u2019id\u00e9e que l\u2019essentiel, en politique, c\u2019est le para\u00eetre\u00a0: l\u2019image, le discours, la com\u2019 \u2026 Pour le reste on verra bien, une fois \u00e0 l\u2019\u00c9lys\u00e9e<\/p>\n<p>En 1997 d\u00e9j\u00e0, c\u2019est en tant que charg\u00e9 de la communication que Valls se fait embaucher \u00a0par Lionel Jospin \u00e0 Matignon \u2013 mais le boulot n\u2019est gu\u00e8re facile. \u00ab\u00a0<em>Jospin apr\u00e8s Rocard\u00a0!<\/em> ricane Giesbert\u00a0: <em>encore un protestant coinc\u00e9 qui d\u00e9teste la com\u2019\u00a0!<\/em>\u00a0\u00bb Et t\u00eatus tous les deux, avec \u00e7a\u2026<\/p>\n<p>Il est temps pour Manuel de se mettre \u00e0 son compte, et il le sait. D\u00e8s lors, son credo va converger de plus en plus harmonieusement avec son cr\u00e9neau\u00a0: il sera \u00ab\u00a0<em>le socialiste qui n\u2019est pas d\u2019accord avec les autres\u00a0<\/em>\u00bb, r\u00e9sume FOG &#8211; qui lui reconna\u00eet au passage \u00ab\u00a0<em>dix ans d\u2019avance sur ses petits copains<\/em>\u00a0\u00bb du PS.<\/p>\n<p>Compte tenu des lois du march\u00e9 (y compris politique) et de la demande populaire d\u2019\u00a0\u00ab\u00a0ordre\u00a0\u00bb, la maison Valls-Fouks-Bauer a mis au point un produit r\u00e9volutionnaire\u00a0: le social-lib\u00e9ralisme s\u00e9curitaire. Les id\u00e9es de Rocard plus le temp\u00e9rament de Clemenceau\u00a0!<\/p>\n<p>Sur ces bases, il ne r\u00e9colte \u00e0 la primaire socialiste de 2011 que 5,6 % des suffrages. Mais c\u2019est une d\u00e9faite \u00e0 la Pyrrhus\u00a0! Ralli\u00e9 aussi sec \u00e0 Fran\u00e7ois Hollande, il joue des coudes\u00a0jusqu\u2019\u00e0 s\u2019imposer comme charg\u00e9 de com\u2019 (encore\u00a0!) du candidat &#8211; y compris dans la gestion de son ing\u00e9rable compagne.<\/p>\n<p>Autant de m\u00e9rites r\u00e9compens\u00e9s par la place Beauvau, o\u00f9 il peaufinera \u00e0 loisir ses r\u00e9seaux et sa r\u00e9putation d\u2019homme d\u2019ordre &#8211; \u00e0 l\u2019instar de Sarkozy et dans le m\u00eame but. \u00ab\u00a0<em>L\u2019ex-paria du PS est devenu incontournable\u00a0<\/em>\u00bb, commente FOG. De fait, fin 2013, \u00e0 la faveur d\u2019une d\u00e9b\u00e2cle de son parti aux municipales, Valls acc\u00e8de \u00e0 l\u2019avant-derni\u00e8re marche de son cursus honorum\u00a0: Matignon. Jusqu\u2019o\u00f9 ne montera-il-pas\u00a0?<\/p>\n<p>D\u2019ici \u00e0 2022, (son objectif), il lui reste quand m\u00eame du boulot, \u00e0 en croire le p\u00e8re Giesbert\u00a0: \u00ab\u00a0Le<em> personnage n\u2019est pas tout-\u00e0-fait fini. Il lui manque le sourire, des cicatrices, du romanesque\u2026<\/em>\u00a0\u00bb \u00ab\u00a0<em>Et un grain de folie\u00a0!\u00a0<\/em>\u00bb ajoute Catherine Nay.<\/p>\n<p>Sur ce dernier point, je ne serais pas aussi affirmatif. La psychorigidit\u00e9, m\u00eame \u00ab\u00a0<em>communicative<\/em>\u00a0\u00bb, reste un d\u00e9sordre mental\u00a0&#8211; contrairement au \u00ab\u00a0<em>cr\u00e9tinisme<\/em>\u00a0\u00bb diagnostiqu\u00e9 chez Valls par Onfray. Mais ce gar\u00e7on manque de charit\u00e9 chr\u00e9tienne, comme on sait.<\/p>\n<p>[Publi\u00e9 dans <em>Valeurs Actuelles<\/em>]<\/p>\n","protected":false},"excerpt":{"rendered":"<p>L\u2019homme politique se r\u00e9sume de plus en plus \u00e0 son image. Avec Valls, Giesbert nous en donne un fameux exemple.<\/p>\n","protected":false},"author":9,"featured_media":0,"comment_status":"open","ping_status":"open","sticky":false,"template":"","format":"standard","meta":{"footnotes":""},"categories":[1],"tags":[503],"class_list":{"0":"post-2199","1":"post","2":"type-post","3":"status-publish","4":"format-standard","6":"category-non-classe","7":"tag-manuel-valls"},"_links":{"self":[{"href":"https:\/\/blog.causeur.fr\/asiledeblog\/wp-json\/wp\/v2\/posts\/2199","targetHints":{"allow":["GET"]}}],"collection":[{"href":"https:\/\/blog.causeur.fr\/asiledeblog\/wp-json\/wp\/v2\/posts"}],"about":[{"href":"https:\/\/blog.causeur.fr\/asiledeblog\/wp-json\/wp\/v2\/types\/post"}],"author":[{"embeddable":true,"href":"https:\/\/blog.causeur.fr\/asiledeblog\/wp-json\/wp\/v2\/users\/9"}],"replies":[{"embeddable":true,"href":"https:\/\/blog.causeur.fr\/asiledeblog\/wp-json\/wp\/v2\/comments?post=2199"}],"version-history":[{"count":0,"href":"https:\/\/blog.causeur.fr\/asiledeblog\/wp-json\/wp\/v2\/posts\/2199\/revisions"}],"wp:attachment":[{"href":"https:\/\/blog.causeur.fr\/asiledeblog\/wp-json\/wp\/v2\/media?parent=2199"}],"wp:term":[{"taxonomy":"category","embeddable":true,"href":"https:\/\/blog.causeur.fr\/asiledeblog\/wp-json\/wp\/v2\/categories?post=2199"},{"taxonomy":"post_tag","embeddable":true,"href":"https:\/\/blog.causeur.fr\/asiledeblog\/wp-json\/wp\/v2\/tags?post=2199"}],"curies":[{"name":"wp","href":"https:\/\/api.w.org\/{rel}","templated":true}]}}