{"id":2201,"date":"2015-05-04T10:00:18","date_gmt":"2015-05-04T10:00:18","guid":{"rendered":"http:\/\/blog.causeur.fr\/asiledeblog\/?p=2201"},"modified":"2021-04-26T12:57:02","modified_gmt":"2021-04-26T10:57:02","slug":"le-mystere-des-voix-centristes","status":"publish","type":"post","link":"https:\/\/blog.causeur.fr\/asiledeblog\/le-mystere-des-voix-centristes-2201","title":{"rendered":"Le myst\u00e8re des voix centristes"},"content":{"rendered":"<p>Le centre selon Zemmour\u00a0: beaucoup d\u2019\u00e9lus, peu d\u2019\u00e9lecteurs et pas d\u2019id\u00e9es. Mme Jouanno n\u2019est pas d\u2019accord\u2026<br \/>\n<!--more--><\/p>\n<p><a href=\"http:\/\/blog.causeur.fr\/asiledeblog\/le-mystere-des-voix-centristes-002201.html\/zn-2\" rel=\"attachment wp-att-2202\"><img loading=\"lazy\" decoding=\"async\" class=\"alignleft size-medium wp-image-2202\" src=\"http:\/\/blog.causeur.fr\/asiledeblog\/files\/2015\/05\/ZN-300x167.jpg\" alt=\"\" width=\"300\" height=\"167\" srcset=\"https:\/\/blog.causeur.fr\/asiledeblog\/wp-content\/uploads\/sites\/10\/2015\/05\/ZN-300x167.jpg 300w, https:\/\/blog.causeur.fr\/asiledeblog\/wp-content\/uploads\/sites\/10\/2015\/05\/ZN.jpg 567w\" sizes=\"auto, (max-width: 300px) 100vw, 300px\" \/><\/a>Invit\u00e9e de <em>Zemmour &amp; Naulleau<\/em>, l\u2019autre vendredi sur Paris Premi\u00e8re\u00a0: Chantal Jouanno, s\u00e9natrice et porte-parole de l\u2019UDI. Th\u00e8me de l\u2019interview\u00a0: \u00ab\u00a0<em>\u00c0 quoi sert le centre\u00a0?\u00a0<\/em>\u00bb Une excellente question ma foi, sur laquelle des g\u00e9n\u00e9rations de politologues se sont pench\u00e9s en vain.<\/p>\n<p>Zemmour, lui a son id\u00e9e\u00a0: \u00ab\u00a0<em>\u00c0 quoi sert l\u2019UDI\u00a0? \u00c0 avoir des \u00e9lus\u00a0!\u00a0<\/em>\u00bb Et de citer Pasqua qui, dans les ann\u00e9es 80, r\u00e9sumait ainsi la r\u00e9partition des t\u00e2ches entre gaullistes et centristes\u00a0: \u00ab\u00a0<em>Le RPR am\u00e8ne les \u00e9lecteurs, et l\u2019UDF am\u00e8ne les \u00e9lus\u00a0!\u00a0<\/em>\u00bb<\/p>\n<p>\u00ab\u00a0<em>C\u2019est exactement ce que vous avez fait aux d\u00e9partementales\u00a0!<\/em> encha\u00eene \u00c9ric Zemmour d\u2019un ton enjou\u00e9. <em>Alors que vous ne repr\u00e9sentez quasiment rien, vous avez r\u00e9ussi \u00e0 avoir des tas d\u2019\u00e9lus\u00a0!<\/em>\u00a0\u00bb<\/p>\n<p>\u00c0 mesure qu\u2019\u00c9ric d\u00e9roule sa d\u00e9monstration, son ironie se fait de plus en plus incisive \u2013 surtout quand elle se d\u00e9guise en compliment\u00a0: \u00ab\u00a0<em>\u00c7a fait vingt-cinq ans que je suis dans l\u2019analyse politique, et j\u2019admire toujours les centristes pour \u00e7a\u00a0: ils se vendent magnifiquement bien, alors qu\u2019ils ne valent rien\u00a0<\/em>(un temps)\u2026 <em>Au sens \u00e9lectoral du terme, bien entendu.<\/em>\u00a0\u00bb<\/p>\n<p>Des analyses s\u00e9rieuses sur un ton badin, \u00e7a change de l\u2019inverse\u00a0! \u00ab\u00a0<em>En fait<\/em>, r\u00e9sume-t-il \u00e0 l\u2019adresse de Chantal Jouanno, sans plus plaisanter, <em>Sarkozy vous a pay\u00e9s en \u00e9lus \u2013 aux d\u00e9partementales, et demain aux r\u00e9gionales \u2013 pour que vous n\u2019alliez pas \u00e0 la pr\u00e9sidentielle<\/em>.\u00a0 <em>Si vous y allez, ce sera scandaleux\u00a0!\u00a0<\/em>\u00bb<\/p>\n<p>Sous la mitraille zemmourienne Chantal Jouanno ne bronche pas, imperturbablement souriante. Quel est donc son secret\u00a0? Vous me direz, c\u2019est son boulot de politicienne. Mais il faut bien admettre quand m\u00eame qu\u2019elle est particuli\u00e8rement dou\u00e9e. Comme le montre assez sa r\u00e9ponse \u00e0 Zemmour, elle ne croit gu\u00e8re elle-m\u00eame \u00e0 ce qu\u2019elle raconte. \u00c7a permet d\u2019affronter les critiques avec une certaine distance\u2026 L\u2019important, n\u2019est-ce pas, c\u2019est de se faire voir \u00e0 la t\u00e9l\u00e9\u00a0!<\/p>\n<p>\u00c0 quoi sert le centre, donc\u00a0? \u00ab\u00a0<em>\u00c0 porter des id\u00e9es\u00a0!\u00a0<\/em>\u00bb r\u00e9pond sans rire Chantal.\u00a0 \u00ab <em>\u2013 Mais la bataille des id\u00e9es, \u00e7a fait longtemps que vous l\u2019avez gagn\u00e9e<\/em>, interrompt Zemmour\u00a0: v<em>ous avez tu\u00e9 le gaullisme\u00a0! J\u2019ai le souvenir du discours anti-europ\u00e9en de Jacques Chirac jusqu\u2019en 1980, et du programme RPR-UDF sur l\u2019immigration en 90\u00a0: c\u2019\u00e9tait celui du FN aujourd\u2019hui. Entre-temps, l\u2019UDF a gagn\u00e9 la bataille\u00a0!\u00a0<\/em>\u00bb<\/p>\n<p>Et Mme Jouanno de protester qu\u2019elle et son parti ont encore plein d\u2019id\u00e9es originales\u00a0: \u00ab\u00a0<em>le f\u00e9d\u00e9ralisme europ\u00e9en, une \u00e9cologie non punitive, un projet autour de la coh\u00e9sion sociale. Toute cette parole, elle est o\u00f9 sinon\u00a0?<\/em>\u00a0\u00bb \u00ab <em>\u2013 Partout\u00a0!<\/em>\u00a0\u00bb r\u00e9plique Zemmour, d\u00e9cid\u00e9ment en verve\u00a0; <em>sauf qu\u2019au PS et \u00e0 l\u2019UMP, ils ont compris qu\u2019il n\u2019y avait pas d\u2019\u00e9lecteurs pour \u00e7a\u00a0!<\/em>\u00a0\u00bb<\/p>\n<p>Apr\u00e8s cette \u00ab\u00a0battle\u00a0\u00bb, le contre-interrogatoire d\u2019Eric Naulleau para\u00eet un peu fade. Ses questions ont beau partir dans tous les sens, elles \u00e9chouent toujours dans la m\u00eame impasse\u00a0: l\u2019UDI\u00a0se soumettra-t-elle, oui ou non, \u00e0 la \u00ab\u00a0primaire ouverte\u00a0\u00bb de l\u2019UMP\u00a0? \u00c0 chaque fois, Naulleau s\u2019attire \u00e0 peu pr\u00e8s la m\u00eame r\u00e9ponse\u00a0: \u00ab\u00a0<em>On d\u00e9cidera lors de notre Conseil national, d\u00e9but 2016. On ne sait pas encore quel sera le paysage politique de la fin de l\u2019ann\u00e9e. Si, par exemple, le FN montait encore\u00a0<\/em>\u00bb\u2026<\/p>\n<p>Elle est bonne, celle-l\u00e0\u00a0! Mont\u00e9e du FN ou pas, rien qu\u2019avec les rapports de force actuels, le futur candidat \u00ab\u00a0r\u00e9publicain\u00a0\u00bb n\u2019aura s\u00fbrement pas besoin d\u2019un centriste dans les pattes\u00a0! Sous pr\u00e9texte de soucis \u00ab\u00a0citoyens\u00a0\u00bb, les strat\u00e8ges de l\u2019UDI attendent tout simplement de savoir comment se vendre au meilleur prix&#8230; En jouant les utilit\u00e9s \u00e0 la \u00ab\u00a0primaire ouverte\u00a0\u00bb de l\u2019UMP, en \u00e9change d\u2019ultimes concessions\u00a0? Ou bien en maintenant jusqu\u2019au bout la menace d\u2019une candidature sauvage qui, \u00e0 quelques pour cent pr\u00e8s, pourrait emp\u00eacher Nic\u2026 pardon, le candidat issu des primaires, d\u2019\u00eatre pr\u00e9sent au deuxi\u00e8me tour\u00a0?<\/p>\n<p>Eh oui mes amis, c\u2019est \u00e7a la politique, et le centre en est le c\u0153ur.<\/p>\n<p>[Publi\u00e9 dans <em>Valeurs Actuelles<\/em>]<\/p>\n","protected":false},"excerpt":{"rendered":"<p>Le centre selon Zemmour\u00a0: beaucoup d\u2019\u00e9lus, peu d\u2019\u00e9lecteurs et pas d\u2019id\u00e9es. Mme Jouanno n\u2019est pas d\u2019accord\u2026<\/p>\n","protected":false},"author":9,"featured_media":0,"comment_status":"open","ping_status":"open","sticky":false,"template":"","format":"standard","meta":{"footnotes":""},"categories":[1],"tags":[710,709],"class_list":{"0":"post-2201","1":"post","2":"type-post","3":"status-publish","4":"format-standard","6":"category-non-classe","7":"tag-centrisme","8":"tag-chantal-jouanno"},"_links":{"self":[{"href":"https:\/\/blog.causeur.fr\/asiledeblog\/wp-json\/wp\/v2\/posts\/2201","targetHints":{"allow":["GET"]}}],"collection":[{"href":"https:\/\/blog.causeur.fr\/asiledeblog\/wp-json\/wp\/v2\/posts"}],"about":[{"href":"https:\/\/blog.causeur.fr\/asiledeblog\/wp-json\/wp\/v2\/types\/post"}],"author":[{"embeddable":true,"href":"https:\/\/blog.causeur.fr\/asiledeblog\/wp-json\/wp\/v2\/users\/9"}],"replies":[{"embeddable":true,"href":"https:\/\/blog.causeur.fr\/asiledeblog\/wp-json\/wp\/v2\/comments?post=2201"}],"version-history":[{"count":0,"href":"https:\/\/blog.causeur.fr\/asiledeblog\/wp-json\/wp\/v2\/posts\/2201\/revisions"}],"wp:attachment":[{"href":"https:\/\/blog.causeur.fr\/asiledeblog\/wp-json\/wp\/v2\/media?parent=2201"}],"wp:term":[{"taxonomy":"category","embeddable":true,"href":"https:\/\/blog.causeur.fr\/asiledeblog\/wp-json\/wp\/v2\/categories?post=2201"},{"taxonomy":"post_tag","embeddable":true,"href":"https:\/\/blog.causeur.fr\/asiledeblog\/wp-json\/wp\/v2\/tags?post=2201"}],"curies":[{"name":"wp","href":"https:\/\/api.w.org\/{rel}","templated":true}]}}