{"id":2203,"date":"2015-05-11T09:38:12","date_gmt":"2015-05-11T09:38:12","guid":{"rendered":"http:\/\/blog.causeur.fr\/asiledeblog\/?p=2203"},"modified":"2021-04-26T12:57:02","modified_gmt":"2021-04-26T10:57:02","slug":"crime-et-chatiment","status":"publish","type":"post","link":"https:\/\/blog.causeur.fr\/asiledeblog\/crime-et-chatiment-2203","title":{"rendered":"Crime et ch\u00e2timent"},"content":{"rendered":"<p><strong>\u00ab\u00a0Op\u00e9ration N\u00e9m\u00e9sis\u00a0\u00bb\u00a0: en 1920, de jeunes Arm\u00e9niens entreprennent d\u2019\u00e9liminer un \u00e0 un leurs bourreaux en chefs\u2026<\/strong><\/p>\n<figure id=\"attachment_2204\" aria-describedby=\"caption-attachment-2204\" style=\"width: 300px\" class=\"wp-caption alignleft\"><a href=\"http:\/\/blog.causeur.fr\/asiledeblog\/crime-et-chatiment-002203.html\/armenie\" rel=\"attachment wp-att-2204\"><img loading=\"lazy\" decoding=\"async\" class=\"size-medium wp-image-2204\" src=\"http:\/\/blog.causeur.fr\/asiledeblog\/files\/2015\/05\/armenie-300x286.jpg\" alt=\"\" width=\"300\" height=\"286\" srcset=\"https:\/\/blog.causeur.fr\/asiledeblog\/wp-content\/uploads\/sites\/10\/2015\/05\/armenie-300x286.jpg 300w, https:\/\/blog.causeur.fr\/asiledeblog\/wp-content\/uploads\/sites\/10\/2015\/05\/armenie.jpg 553w\" sizes=\"auto, (max-width: 300px) 100vw, 300px\" \/><\/a><figcaption id=\"caption-attachment-2204\" class=\"wp-caption-text\">Non seulement Soghomon Tehlirian, assassin de l\u2019ancien grand vizir turc, sera acquitt\u00e9, mais il fera de son proc\u00e8s celui du g\u00e9nocide arm\u00e9nien !<\/figcaption><\/figure>\n<p>\u00ab <em>La Vengeance des Arm\u00e9niens\u00a0<\/em>\u00bb. Sous ce titre de polar, le documentariste Bernard George racontait, l\u2019autre mardi sur France 3, une histoire aussi extraordinaire que m\u00e9connue\u00a0: l\u2019\u00ab\u00a0op\u00e9ration N\u00e9m\u00e9sis.\u00a0\u00bb Entre 1920 et 1922, une organisation clandestine arm\u00e9nienne a ex\u00e9cut\u00e9 m\u00e9thodiquement les huit principaux responsables du g\u00e9nocide, r\u00e9fugi\u00e9s \u00e0 travers toute l\u2019Europe.<!--more--><\/p>\n<p>L\u2019auteur s\u2019attache en particulier \u00e0 l\u2019assassinat de Talaat Pacha, ancien ministre de l\u2019Int\u00e9rieur turc et grand ordonnateur des massacres, abattu en pleine rue \u00e0 Berlin par le jeune Soghomon Tehlirian. Son proc\u00e8s va \u00eatre le th\u00e9\u00e2tre d\u2019un spectaculaire rebondissement. L\u2019assassin plaide le coup de folie passager, se pose en victime, raconte le massacre de sa propre famille et, \u00e0 force de preuves et de t\u00e9moignages, conduit le tribunal \u00e0 s\u2019interroger sur les crimes de l\u2019ex-grand vizir.<\/p>\n<p>R\u00e9sultat de ce retournement\u00a0: apr\u00e8s deux jours d\u2019audience seulement, Tehlirian est acquitt\u00e9 sous les applaudissements\u00a0! Par cette d\u00e9cision, la jeune R\u00e9publique de Weimar entend aussi marquer sa diff\u00e9rence avec le Reich de Guillaume II, complice au moins passif des exactions commises par les Turcs, dont il \u00e9tait l\u2019alli\u00e9.<\/p>\n<p>Quant \u00e0 notre fragile \u00e9tudiant en m\u00e9canique, il fait en r\u00e9alit\u00e9 partie du commando charg\u00e9 de cette op\u00e9ration N\u00e9m\u00e9sis (\u00ab\u00a0vengeance\u00a0\u00bb, pour les non-hell\u00e9nophones)\u00a0: ex\u00e9cuter les sentences de mort prononc\u00e9es en 1919, mais par contumace, par la cour martiale de Constantinople. Contrat rempli, si l\u2019on ose dire\u00a0: ils seront huit anciens hauts responsables Jeunes-Turcs \u00e0 \u00eatre ainsi \u00ab\u00a0log\u00e9s\u00a0\u00bb, suivis et \u00e9limin\u00e9s, de Berlin \u00e0 Rome en passant par Tbilissi et \u2026 Constantinople.<\/p>\n<p>Sorte de James Bond arm\u00e9nien, Tehlirian est un agent entra\u00een\u00e9 au combat, qui a d\u00e9j\u00e0 plusieurs \u00ab\u00a0missions\u00a0\u00bb \u00e0 son actif. Sauf que cette fois-ci, on lui donne deux ordres\u00a0: d\u00e9zinguer le grand ordonnateur des massacres, et se laisser arr\u00eater\u00a0! En effet, son proc\u00e8s fait partie du plan, afin de propulser le g\u00e9nocide arm\u00e9nien au centre de l\u2019actualit\u00e9.<\/p>\n<p>Un plan minutieusement pr\u00e9par\u00e9 depuis 1918, de la lev\u00e9e des fonds dans la diaspora arm\u00e9nienne au recrutement du commando\u00a0 et au proc\u00e8s de Tehlirian lui-m\u00eame\u00a0: n\u2019a-t-il pas \u00e9t\u00e9 choisi, entre autres qualit\u00e9s, parce qu\u2019il \u00e9tait protestant \u2013 d\u00e9tail susceptible d\u2019influencer favorablement le jury berlinois\u00a0?<\/p>\n<p>L\u2019op\u00e9ration Vengeance est un plein succ\u00e8s\u00a0: des ex\u00e9cutions sans bavures, le principal tueur acquitt\u00e9, et une cause dont on n\u2019a pas fini de parler\u2026 Pr\u00e9sent au proc\u00e8s, un jeune juriste polonais, Rapha\u00ebl Lemkin, s\u2019indigne\u00a0: \u00ab\u00a0<em>On juge un homme qui en a tu\u00e9 un autre, mais on avait laiss\u00e9 en libert\u00e9 un homme qui en avait tu\u00e9 un million\u00a0!\u00a0<\/em>\u00bb C\u2019est \u00e0 la suite de cette exp\u00e9rience qu\u2019il forgera le mot de \u00ab\u00a0g\u00e9nocide\u00a0\u00bb, utilis\u00e9 par la suite au proc\u00e8s de N\u00fcremberg.<\/p>\n<p>En conclusion, le documentaire retrace les grandes \u00e9tapes de la radicalisation des Jeunes-Turcs \u00a0&#8211; depuis leur prise du pouvoir en 1908, salu\u00e9e par Jaur\u00e8s en personne, jusqu\u2019\u00e0 la d\u00e9portation des Arm\u00e9niens \u00ab\u00a0<em>pour des raisons de s\u00e9curit\u00e9\u00a0<\/em>\u00bb en 1914 et leur extermination d\u00e8s l\u2019ann\u00e9e suivante. En quinze mois, ce sont 1,2 millions d\u2019hommes, de femmes et d\u2019enfants, soit les deux tiers des Arm\u00e9niens de l\u2019empire, qui seront ainsi syst\u00e9matiquement massacr\u00e9s.<\/p>\n<p>Quant \u00e0 cette extraordinaire op\u00e9ration commando, on s\u2019\u00e9tonne qu\u2019en quatre-vingt dix ans le cin\u00e9ma ne s\u2019en soit jamais empar\u00e9. Complot, vengeance, assassinats cibl\u00e9s et proc\u00e8s \u00e0 rebondissements, le tout sur fond de g\u00e9nocide m\u00e9connu\u00a0: il y a l\u00e0 mati\u00e8re \u00e0 un thriller\u00a0 politique passionnant \u2013 et vrai, ce qui ne g\u00e2te rien.<\/p>\n<p>Une fois de temps en temps, \u00e7a changerait des pignolades sanguinolentes \u00e0 la Tarantino, comme ce grotesque <em>Inglorious Basterds<\/em> o\u00f9 Brad Pitt assassine Hitler et son \u00e9tat-major dans un cin\u00e9 parisien\u2026<\/p>\n<p>[Publi\u00e9 dans <em>Valeurs Actuelles<\/em>]<\/p>\n","protected":false},"excerpt":{"rendered":"<p>\u00ab\u00a0Op\u00e9ration N\u00e9m\u00e9sis\u00a0\u00bb\u00a0: en 1920, de jeunes Arm\u00e9niens entreprennent d\u2019\u00e9liminer un \u00e0 un leurs bourreaux en chefs\u2026 \u00ab La Vengeance des Arm\u00e9niens\u00a0\u00bb. Sous ce titre de polar, le documentariste Bernard George racontait, l\u2019autre mardi sur France 3, une histoire aussi extraordinaire que m\u00e9connue\u00a0: l\u2019\u00ab\u00a0op\u00e9ration N\u00e9m\u00e9sis.\u00a0\u00bb Entre 1920 et 1922, une organisation clandestine arm\u00e9nienne a ex\u00e9cut\u00e9 m\u00e9thodiquement [&hellip;]<\/p>\n","protected":false},"author":9,"featured_media":0,"comment_status":"open","ping_status":"open","sticky":false,"template":"","format":"standard","meta":{"footnotes":""},"categories":[1],"tags":[711],"class_list":{"0":"post-2203","1":"post","2":"type-post","3":"status-publish","4":"format-standard","6":"category-non-classe","7":"tag-genocide-armenien"},"_links":{"self":[{"href":"https:\/\/blog.causeur.fr\/asiledeblog\/wp-json\/wp\/v2\/posts\/2203","targetHints":{"allow":["GET"]}}],"collection":[{"href":"https:\/\/blog.causeur.fr\/asiledeblog\/wp-json\/wp\/v2\/posts"}],"about":[{"href":"https:\/\/blog.causeur.fr\/asiledeblog\/wp-json\/wp\/v2\/types\/post"}],"author":[{"embeddable":true,"href":"https:\/\/blog.causeur.fr\/asiledeblog\/wp-json\/wp\/v2\/users\/9"}],"replies":[{"embeddable":true,"href":"https:\/\/blog.causeur.fr\/asiledeblog\/wp-json\/wp\/v2\/comments?post=2203"}],"version-history":[{"count":0,"href":"https:\/\/blog.causeur.fr\/asiledeblog\/wp-json\/wp\/v2\/posts\/2203\/revisions"}],"wp:attachment":[{"href":"https:\/\/blog.causeur.fr\/asiledeblog\/wp-json\/wp\/v2\/media?parent=2203"}],"wp:term":[{"taxonomy":"category","embeddable":true,"href":"https:\/\/blog.causeur.fr\/asiledeblog\/wp-json\/wp\/v2\/categories?post=2203"},{"taxonomy":"post_tag","embeddable":true,"href":"https:\/\/blog.causeur.fr\/asiledeblog\/wp-json\/wp\/v2\/tags?post=2203"}],"curies":[{"name":"wp","href":"https:\/\/api.w.org\/{rel}","templated":true}]}}