{"id":2205,"date":"2015-05-18T08:22:58","date_gmt":"2015-05-18T08:22:58","guid":{"rendered":"http:\/\/blog.causeur.fr\/asiledeblog\/?p=2205"},"modified":"2021-04-26T12:57:02","modified_gmt":"2021-04-26T10:57:02","slug":"le-penseur-et-le-censeur","status":"publish","type":"post","link":"https:\/\/blog.causeur.fr\/asiledeblog\/le-penseur-et-le-censeur-2205","title":{"rendered":"Le penseur et le censeur"},"content":{"rendered":"<p style=\"text-align: left\" align=\"center\"><strong>Plut\u00f4t que de pr\u00e9tendre\u00a0arbitrer le d\u00e9bat intellectuel, Emmanuel Todd sugg\u00e8re \u00e0 Valls de gouverner\u2026<\/strong><\/p>\n<p><a href=\"http:\/\/blog.causeur.fr\/asiledeblog\/le-penseur-et-le-censeur-002205.html\/bourdin_todd_bfmtv\" rel=\"attachment wp-att-2206\"><img loading=\"lazy\" decoding=\"async\" class=\"alignleft size-medium wp-image-2206\" src=\"http:\/\/blog.causeur.fr\/asiledeblog\/files\/2015\/05\/bourdin_todd_bfmtv-300x169.jpg\" alt=\"\" width=\"300\" height=\"169\" srcset=\"https:\/\/blog.causeur.fr\/asiledeblog\/wp-content\/uploads\/sites\/10\/2015\/05\/bourdin_todd_bfmtv-300x169.jpg 300w, https:\/\/blog.causeur.fr\/asiledeblog\/wp-content\/uploads\/sites\/10\/2015\/05\/bourdin_todd_bfmtv.jpg 638w\" sizes=\"auto, (max-width: 300px) 100vw, 300px\" \/><\/a>Avec son dernier essai <em>Qui est Charlie\u00a0?<\/em> (Seuil), l\u2019incontr\u00f4lable Emmanuel Todd peut se vanter d\u2019avoir donn\u00e9 un fameux coup de pied dans la fourmili\u00e8re de la gauche pensante \u2013 dont il se revendique par ailleurs. Ing\u00e9rable, on vous dit\u00a0!<!--more--><\/p>\n<p>Il faut dire aussi qu\u2019il a \u00e9t\u00e9 puissamment aid\u00e9, dans cette t\u00e2che, par Matignon. Le premier ministre en personne s\u2019est fendu d\u2019une tribune dans <em>Le Monde<\/em> pour traiter Todd, entre autres amabilit\u00e9s, de \u00ab\u00a0<em>d\u00e9cliniste<\/em>\u00a0\u00bb et de \u00ab\u00a0<em>cynique<\/em>\u00a0\u00bb faisant, comme il se doit, \u00ab\u00a0<em>le jeu des populismes et des extr\u00eames<\/em>\u00a0\u00bb.<\/p>\n<p>Jeudi dernier, le quotidien du couchant consacrait m\u00eame \u00e0 l\u2019\u00e9v\u00e9nement cinq colonnes \u00e0 la une et trois pleines pages, dont le coup de col\u00e8re des \u00ab\u00a0n\u00e8gres\u00a0\u00bb de Valls.<\/p>\n<p>Le lendemain, Emmanuel Todd est l\u2019invit\u00e9 de Jean-Jacques Bourdin sur BFMTV pour r\u00e9pondre \u00e0 ce coup bas venu de haut. Dans leur \u00e9change, chacun se montre \u00e0 la hauteur de sa r\u00e9putation. Bourdin,\u00a0<em>journaliste scoopier<\/em> comme il est des chiens truffiers, ne l\u00e2che jamais son invit\u00e9 avant d\u2019avoir flair\u00e9 et d\u00e9nich\u00e9 le scoop qu\u2019il cherchait. \u00c7a ne marche pas toujours, mais Todd est quand m\u00eame un meilleur client que, disons, Xavier Bertrand.<\/p>\n<p>Impr\u00e9visible comme toujours, Emmanuel\u00a0! Ce matin il est venu presque coiff\u00e9, avec des lunettes et des chiffres, ce qui ne laisse pas d\u2019inqui\u00e9ter Jean-Jacques\u00a0; pour chauffer son client, il va donc falloir d\u2019abord lui parler un peu du fond. Mais la maison Bourdin ne recule devant aucun sacrifice\u2026<\/p>\n<p>Sur le fond, justement, Todd s\u2019\u00e9tait fait remarquer il y a d\u00e9j\u00e0 quarante ans avec <em>La Chute finale<\/em> (1976). Il y annon\u00e7ait avant tout le monde \u2013 et sur des bases un peu plus s\u00e9rieuses que Mme Carr\u00e8re d\u2019Encausse deux ans plus tard \u2013 l\u2019effondrement de l\u2019Empire sovi\u00e9tique. Le revers de ces analyses visionnaires, c\u2019est une certaine inadaptation au r\u00e9el qui, parfois, conduit l\u2019ami Todd \u00e0 se contredire\u00a0:\u00a0non \u00e0 Maastricht,\u00a0puis oui \u00e0 la Constitution europ\u00e9enne, puis re-zut \u00e0 l\u2019euro. Il faut suivre\u2026<\/p>\n<p>Ce matin, en tout cas, Emmanuel aurait bien aim\u00e9 d\u00e9velopper sereinement sa th\u00e8se \u00e0 lui, dans toute sa complexit\u00e9. L\u2019\u00a0\u00ab\u00a0<em>esprit du 11-janvier\u00a0<\/em>\u00bb, commence-t-il d\u2019expliquer, n\u2019est pas ce qu\u2019il croit \u00eatre, et les manifestants se sont tromp\u00e9s d\u2019erreur, y compris sur eux-m\u00eames\u2026<\/p>\n<p>Au bout d\u2019un moment, son h\u00f4te se voit contraint de le rappeler au r\u00e8glement. Ce qu\u2019il veut, lui, c\u2019est du scoop et si possible \u00ab\u00a0<em>du sang\u00a0<\/em>\u00bb, comme dans les rixes de cours de r\u00e9cr\u00e9. Alors, \u00e0 coups de citations assassines de Manuel, il va titiller Emmanuel, qui ne se fait pas prier pour r\u00e9pondre. Notre chercheur cherche aussi la bagarre\u00a0!<\/p>\n<p>\u00ab\u00a0<em>Le premier ministre vous accuse d\u2019imposture intellectuelle<\/em>, attaque Bourdin\u00a0; <em>\u00e0 se yeux, le 11-janvier ne fut qu\u2019un \u00ab\u00a0cri lanc\u00e9, dans la dignit\u00e9, pour la tol\u00e9rance et la la\u00efcit\u00e9\u00a0\u00bb.\u00a0Que r\u00e9pondez-vous \u00e0 cela\u00a0?\u00a0<\/em>\u00bb<\/p>\n<p>\u00ab\u00a0<em>D\u2019abord, <\/em>dit Todd<em>, le premier ministre ferait mieux de gouverner\u00a0! Quand on est \u00e0 10 % de ch\u00f4mage, on ne perd pas son temps \u00e0 faire faire des notes sur des livres (\u2026) Soit Manuel Valls n\u2019a pas lu le mien, soit il est vraiment b\u00eate\u00a0! Les deux ne s\u2019excluent pas, d\u2019ailleurs\u00a0!\u00a0<\/em>\u00bb<\/p>\n<p>\u00ab\u00a0<em>B\u00eate<\/em>\u00a0\u00bb, Valls\u00a0? Quelle co\u00efncidence\u00a0! Il y a deux mois \u00e0 peine, Michel Onfray le traitait d\u00e9j\u00e0 de \u00ab\u00a0<em>cr\u00e9tin<\/em>\u00a0\u00bb\u2026 Il faut dire que notre premier ministre s\u2019est autoproclam\u00e9 arbitre de la vie intellectuelle fran\u00e7aise\u00a0! Avant Todd et Onfray, il avait d\u00e9j\u00e0 \u00ab\u00a0mis \u00e0 l\u2019index\u00a0\u00bb Zemmour et Houellebecq\u2026<\/p>\n<p>\u00ab\u00a0<em>Selon le premier Ministre<\/em>, reprend d\u2019ailleurs Bourdin \u00e0 l\u2019adresse de Todd, \u00ab\u00a0<em>vos th\u00e8ses\u00a0participent du cynisme ambiant, de la part d\u2019intellectuels qui ne croient plus en la France<\/em>\u00a0\u00bb\u2026<\/p>\n<p>\u00ab\u00a0<em>Pour moi<\/em>, r\u00e9plique Todd, <em>l\u2019optimisme de Manuel Valls, c\u2019est l\u2019optimisme du mar\u00e9chal P\u00e9tain\u00a0!\u00a0<\/em>\u00bb L\u2019intervieweur-star\u00a0jubile\u00a0: il tient enfin sa \u00ab\u00a0petite phrase\u00a0\u00bb\u2026 Quant \u00e0 moi, ce n\u2019est pas de ma faute si on m\u2019a confi\u00e9 la chronique t\u00e9l\u00e9.<\/p>\n<p>[Publi\u00e9 dans <em>Valeurs Actuelles<\/em>]<\/p>\n","protected":false},"excerpt":{"rendered":"<p>Plut\u00f4t que de pr\u00e9tendre\u00a0arbitrer le d\u00e9bat intellectuel, Emmanuel Todd sugg\u00e8re \u00e0 Valls de gouverner\u2026 Avec son dernier essai Qui est Charlie\u00a0? (Seuil), l\u2019incontr\u00f4lable Emmanuel Todd peut se vanter d\u2019avoir donn\u00e9 un fameux coup de pied dans la fourmili\u00e8re de la gauche pensante \u2013 dont il se revendique par ailleurs. Ing\u00e9rable, on vous dit\u00a0!<\/p>\n","protected":false},"author":9,"featured_media":0,"comment_status":"open","ping_status":"open","sticky":false,"template":"","format":"standard","meta":{"footnotes":""},"categories":[1],"tags":[260,503],"class_list":{"0":"post-2205","1":"post","2":"type-post","3":"status-publish","4":"format-standard","6":"category-non-classe","7":"tag-emmanuel-todd","8":"tag-manuel-valls"},"_links":{"self":[{"href":"https:\/\/blog.causeur.fr\/asiledeblog\/wp-json\/wp\/v2\/posts\/2205","targetHints":{"allow":["GET"]}}],"collection":[{"href":"https:\/\/blog.causeur.fr\/asiledeblog\/wp-json\/wp\/v2\/posts"}],"about":[{"href":"https:\/\/blog.causeur.fr\/asiledeblog\/wp-json\/wp\/v2\/types\/post"}],"author":[{"embeddable":true,"href":"https:\/\/blog.causeur.fr\/asiledeblog\/wp-json\/wp\/v2\/users\/9"}],"replies":[{"embeddable":true,"href":"https:\/\/blog.causeur.fr\/asiledeblog\/wp-json\/wp\/v2\/comments?post=2205"}],"version-history":[{"count":0,"href":"https:\/\/blog.causeur.fr\/asiledeblog\/wp-json\/wp\/v2\/posts\/2205\/revisions"}],"wp:attachment":[{"href":"https:\/\/blog.causeur.fr\/asiledeblog\/wp-json\/wp\/v2\/media?parent=2205"}],"wp:term":[{"taxonomy":"category","embeddable":true,"href":"https:\/\/blog.causeur.fr\/asiledeblog\/wp-json\/wp\/v2\/categories?post=2205"},{"taxonomy":"post_tag","embeddable":true,"href":"https:\/\/blog.causeur.fr\/asiledeblog\/wp-json\/wp\/v2\/tags?post=2205"}],"curies":[{"name":"wp","href":"https:\/\/api.w.org\/{rel}","templated":true}]}}